{"id":613394,"date":"2025-05-03T00:50:18","date_gmt":"2025-05-03T04:50:18","guid":{"rendered":"https:\/\/diariodominicano.com\/?p=613394"},"modified":"2025-05-03T01:22:28","modified_gmt":"2025-05-03T05:22:28","slug":"cncp-pide-que-tarjeta-superate-retorne-a-su-proposito-original-y-sea-usada-en-colmados-y-pequenos-negocios","status":"publish","type":"post","link":"https:\/\/diariodominicano.com\/?p=613394","title":{"rendered":"Consejo Nacional del Comercio en Provisiones  pide que tarjeta Sup\u00e9rate retorne a su prop\u00f3sito original y sea usada en colmados y peque\u00f1os negocios"},"content":{"rendered":"\n<p><strong>Realizan el pre lanzamiento de Expo Provisiones 2025<\/strong><\/p>\n\n\n\n<p><strong>San Pedro de Macor\u00eds, Rep\u00fablica Dominicana \u2013 El Consejo Nacional del Comercio en Provisiones (CNCP) abord\u00f3 la preocupaci\u00f3n del gremio respecto a la implementaci\u00f3n del programa Sup\u00e9rate, abogando para que las tarjetas de esta asistencia social se utilicen preferentemente en los colmados y peque\u00f1os negocios de barrio, \u00abno en los grandes supermercados\u00bb.<\/strong><\/p>\n\n\n\n<p><strong>Alberto Leroux, presidente del CNCP, argument\u00f3 que el gasto de esta ayuda social en los colmados dinamiza la econom\u00eda local, genera empleo y fortalece el comercio en las comunidades donde m\u00e1s se necesita.<\/strong><\/p>\n\n\n\n<p><strong>\u00abNo tiene sentido que una familia deba pasar frente a varios colmados para redimir su ayuda en una gran cadena. Esto debilita al comerciante local y distorsiona el objetivo del programa,\u00bb enfatiz\u00f3.<\/strong><\/p>\n\n\n\n<p><strong>El CNCP hizo un llamado al gobierno para que la tarjeta Sup\u00e9rate retorne a su prop\u00f3sito original: ser un apoyo tanto para las familias vulnerables como para los peque\u00f1os comerciantes.<\/strong><\/p>\n\n\n\n<p><strong>Si bien reconocieron la existencia de casos de fraude, insistieron en la necesidad de implementar mecanismos de control transparentes sin perjudicar a todo un sector esencial para la econom\u00eda y el bienestar de las comunidades.<\/strong><\/p>\n\n\n\n<p><strong>Leroux resalt\u00f3 el papel fundamental de los colmados como la primera l\u00ednea de defensa contra el desabastecimiento, su cercan\u00eda con los clientes y su contribuci\u00f3n a m\u00e1s del 80% de la distribuci\u00f3n de alimentos en el pa\u00eds.<\/strong><\/p>\n\n\n\n<p><strong>&#8216;No pedimos privilegios, pedimos justicia, reglas claras, un sistema seguro y pol\u00edticas p\u00fablicas inclusiva\u00bb, indic\u00f3.<\/strong><\/p>\n\n\n\n<p><strong>*Anuncian Expo Provisiones 2025&#8243;<\/strong><\/p>\n\n\n\n<p><strong>El CNCP realiz\u00f3 en San Pedro de Macor\u00eds el prelanzamiento de su esperada feria nacional, Expo Provisiones 2025. El evento, que se llevar\u00e1 a cabo del 29 de mayo al 1ro de junio en la Plaza Sambil, se celebrar\u00e1 bajo el lema: \u201cUni\u00f3n del Comercio y la Industria por el desarrollo nacional.\u201d<\/strong><\/p>\n\n\n\n<p><strong>Leroux encabez\u00f3 el acto y expres\u00f3 su honor de estar en San Pedro de Macor\u00eds, destacando la tradici\u00f3n comercial y el esp\u00edritu trabajador de la regi\u00f3n.<\/strong><\/p>\n\n\n\n<p><strong>Subray\u00f3 que Expo Provisiones 2025 ser\u00e1 m\u00e1s que una feria, consolid\u00e1ndose como un espacio estrat\u00e9gico de alianza para todos los actores de la cadena de abastecimiento nacional.<\/strong><\/p>\n\n\n\n<p><strong>La edici\u00f3n de este a\u00f1o contar\u00e1 con la participaci\u00f3n especial de la Rep\u00fablica de la India como pa\u00eds invitado y rendir\u00e1 homenaje a la empresa AJFA, reconociendo la trayectoria y calidad de sus emblem\u00e1ticas marcas Chocolate Munn\u00e9 y Caf\u00e9 Borbone.<\/strong><\/p>\n\n\n\n<p><strong>Expo Provisiones 2025 se presenta como el escenario clave para seguir impulsando la formalizaci\u00f3n, la digitalizaci\u00f3n y la articulaci\u00f3n del comercio tradicional, demostrando su valor y exigiendo el respeto y la participaci\u00f3n que merece.<\/strong><\/p>\n\n\n\n<p><strong>La actividad cont\u00f3 la participaci\u00f3n de representantes de las principales asociaciones de comerciantes de la regi\u00f3n Este, as\u00ed como de funcionarios del gobierno, medios de comunicaci\u00f3n y representantes de otras instituciones relacionadas con el sector.<\/strong><\/p>\n\n\n\n<p><strong>Sobre el CNCP<\/strong><\/p>\n\n\n\n<p><strong>El Consejo Nacional de Comercio de Provisiones (CNCP) es una instituci\u00f3n sin fines de lucro que agrupa a los principales actores del comercio de provisiones de la Rep\u00fablica Dominicana. Su objetivo es defender los intereses del sector y promover su desarrollo.<\/strong><\/p>\n\n\n\n<p><strong>Nelson Feliz atentord.com@gmail.com<\/strong><\/p>\n","protected":false},"excerpt":{"rendered":"<p>Realizan el pre lanzamiento de Expo Provisiones 2025 San Pedro de Macor\u00eds, Rep\u00fablica Dominicana \u2013 El Consejo Nacional del Comercio en Provisiones (CNCP) abord\u00f3 la preocupaci\u00f3n del gremio respecto a la implementaci\u00f3n del programa Sup\u00e9rate, abogando para que las tarjetas de esta asistencia social se utilicen preferentemente en los colmados y peque\u00f1os negocios de barrio, [&hellip;]<\/p>\n","protected":false},"author":7,"featured_media":613412,"comment_status":"closed","ping_status":"closed","sticky":false,"template":"","format":"standard","meta":{"footnotes":""},"categories":[36,18,27],"tags":[2404,388],"class_list":["post-613394","post","type-post","status-publish","format-standard","has-post-thumbnail","hentry","category-hombresmujeresycosas","category-economia","category-portada","tag-cncp","tag-superate"],"_links":{"self":[{"href":"https:\/\/diariodominicano.com\/index.php?rest_route=\/wp\/v2\/posts\/613394","targetHints":{"allow":["GET"]}}],"collection":[{"href":"https:\/\/diariodominicano.com\/index.php?rest_route=\/wp\/v2\/posts"}],"about":[{"href":"https:\/\/diariodominicano.com\/index.php?rest_route=\/wp\/v2\/types\/post"}],"author":[{"embeddable":true,"href":"https:\/\/diariodominicano.com\/index.php?rest_route=\/wp\/v2\/users\/7"}],"replies":[{"embeddable":true,"href":"https:\/\/diariodominicano.com\/index.php?rest_route=%2Fwp%2Fv2%2Fcomments&post=613394"}],"version-history":[{"count":2,"href":"https:\/\/diariodominicano.com\/index.php?rest_route=\/wp\/v2\/posts\/613394\/revisions"}],"predecessor-version":[{"id":613431,"href":"https:\/\/diariodominicano.com\/index.php?rest_route=\/wp\/v2\/posts\/613394\/revisions\/613431"}],"wp:featuredmedia":[{"embeddable":true,"href":"https:\/\/diariodominicano.com\/index.php?rest_route=\/wp\/v2\/media\/613412"}],"wp:attachment":[{"href":"https:\/\/diariodominicano.com\/index.php?rest_route=%2Fwp%2Fv2%2Fmedia&parent=613394"}],"wp:term":[{"taxonomy":"category","embeddable":true,"href":"https:\/\/diariodominicano.com\/index.php?rest_route=%2Fwp%2Fv2%2Fcategories&post=613394"},{"taxonomy":"post_tag","embeddable":true,"href":"https:\/\/diariodominicano.com\/index.php?rest_route=%2Fwp%2Fv2%2Ftags&post=613394"}],"curies":[{"name":"wp","href":"https:\/\/api.w.org\/{rel}","templated":true}]}}