{"id":613345,"date":"2025-05-02T22:03:59","date_gmt":"2025-05-03T02:03:59","guid":{"rendered":"https:\/\/diariodominicano.com\/?p=613345"},"modified":"2025-05-02T22:04:01","modified_gmt":"2025-05-03T02:04:01","slug":"siuben-y-unicef-impulsan-la-toma-de-decisiones-basadas-en-datos-para-mejorar-la-vida-de-los-ninos-y-adolescentes-vulnerables-en-republica-dominicana","status":"publish","type":"post","link":"https:\/\/diariodominicano.com\/?p=613345","title":{"rendered":"SIUBEN y UNICEF impulsan la toma de decisiones basadas en datos para mejorar la vida de los ni\u00f1os y adolescentes vulnerables en Rep\u00fablica Dominicana"},"content":{"rendered":"\n<p><em>Con datos de calidad, buscan impulsar decisiones m\u00e1s efectivas en favor de la poblaci\u00f3n con mayores vulnerabilidades, especialmente la infancia y adolescencia en el pa\u00eds<\/em><\/p>\n\n\n\n<p><strong>SANTO DOMINGO, REP\u00daBLICA DOMINICANA, VIERNES 2 DE MAYO DE 2025.-&nbsp;<\/strong>El Sistema \u00danico de Beneficiarios (SIUBEN), en colaboraci\u00f3n con el Fondo de las Naciones Unidas para la Infancia (UNICEF), realiz\u00f3 una jornada titulada el \u00abRol del SIUBEN en la pol\u00edtica p\u00fablica: metodolog\u00eda, \u00edndices y datos para la toma de decisiones\u00bb, con el objetivo de fortalecer el uso de datos en la formulaci\u00f3n de estrategias estatales.<\/p>\n\n\n\n<figure class=\"wp-block-image size-large\"><img loading=\"lazy\" decoding=\"async\" width=\"1024\" height=\"683\" src=\"https:\/\/diariodominicano.com\/wp-content\/uploads\/2025\/05\/Anyoli-Sanabria-y-Augusto-de-los-Santos-1024x683.jpg\" alt=\"\" class=\"wp-image-613377\" srcset=\"https:\/\/diariodominicano.com\/wp-content\/uploads\/2025\/05\/Anyoli-Sanabria-y-Augusto-de-los-Santos-1024x683.jpg 1024w, https:\/\/diariodominicano.com\/wp-content\/uploads\/2025\/05\/Anyoli-Sanabria-y-Augusto-de-los-Santos-300x200.jpg 300w, https:\/\/diariodominicano.com\/wp-content\/uploads\/2025\/05\/Anyoli-Sanabria-y-Augusto-de-los-Santos-768x512.jpg 768w, https:\/\/diariodominicano.com\/wp-content\/uploads\/2025\/05\/Anyoli-Sanabria-y-Augusto-de-los-Santos-1536x1024.jpg 1536w, https:\/\/diariodominicano.com\/wp-content\/uploads\/2025\/05\/Anyoli-Sanabria-y-Augusto-de-los-Santos-816x544.jpg 816w, https:\/\/diariodominicano.com\/wp-content\/uploads\/2025\/05\/Anyoli-Sanabria-y-Augusto-de-los-Santos.jpg 1935w\" sizes=\"auto, (max-width: 1024px) 100vw, 1024px\" \/><figcaption class=\"wp-element-caption\">Anyoli Sanabria y Augusto de los Santos <\/figcaption><\/figure>\n\n\n\n<p>\u00abContar con datos oportunos y de calidad no s\u00f3lo fortalece las decisiones gubernamentales, sino que permite que los ni\u00f1os, ni\u00f1as y adolescentes en situaciones de vulnerabilidad tengan mejores oportunidades de vida. En UNICEF creemos firmemente que invertir en la infancia comienza con destinar esfuerzos y recursos en estrategias basadas en evidencia\u201d, dijo Anyoli Sanabria, representante adjunta de UNICEF en el pa\u00eds.<\/p>\n\n\n\n<p>El SIUBEN, como organismo clave en la identificaci\u00f3n y la clasificaci\u00f3n de las condiciones de vulnerabilidad a trav\u00e9s de \u00edndices como el \u00cdndice de Calidad de Vida (ICV) y el \u00cdndice de Vulnerabilidad ante Choques Clim\u00e1ticos (IVACC), pone a disposici\u00f3n datos estrat\u00e9gicos para orientar intervenciones sociales de forma focalizada y efectiva.<\/p>\n\n\n\n<p>De su lado, Augusto de los Santos, director general de SIUBEN, resalt\u00f3 la importancia de la colaboraci\u00f3n interinstitucional: \u00abNuestra misi\u00f3n es garantizar que los datos lleguen a quienes los necesitan para transformar la realidad social de la naci\u00f3n dominicana. La transparencia, calidad y accesibilidad de los datos son fundamentales para dise\u00f1ar pol\u00edticas p\u00fablicas m\u00e1s inclusivas y efectivas\u00bb.<\/p>\n\n\n\n<p>&nbsp;Durante la jornada, se presentaron las principales herramientas de recolecci\u00f3n y de an\u00e1lisis de datos, as\u00ed como un panel que fue abordado por Annalisa Staffa, directora de An\u00e1lisis de Informaci\u00f3n Socioecon\u00f3mica e Inteligencia de Datos del SIUBEN y por los expertos Ram\u00f3n de Jes\u00fas, Wesfalia P\u00e9rez, as\u00ed como Felipe D\u00edaz (oficial de Evaluaci\u00f3n, Generaci\u00f3n de Evidencias, Monitoreo y Gesti\u00f3n de Conocimientos de UNICEF), quienes compartieron experiencias pr\u00e1cticas del uso de la informaci\u00f3n disponible en el SIUBEN para el desarrollo de proyectos sociales, en \u00e1reas tan diversas como energ\u00eda renovable, vivienda y ni\u00f1ez e infancia.&nbsp; La mencionada actividad conjunta reuni\u00f3 a funcionarios de gobierno, acad\u00e9micos, organizaciones de la sociedad civil y socios de la cooperaci\u00f3n internacional.&nbsp;<\/p>\n\n\n\n<p>La conferencia forma parte del esfuerzo de UNICEF a trav\u00e9s de su iniciativa \u00abLos Datos Cuentan\u00bb, que busca promover el uso de los datos estad\u00edsticos como un elemento esencial en la formulaci\u00f3n de pol\u00edticas p\u00fablicas y de acciones sociales. Esta iniciativa tiene como prop\u00f3sito resaltar la importancia de generar, analizar y utilizar datos de calidad para fundamentar decisiones que impacten positivamente en el bienestar de la poblaci\u00f3n, especialmente en la infancia. As\u00ed, se busca fortalecer la inversi\u00f3n en ni\u00f1ez a trav\u00e9s de pol\u00edticas basadas en evidencia, contribuyendo al desarrollo sostenible y a la construcci\u00f3n de una sociedad m\u00e1s equitativa.<\/p>\n\n\n\n<p>Arlene Reyes <a href=\"mailto:arlene.reyes@gmail.com\">arlene.reyes@gmail.com<\/a> <\/p>\n","protected":false},"excerpt":{"rendered":"<p>Con datos de calidad, buscan impulsar decisiones m\u00e1s efectivas en favor de la poblaci\u00f3n con mayores vulnerabilidades, especialmente la infancia y adolescencia en el pa\u00eds SANTO DOMINGO, REP\u00daBLICA DOMINICANA, VIERNES 2 DE MAYO DE 2025.-&nbsp;El Sistema \u00danico de Beneficiarios (SIUBEN), en colaboraci\u00f3n con el Fondo de las Naciones Unidas para la Infancia (UNICEF), realiz\u00f3 una [&hellip;]<\/p>\n","protected":false},"author":7,"featured_media":613378,"comment_status":"closed","ping_status":"closed","sticky":false,"template":"","format":"standard","meta":{"footnotes":""},"categories":[36],"tags":[1060,407],"class_list":["post-613345","post","type-post","status-publish","format-standard","has-post-thumbnail","hentry","category-hombresmujeresycosas","tag-siuben","tag-unicef"],"_links":{"self":[{"href":"https:\/\/diariodominicano.com\/index.php?rest_route=\/wp\/v2\/posts\/613345","targetHints":{"allow":["GET"]}}],"collection":[{"href":"https:\/\/diariodominicano.com\/index.php?rest_route=\/wp\/v2\/posts"}],"about":[{"href":"https:\/\/diariodominicano.com\/index.php?rest_route=\/wp\/v2\/types\/post"}],"author":[{"embeddable":true,"href":"https:\/\/diariodominicano.com\/index.php?rest_route=\/wp\/v2\/users\/7"}],"replies":[{"embeddable":true,"href":"https:\/\/diariodominicano.com\/index.php?rest_route=%2Fwp%2Fv2%2Fcomments&post=613345"}],"version-history":[{"count":1,"href":"https:\/\/diariodominicano.com\/index.php?rest_route=\/wp\/v2\/posts\/613345\/revisions"}],"predecessor-version":[{"id":613382,"href":"https:\/\/diariodominicano.com\/index.php?rest_route=\/wp\/v2\/posts\/613345\/revisions\/613382"}],"wp:featuredmedia":[{"embeddable":true,"href":"https:\/\/diariodominicano.com\/index.php?rest_route=\/wp\/v2\/media\/613378"}],"wp:attachment":[{"href":"https:\/\/diariodominicano.com\/index.php?rest_route=%2Fwp%2Fv2%2Fmedia&parent=613345"}],"wp:term":[{"taxonomy":"category","embeddable":true,"href":"https:\/\/diariodominicano.com\/index.php?rest_route=%2Fwp%2Fv2%2Fcategories&post=613345"},{"taxonomy":"post_tag","embeddable":true,"href":"https:\/\/diariodominicano.com\/index.php?rest_route=%2Fwp%2Fv2%2Ftags&post=613345"}],"curies":[{"name":"wp","href":"https:\/\/api.w.org\/{rel}","templated":true}]}}