{"id":613134,"date":"2025-05-02T00:37:06","date_gmt":"2025-05-02T04:37:06","guid":{"rendered":"https:\/\/diariodominicano.com\/?p=613134"},"modified":"2025-05-02T00:37:10","modified_gmt":"2025-05-02T04:37:10","slug":"defensa-civil-juramenta-a-ramon-liriano-nunez-como-nuevo-director-provincial-en-samana","status":"publish","type":"post","link":"https:\/\/diariodominicano.com\/?p=613134","title":{"rendered":"Defensa Civil juramenta a Ram\u00f3n Liriano N\u00fa\u00f1ez como nuevo director provincial en Saman\u00e1"},"content":{"rendered":"\n<p><strong>Saman\u00e1.-<\/strong>&nbsp; El director ejecutivo de la Defensa Civil, Juan Salas, junto a la gobernadora de la provincia de esta provincia, Teodora Mullix Geraldino, encabez\u00f3 el acto de juramentaci\u00f3n del se\u00f1or, Ram\u00f3n Liriano N\u00fa\u00f1ez como nuevo director provincial del organismo de socorro, en sustituci\u00f3n del fenecido titular naranja, Francisco \u00c1lvarez.<\/p>\n\n\n\n<p>El acto se celebr\u00f3 en las instalaciones de la Gobernaci\u00f3n provincial, en un ambiente solemne y de compromiso institucional, en el que Salas destac\u00f3 la trayectoria y entrega del fenecido Francisco \u00c1lvarez, cuyo legado fue reconocido por las autoridades presentes, al tiempo de indicar que este compromiso se mantiene con el nuevo incumbente.<\/p>\n\n\n\n<p>Al ofrecer unas palabras, Salas expres\u00f3 su confianza en la capacidad de Liriano N\u00fa\u00f1ez para continuar fortaleciendo el trabajo preventivo y de respuesta en situaciones de emergencia en la provincia.<\/p>\n\n\n\n<p>\u201cLa Defensa Civil en Saman\u00e1 queda en buenas manos. Ram\u00f3n Liriano ha demostrado ser un servidor comprometido con su comunidad\u201d, destac\u00f3.<\/p>\n\n\n\n<p>Por su parte, la gobernadora provincial reafirm\u00f3 su apoyo a las labores de la Defensa Civil y valor\u00f3 la importancia de continuar una coordinaci\u00f3n efectiva entre todas las instituciones del Estado para salvaguardar la vida y los bienes de los ciudadanos, ante situaciones de emergencia.<\/p>\n\n\n\n<p>El nuevo representante naranja en la localidad tur\u00edstica agradeci\u00f3 la designaci\u00f3n y se comprometi\u00f3 a seguir trabajando con entrega y responsabilidad en beneficio de toda la poblaci\u00f3n samanense.<\/p>\n\n\n\n<p>La Defensa Civil reafirma su compromiso de mantener estructuras provinciales fortalecidas, unificadas y operativas para proteger vidas.<\/p>\n","protected":false},"excerpt":{"rendered":"<p>Saman\u00e1.-&nbsp; El director ejecutivo de la Defensa Civil, Juan Salas, junto a la gobernadora de la provincia de esta provincia, Teodora Mullix Geraldino, encabez\u00f3 el acto de juramentaci\u00f3n del se\u00f1or, Ram\u00f3n Liriano N\u00fa\u00f1ez como nuevo director provincial del organismo de socorro, en sustituci\u00f3n del fenecido titular naranja, Francisco \u00c1lvarez. El acto se celebr\u00f3 en las [&hellip;]<\/p>\n","protected":false},"author":7,"featured_media":613198,"comment_status":"closed","ping_status":"closed","sticky":false,"template":"","format":"standard","meta":{"footnotes":""},"categories":[20],"tags":[573],"class_list":["post-613134","post","type-post","status-publish","format-standard","has-post-thumbnail","hentry","category-dominicana-hoy","tag-defensa-civil"],"_links":{"self":[{"href":"https:\/\/diariodominicano.com\/index.php?rest_route=\/wp\/v2\/posts\/613134","targetHints":{"allow":["GET"]}}],"collection":[{"href":"https:\/\/diariodominicano.com\/index.php?rest_route=\/wp\/v2\/posts"}],"about":[{"href":"https:\/\/diariodominicano.com\/index.php?rest_route=\/wp\/v2\/types\/post"}],"author":[{"embeddable":true,"href":"https:\/\/diariodominicano.com\/index.php?rest_route=\/wp\/v2\/users\/7"}],"replies":[{"embeddable":true,"href":"https:\/\/diariodominicano.com\/index.php?rest_route=%2Fwp%2Fv2%2Fcomments&post=613134"}],"version-history":[{"count":1,"href":"https:\/\/diariodominicano.com\/index.php?rest_route=\/wp\/v2\/posts\/613134\/revisions"}],"predecessor-version":[{"id":613199,"href":"https:\/\/diariodominicano.com\/index.php?rest_route=\/wp\/v2\/posts\/613134\/revisions\/613199"}],"wp:featuredmedia":[{"embeddable":true,"href":"https:\/\/diariodominicano.com\/index.php?rest_route=\/wp\/v2\/media\/613198"}],"wp:attachment":[{"href":"https:\/\/diariodominicano.com\/index.php?rest_route=%2Fwp%2Fv2%2Fmedia&parent=613134"}],"wp:term":[{"taxonomy":"category","embeddable":true,"href":"https:\/\/diariodominicano.com\/index.php?rest_route=%2Fwp%2Fv2%2Fcategories&post=613134"},{"taxonomy":"post_tag","embeddable":true,"href":"https:\/\/diariodominicano.com\/index.php?rest_route=%2Fwp%2Fv2%2Ftags&post=613134"}],"curies":[{"name":"wp","href":"https:\/\/api.w.org\/{rel}","templated":true}]}}