{"id":613129,"date":"2025-05-01T22:33:03","date_gmt":"2025-05-02T02:33:03","guid":{"rendered":"https:\/\/diariodominicano.com\/?p=613129"},"modified":"2025-05-01T23:27:27","modified_gmt":"2025-05-02T03:27:27","slug":"rafael-santos-badia-reconoce-el-legado-de-los-lideres-sindicales","status":"publish","type":"post","link":"https:\/\/diariodominicano.com\/?p=613129","title":{"rendered":"Rafael Santos Bad\u00eda reconoce el legado de los l\u00edderes sindicales"},"content":{"rendered":"\n<p><strong><em>El evento reuni\u00f3 autoridades, sindicalistas y sociedad civil para rendir homenaje a los pioneros del movimiento obrero.<\/em><\/strong><\/p>\n\n\n\n<p>El director general del Instituto Nacional de Formaci\u00f3n T\u00e9cnico Profesional (INFOTEP), Rafael Santos Bad\u00eda, rindi\u00f3 homenaje a los hombres y mujeres que fundaron el movimiento sindical en la Rep\u00fablica Dominicana, destacando su valiosa labor en la defensa de los derechos laborales y la dignificaci\u00f3n del trabajo.<\/p>\n\n\n\n<p>\u201cHoy quiero honrar a los valerosos hombres y mujeres que formaron el movimiento sindical, quienes sentaron las bases para la defensa de los derechos de todos los trabajadores\u201d, expres\u00f3 Santos Bad\u00eda durante su participaci\u00f3n en la actividad conmemorativa por el D\u00eda Internacional de los Trabajadores.<\/p>\n\n\n\n<figure class=\"wp-block-image\"><img decoding=\"async\" src=\"https:\/\/diariodominicano.com\/wp-content\/uploads\/2025\/05\/Director-General-Rafael-Santos-Badia-2-682x1024.jpeg\" alt=\"\"\/><\/figure>\n\n\n\n<p>El acto fue organizado por la Confederaci\u00f3n Nacional de Trabajadores de la Unidad Sindical (CNTD), junto a la Confederaci\u00f3n Nacional de Unidad Sindical (CNUS) y la Confederaci\u00f3n Aut\u00f3noma Sindical Clasista (CASC). Reuni\u00f3 a representantes del sector sindical, autoridades gubernamentales y miembros de la sociedad civil, en un espacio de reconocimiento y reflexi\u00f3n sobre los logros alcanzados y los desaf\u00edos pendientes del movimiento obrero.<\/p>\n\n\n\n<figure class=\"wp-block-image\"><img decoding=\"async\" src=\"https:\/\/diariodominicano.com\/wp-content\/uploads\/2025\/05\/Rafael-Santos-Badia-se-dirige-a-los-presentes-1024x768.jpeg\" alt=\"\"\/><\/figure>\n\n\n\n<p>Durante su intervenci\u00f3n, el titular del INFOTEP hizo un recorrido por la historia del sindicalismo en el pa\u00eds, resaltando las conquistas logradas en favor de los trabajadores y el papel que ha jugado la formaci\u00f3n t\u00e9cnico-profesional en su empoderamiento.<\/p>\n\n\n\n<p>En el mismo escenario, el ministro de Trabajo, Eddy Olivares, reconoci\u00f3 el prestigio internacional alcanzado por el INFOTEP. \u201cEsta instituci\u00f3n se ha convertido en una marca mundial en la formaci\u00f3n t\u00e9cnica de los trabajadores, un referente de excelencia que eleva el nivel de la clase trabajadora dominicana\u201d, afirm\u00f3.<\/p>\n\n\n\n<p>Prensa INFOTEP <a href=\"mailto:prensainfotep@infotep.gob.do\">prensainfotep@infotep.gob.do<\/a><\/p>\n","protected":false},"excerpt":{"rendered":"<p>El evento reuni\u00f3 autoridades, sindicalistas y sociedad civil para rendir homenaje a los pioneros del movimiento obrero. El director general del Instituto Nacional de Formaci\u00f3n T\u00e9cnico Profesional (INFOTEP), Rafael Santos Bad\u00eda, rindi\u00f3 homenaje a los hombres y mujeres que fundaron el movimiento sindical en la Rep\u00fablica Dominicana, destacando su valiosa labor en la defensa de [&hellip;]<\/p>\n","protected":false},"author":7,"featured_media":613150,"comment_status":"closed","ping_status":"closed","sticky":false,"template":"","format":"standard","meta":{"footnotes":""},"categories":[20,22],"tags":[94],"class_list":["post-613129","post","type-post","status-publish","format-standard","has-post-thumbnail","hentry","category-dominicana-hoy","category-politica","tag-infotep"],"_links":{"self":[{"href":"https:\/\/diariodominicano.com\/index.php?rest_route=\/wp\/v2\/posts\/613129","targetHints":{"allow":["GET"]}}],"collection":[{"href":"https:\/\/diariodominicano.com\/index.php?rest_route=\/wp\/v2\/posts"}],"about":[{"href":"https:\/\/diariodominicano.com\/index.php?rest_route=\/wp\/v2\/types\/post"}],"author":[{"embeddable":true,"href":"https:\/\/diariodominicano.com\/index.php?rest_route=\/wp\/v2\/users\/7"}],"replies":[{"embeddable":true,"href":"https:\/\/diariodominicano.com\/index.php?rest_route=%2Fwp%2Fv2%2Fcomments&post=613129"}],"version-history":[{"count":1,"href":"https:\/\/diariodominicano.com\/index.php?rest_route=\/wp\/v2\/posts\/613129\/revisions"}],"predecessor-version":[{"id":613152,"href":"https:\/\/diariodominicano.com\/index.php?rest_route=\/wp\/v2\/posts\/613129\/revisions\/613152"}],"wp:featuredmedia":[{"embeddable":true,"href":"https:\/\/diariodominicano.com\/index.php?rest_route=\/wp\/v2\/media\/613150"}],"wp:attachment":[{"href":"https:\/\/diariodominicano.com\/index.php?rest_route=%2Fwp%2Fv2%2Fmedia&parent=613129"}],"wp:term":[{"taxonomy":"category","embeddable":true,"href":"https:\/\/diariodominicano.com\/index.php?rest_route=%2Fwp%2Fv2%2Fcategories&post=613129"},{"taxonomy":"post_tag","embeddable":true,"href":"https:\/\/diariodominicano.com\/index.php?rest_route=%2Fwp%2Fv2%2Ftags&post=613129"}],"curies":[{"name":"wp","href":"https:\/\/api.w.org\/{rel}","templated":true}]}}