{"id":613107,"date":"2025-05-01T21:21:27","date_gmt":"2025-05-02T01:21:27","guid":{"rendered":"https:\/\/diariodominicano.com\/?p=613107"},"modified":"2025-05-01T23:55:06","modified_gmt":"2025-05-02T03:55:06","slug":"jce-remoza-panteon-de-familias-woss-y-gil-como-homenaje-postumo-al-primer-presidente-del-organo-electoral","status":"publish","type":"post","link":"https:\/\/diariodominicano.com\/?p=613107","title":{"rendered":"JCE remoza pante\u00f3n de familias\u00a0del ex presidente Alejandro Woss\u00a0y Gil como homenaje p\u00f3stumo porque fue el primer  presidente del \u00f3rgano electoral"},"content":{"rendered":"\n<p>diariodominicano.com<\/p>\n\n\n\n<p><strong><em>Acto forma parte de las actividades conmemorativas del 102 aniversario de la instituci\u00f3n.<\/em><\/strong><\/p>\n\n\n\n<p><\/p>\n\n\n\n<p>Santo Domingo, R. D.,\u20021 de mayo, 2025.\u2013 Como parte de los actos conmemorativos del 102 aniversario de la Junta Central Electoral, la instituci\u00f3n llev\u00f3 a cabo el remozamiento del pante\u00f3n donde descansan los restos de las familias&nbsp;Woss&nbsp;Gil y Ricart Lamarche, para rendir un homenaje p\u00f3stumo al primer presidente de este \u00f3rgano electoral, el general Alejandro&nbsp;Woss&nbsp;y Gil, designado en 1923.<\/p>\n\n\n<div class=\"wp-block-image\">\n<figure class=\"alignleft size-full is-resized\"><img loading=\"lazy\" decoding=\"async\" width=\"670\" height=\"447\" src=\"https:\/\/diariodominicano.com\/wp-content\/uploads\/2025\/05\/Panteon-WOSS-y-Gil-Primer-presidente-de-la-JCE-1-5-25.jpg\" alt=\"\" class=\"wp-image-613110\" style=\"width:354px;height:auto\" srcset=\"https:\/\/diariodominicano.com\/wp-content\/uploads\/2025\/05\/Panteon-WOSS-y-Gil-Primer-presidente-de-la-JCE-1-5-25.jpg 670w, https:\/\/diariodominicano.com\/wp-content\/uploads\/2025\/05\/Panteon-WOSS-y-Gil-Primer-presidente-de-la-JCE-1-5-25-300x200.jpg 300w\" sizes=\"auto, (max-width: 670px) 100vw, 670px\" \/><\/figure>\n<\/div>\n\n\n<p>El acto se efectu\u00f3 el jueves en el Cementerio de la avenida M\u00e1ximo G\u00f3mez de la capital y fue encabezado por el Pleno de la JCE, integrado por su presidente, Rom\u00e1n Andr\u00e9s J\u00e1quez Liranzo; los miembros titulares Dolores Fern\u00e1ndez S\u00e1nchez, Samir Chami Isa, Hirayda Fern\u00e1ndez Guzm\u00e1n y Rafael Armando Vallejo\u00a0Santelises\u00a0a quienes acompa\u00f1aron a los miembros suplentes Prado L\u00f3pez,\u00a0Anibelca\u00a0Rosario y Tony Tejada, as\u00ed como el cuerpo directivo. En representaci\u00f3n de la familia\u00a0Woss\u00a0y Gil estuvo Francis\u00a0Woss\u00a0y Gil, biznieto de Alejandro\u00a0Woss\u00a0y Gil.<\/p>\n\n\n\n<p>Durante su discurso, el presidente de la JCE, Rom\u00e1n J\u00e1quez Liranzo, destac\u00f3 que la figura del general Alejandro&nbsp;Woss&nbsp;y Gil (1856-1932) en la historia pol\u00edtica y social de la naci\u00f3n ocupa un lugar relevante por sus aportes al Estado y al sistema democr\u00e1tico, a trav\u00e9s del fortalecimiento de la institucionalidad.<\/p>\n\n\n\n<p>\u201cCon el remozamiento del pante\u00f3n de las familias&nbsp;Woss&nbsp;y Gil y Ricart Lamarche, se rinde un justo homenaje p\u00f3stumo al primer presidente de este \u00f3rgano y en \u00e9l al inicio fundacional de la instancia que es \u00e1rbitro de los procesos comiciales que a partir de 1924, se llevaron a cabo el accionar legal y leg\u00edtimo de la representaci\u00f3n y la representatividad pol\u00edtica a favor de la identidad y la comunidad nacional de ciudadanos que enarbolaron el principio de la igualdad de derechos pol\u00edticos\u201d, indic\u00f3 J\u00e1quez. Liranzo.<\/p>\n\n\n\n<p>Resalt\u00f3 que su liderazgo y el de su hija Celeste&nbsp;Woss&nbsp;y Gil, que fue sufragista, contribuyeron a fortalecer la representaci\u00f3n pol\u00edtica y la igualdad de derechos en la Rep\u00fablica Dominicana de hombres y mujeres.<\/p>\n\n\n\n<p>\u201cLoor a ese hombre de Estado, loor a esa mujer digna representante de la mujer dominicana y loor a nuestra Junta Central Electoral en su 102 aniversario\u201d, concluy\u00f3 J\u00e1quez Liranzo.<\/p>\n\n\n\n<p>En el marco de la actividad las autoridades del \u00f3rgano electoral depositaron dos ofrendas florales en memoria p\u00f3stuma de la familia&nbsp;Woss&nbsp;y Gil y Lamarche.<\/p>\n\n\n\n<p><strong>Biograf\u00eda<\/strong><\/p>\n\n\n\n<p>En las distintas funciones\u00a0\u00a0que desempe\u00f1\u00f3 don Alejandro\u00a0Woss\u00a0y Gil desde finales del siglo XIX como hombre de Estado, se destacan: ministro de Fomento y Obras P\u00fablicas, ministro de Relaciones Exteriores, ministro de Guerra y Marina, ministro de Hacienda y Comercio, ministro de Justicia e Instrucci\u00f3n P\u00fablica, senador, vicepresidente de la Rep\u00fablica, presidente de la Rep\u00fablica y, finalmente, concluy\u00f3 su hoja de servicios como primer presidente del primer Pleno de\u00a0\u00a0la Junta Central Electoral, asumiendo el cargo en marzo de 1923.<\/p>\n\n\n\n<p>Este a\u00f1o se conmemoran 140 a\u00f1os desde su ascenso a la primera magistratura de la naci\u00f3n el 16 de mayo de 1885, un hecho que se celebra en el contexto del 102 aniversario de la JCE.<\/p>\n\n\n\n<p>En tanto, su hija Celeste&nbsp;Woss&nbsp;y Gil, fue una reconocida pintora y ferviente activista por los derechos de las mujeres, cuyo aporte a la alfabetizaci\u00f3n de mujeres adultas en situaci\u00f3n de vulnerabilidad econ\u00f3mica fue significativa en su \u00e9poca.<\/p>\n\n\n\n<p>Direcci\u00f3n de Comunicaciones JCE<\/p>\n\n\n\n<p>1 de mayo de 2025<\/p>\n","protected":false},"excerpt":{"rendered":"<p>diariodominicano.com Acto forma parte de las actividades conmemorativas del 102 aniversario de la instituci\u00f3n. Santo Domingo, R. D.,\u20021 de mayo, 2025.\u2013 Como parte de los actos conmemorativos del 102 aniversario de la Junta Central Electoral, la instituci\u00f3n llev\u00f3 a cabo el remozamiento del pante\u00f3n donde descansan los restos de las familias&nbsp;Woss&nbsp;Gil y Ricart Lamarche, para [&hellip;]<\/p>\n","protected":false},"author":5,"featured_media":613108,"comment_status":"closed","ping_status":"closed","sticky":true,"template":"","format":"standard","meta":{"footnotes":""},"categories":[20,26,27],"tags":[],"class_list":["post-613107","post","type-post","status-publish","format-standard","has-post-thumbnail","hentry","category-dominicana-hoy","category-efemerides","category-portada"],"_links":{"self":[{"href":"https:\/\/diariodominicano.com\/index.php?rest_route=\/wp\/v2\/posts\/613107","targetHints":{"allow":["GET"]}}],"collection":[{"href":"https:\/\/diariodominicano.com\/index.php?rest_route=\/wp\/v2\/posts"}],"about":[{"href":"https:\/\/diariodominicano.com\/index.php?rest_route=\/wp\/v2\/types\/post"}],"author":[{"embeddable":true,"href":"https:\/\/diariodominicano.com\/index.php?rest_route=\/wp\/v2\/users\/5"}],"replies":[{"embeddable":true,"href":"https:\/\/diariodominicano.com\/index.php?rest_route=%2Fwp%2Fv2%2Fcomments&post=613107"}],"version-history":[{"count":5,"href":"https:\/\/diariodominicano.com\/index.php?rest_route=\/wp\/v2\/posts\/613107\/revisions"}],"predecessor-version":[{"id":613166,"href":"https:\/\/diariodominicano.com\/index.php?rest_route=\/wp\/v2\/posts\/613107\/revisions\/613166"}],"wp:featuredmedia":[{"embeddable":true,"href":"https:\/\/diariodominicano.com\/index.php?rest_route=\/wp\/v2\/media\/613108"}],"wp:attachment":[{"href":"https:\/\/diariodominicano.com\/index.php?rest_route=%2Fwp%2Fv2%2Fmedia&parent=613107"}],"wp:term":[{"taxonomy":"category","embeddable":true,"href":"https:\/\/diariodominicano.com\/index.php?rest_route=%2Fwp%2Fv2%2Fcategories&post=613107"},{"taxonomy":"post_tag","embeddable":true,"href":"https:\/\/diariodominicano.com\/index.php?rest_route=%2Fwp%2Fv2%2Ftags&post=613107"}],"curies":[{"name":"wp","href":"https:\/\/api.w.org\/{rel}","templated":true}]}}