{"id":613075,"date":"2025-05-01T17:55:18","date_gmt":"2025-05-01T21:55:18","guid":{"rendered":"https:\/\/diariodominicano.com\/?p=613075"},"modified":"2025-05-02T00:06:19","modified_gmt":"2025-05-02T04:06:19","slug":"la-juventud-obrera-catolica-100-anos-de-fundada-1925-2025-y-el-sindicalismo-cristiano","status":"publish","type":"post","link":"https:\/\/diariodominicano.com\/?p=613075","title":{"rendered":"La Juventud Obrera Cat\u00f3lica; 100 a\u00f1os de fundada.\u00a0 1925-2025 \u00a0y el sindicalismo cristiano"},"content":{"rendered":"\n<p><strong>En este 2025 se conmemora 100 a\u00f1os de la fundaci\u00f3n de la Juventud Obrera Cat\u00f3lica (JOC), que fue creada, a nivel internacional, por el sacerdote Joseph Cardijn en mayo de 1925, en B\u00e9lgica.<\/strong><\/p>\n\n\n\n<p><strong>El pr\u00f3ximo domingo, 4 de mayo, a la 1 de la tarde, se realizar\u00e1 una reuni\u00f3n virtual con la participaci\u00f3n de exdirigentes de la Juventud Obrera Cat\u00f3lica (JOC), de Rep\u00fablica Dominicana y Puerto Rico.<\/strong><\/p>\n\n\n\n<p><strong>En ese acto hablar\u00e1n Jos\u00e9 G\u00f3mez Cerda, expresidente de la Juventud Obrera Cat\u00f3lica (JOC), de la Rep\u00fablica Dominicana, y Jos\u00e9 Luis V\u00e9lez (Chewi), ex presidente mundial de la JOC, de Puerto Rico, quienes se referir\u00e1n a las acciones de la JOC, a nivel nacional e internacional. \u201cVamos a compartir y recordar experiencias vividas en la JOC.\u201d<\/strong><\/p>\n\n\n\n<p><strong>Jos\u00e9 G\u00f3mez Cerda fue el \u00faltimo presidente de la JOC de Rep\u00fablica Dominicana durante la era de Trujillo, despu\u00e9s tuvo que salir al exilio. En Nueva York fue fundador y presidente de la JOC para hispanos, y en Puerto Rico fue un militante.<\/strong><\/p>\n\n\n\n<p><strong>Despu\u00e9s del asesinato de Trujillo, la JOC dominicana fue reorganizada por el padre Fernando de Arango, S. J.&nbsp; cubano, quien le dio motivaciones a cientos de j\u00f3venes obreros dominicanos, hembras y varones, para formarse como dirigentes sociales, con el m\u00e9todo de \u201cver, juzgar y actuar\u201d, revisi\u00f3n de vida obrera, y otros m\u00e9todos de formaci\u00f3n juvenil.<\/strong><\/p>\n\n\n\n<p><strong>El Plan de Vida de la JOC, es un instrumento educativo para que cada persona formulemos nuestra situaci\u00f3n personal y los objetivos y medios que nos proponemos durante un periodo determinado.&nbsp;<\/strong><\/p>\n\n\n\n<p><strong>El Plan de Vida es tambi\u00e9n conocido por otros movimientos con otros nombres: Plan Personal de Vida militante, Plan de Vida y Acci\u00f3n, Proyecto de Persona militante&#8230;<\/strong> <strong>La JOC se extendi\u00f3 por la mayor\u00eda de los pa\u00edses europeos, y lleg\u00f3 a Am\u00e9rica Latina.<\/strong><\/p>\n\n\n\n<p><strong>En Colombia la JOC se cre\u00f3 en el a\u00f1o 1932, siendo el primer pa\u00eds latinoamericano donde se cre\u00f3 la JOC,<\/strong><\/p>\n\n\n\n<p><strong>Luego la JOC se fund\u00f3 en 1940 en Argentina y en Uruguay. En 1947 en Brasil, en Cuba en 1948, en Costa Rica en 1949, en Chile en 1951, en Rep\u00fablica Dominicana en 1955, en Puerto Rico, en 1960, y en M\u00e9xico en 1961. <\/strong><strong>\u201cUn joven trabajador o una joven trabajadora vale m\u00e1s que todo el oro del mundo\u201d Jos\u00e9 Cardijn<\/strong><\/p>\n\n\n\n<p><strong>Las actividades de conmemoraci\u00f3n de los 100 a\u00f1os de la JOC, se realizan en diversos pa\u00edses, entre ellos en B\u00e9lgica, donde est\u00e1 la sede mundial.<\/strong><\/p>\n\n\n\n<p><strong>En estos 100 a\u00f1os de la JOC, recordamos a cientos de militantes jocistas dominicanos y puertorrique\u00f1os, que se han destacado en la vida social, en especial en el sindicalismo, el cooperativismo, la pol\u00edtica y otras actividades sociales.<\/strong><\/p>\n\n\n\n<p><strong>A la reuni\u00f3n virtual que se realizar\u00e1 el pr\u00f3ximo domingo, 4 de mayo 2025, participar\u00e1n exdirigentes de la JOC de Rep\u00fablica Dominicana y Puerto Rico.<\/strong><\/p>\n\n\n\n<p><strong>LA JOC Y EL SINDICALISMO CRISTIANO<\/strong><\/p>\n\n\n\n<p><strong>Henry Molina y yo nos hab\u00edamos formado religiosa y socialmente en la Juventud Obrera Cat\u00f3lica (JOC), desde Santo Domingo, y estuvimos exiliados en Nueva York, donde yo fund\u00e9 la Juventud Obrera Cristiana JOC, para hispanos, y Henry Molina estuvo en la directiva.<\/strong><\/p>\n\n\n\n<p><strong>Convencidos por Emilio M\u00e1spero, que era el secretario ejecutivo de la Central Latinoamericana de Sindicalistas Cristianos (CLASC), para el \u00e1rea del Caribe, con asiento en Venezuela, fuimos a estudiar pol\u00edtica y sindicalismo, con otros 6 j\u00f3venes dominicanos exiliados, a Caracas, Venezuela, entre ellos Caonabo Javier Castillo, ah\u00ed estuvimos estudiando varios meses.<\/strong><\/p>\n\n\n\n<p><strong>En esa \u00e9poca de nuestro exilio conocimos muchos dirigentes de la CLASC que se hab\u00edan formado tambi\u00e9n en la JOC, entre ellos; Emilio M\u00e1spero, de Argentina; Eduardo Garc\u00eda Moure y Jos\u00e9 de Jes\u00fas Plana, de Cuba, Rodolfo Romero, de Paraguay, George Fortun\u00e9, de Hait\u00ed,&nbsp; y otros, pues la CLASC, hab\u00eda sido fundada por el Padre Alberto Hurtado (Hoy santo de la iglesia cat\u00f3lica), por la Acci\u00f3n Sindical Chilena (ASICH).&nbsp;<\/strong><\/p>\n\n\n\n<p><strong>Era normal que un jocista se integrar\u00e1 al sindicalismo cristiano.<\/strong><\/p>\n\n\n\n<p><strong>Luego que Henry Molina y yo regresamos del exilio, en enero de 1962 creamos la Confederaci\u00f3n Aut\u00f3noma de Sindicatos Cristianos (CASC), entre los fundadores de esa organizaci\u00f3n sindical hab\u00eda varios dirigentes de la JOC dominicana, como Porfirio Zarzuela, Jorge Cruz Reyes y otros jocistas, tambi\u00e9n se integr\u00f3 Gabriel del R\u00edo, que hab\u00eda sido seminarista cat\u00f3lico.<\/strong><\/p>\n\n\n\n<p><strong>Igual que en la Rep\u00fablica Dominicana en otros pa\u00edses de Am\u00e9rica Latina, el sindicalismo cristiano se cre\u00f3, especialmente por dirigentes de la JOC, como fueron los casos de; Ramon Fuentes, en Puerto Rico, Oscar Semerel, de Curazao, y varios l\u00edderes de la JOC, de Colombia, Ecuador, Chile, y otros pa\u00edses.<\/strong><\/p>\n\n\n\n<p><strong>Agradezco a Dios que me form<\/strong><strong>\u00e9<\/strong><strong> en ese movimiento de j\u00f3venes trabajadores, que tuve el honor de ser presidente de la JOC en Rep\u00fablica Dominicana, y fundador y presidente de la JOC para Hispanos, en Nueva York.<\/strong><\/p>\n\n\n\n<p><strong>Jos\u00e9 G\u00f3mez Cerda<\/strong><\/p>\n\n\n\n<p><strong>Expresidente de la JOC de Rep\u00fablica Dominicana<\/strong><\/p>\n\n\n\n<p><strong>1ro. De mayo 2025. Dia Internacional del Trabajo<\/strong><strong>.<\/strong><\/p>\n\n\n\n<p><strong>video<\/strong><\/p>\n\n\n\n<figure class=\"wp-block-embed is-type-video is-provider-youtube wp-block-embed-youtube wp-embed-aspect-16-9 wp-has-aspect-ratio\"><div class=\"wp-block-embed__wrapper\">\n<iframe loading=\"lazy\" title=\"JUVENTUD OBRERA CATOLICA  JOC Y EL SINDICALISMO CRISTIANO.  1ro. de mayo 2025.  Jose Gomez Cerda\" width=\"616\" height=\"347\" src=\"https:\/\/www.youtube.com\/embed\/_SXr-Z20Kls?feature=oembed\" frameborder=\"0\" allow=\"accelerometer; autoplay; clipboard-write; encrypted-media; gyroscope; picture-in-picture; web-share\" referrerpolicy=\"strict-origin-when-cross-origin\" allowfullscreen><\/iframe>\n<\/div><\/figure>\n\n\n\n<p>Jos\u00e9 G\u00f3mez &lt;<a href=\"mailto:joseaseped@gmail.com\">joseaseped@gmail.com<\/a>><\/p>\n","protected":false},"excerpt":{"rendered":"<p>En este 2025 se conmemora 100 a\u00f1os de la fundaci\u00f3n de la Juventud Obrera Cat\u00f3lica (JOC), que fue creada, a nivel internacional, por el sacerdote Joseph Cardijn en mayo de 1925, en B\u00e9lgica. El pr\u00f3ximo domingo, 4 de mayo, a la 1 de la tarde, se realizar\u00e1 una reuni\u00f3n virtual con la participaci\u00f3n de exdirigentes [&hellip;]<\/p>\n","protected":false},"author":7,"featured_media":613086,"comment_status":"closed","ping_status":"closed","sticky":false,"template":"","format":"standard","meta":{"footnotes":""},"categories":[21,36,26],"tags":[2393],"class_list":["post-613075","post","type-post","status-publish","format-standard","has-post-thumbnail","hentry","category-cultura","category-hombresmujeresycosas","category-efemerides","tag-jose-gomez"],"_links":{"self":[{"href":"https:\/\/diariodominicano.com\/index.php?rest_route=\/wp\/v2\/posts\/613075","targetHints":{"allow":["GET"]}}],"collection":[{"href":"https:\/\/diariodominicano.com\/index.php?rest_route=\/wp\/v2\/posts"}],"about":[{"href":"https:\/\/diariodominicano.com\/index.php?rest_route=\/wp\/v2\/types\/post"}],"author":[{"embeddable":true,"href":"https:\/\/diariodominicano.com\/index.php?rest_route=\/wp\/v2\/users\/7"}],"replies":[{"embeddable":true,"href":"https:\/\/diariodominicano.com\/index.php?rest_route=%2Fwp%2Fv2%2Fcomments&post=613075"}],"version-history":[{"count":1,"href":"https:\/\/diariodominicano.com\/index.php?rest_route=\/wp\/v2\/posts\/613075\/revisions"}],"predecessor-version":[{"id":613087,"href":"https:\/\/diariodominicano.com\/index.php?rest_route=\/wp\/v2\/posts\/613075\/revisions\/613087"}],"wp:featuredmedia":[{"embeddable":true,"href":"https:\/\/diariodominicano.com\/index.php?rest_route=\/wp\/v2\/media\/613086"}],"wp:attachment":[{"href":"https:\/\/diariodominicano.com\/index.php?rest_route=%2Fwp%2Fv2%2Fmedia&parent=613075"}],"wp:term":[{"taxonomy":"category","embeddable":true,"href":"https:\/\/diariodominicano.com\/index.php?rest_route=%2Fwp%2Fv2%2Fcategories&post=613075"},{"taxonomy":"post_tag","embeddable":true,"href":"https:\/\/diariodominicano.com\/index.php?rest_route=%2Fwp%2Fv2%2Ftags&post=613075"}],"curies":[{"name":"wp","href":"https:\/\/api.w.org\/{rel}","templated":true}]}}