{"id":613005,"date":"2025-05-01T00:38:31","date_gmt":"2025-05-01T04:38:31","guid":{"rendered":"https:\/\/diariodominicano.com\/?p=613005"},"modified":"2025-05-01T00:38:34","modified_gmt":"2025-05-01T04:38:34","slug":"inefi-anuncia-nueva-fecha-para-los-xi-juegos-escolares-deportivos-nacionales-2025-en-san-francisco-de-macoris","status":"publish","type":"post","link":"https:\/\/diariodominicano.com\/?p=613005","title":{"rendered":"INEFI anuncia nueva fecha para los XI Juegos Escolares Deportivos Nacionales 2025 en San Francisco de Macor\u00eds"},"content":{"rendered":"\n<p><strong>SANTO DOMINGO.<\/strong>&nbsp;\u2013 El Instituto Nacional de Educaci\u00f3n F\u00edsica (INEFI) anunci\u00f3 una nueva fecha para la celebraci\u00f3n de los XI Juegos Escolares Deportivos Nacionales, que tendr\u00e1n como sede principal a la ciudad de San Francisco de Macor\u00eds. El evento se desarrollar\u00e1 del 8 al 21 de septiembre de 2025, permitiendo as\u00ed una mejor alineaci\u00f3n con el calendario acad\u00e9mico de los estudiantes participantes.<\/p>\n\n\n\n<p>Esta modificaci\u00f3n responde al compromiso del INEFI de garantizar una log\u00edstica adecuada y una experiencia enriquecedora para todos los atletas escolares, sin interferencias con el proceso educativo.<\/p>\n\n\n\n<figure class=\"wp-block-image\"><img decoding=\"async\" src=\"https:\/\/diariodominicano.com\/wp-content\/uploads\/2025\/05\/Alberto-Rodriguez-Mella-habla-sobre-el-Congreso-1024x682.jpg\" alt=\"\"\/><\/figure>\n\n\n\n<p>Los XI Juegos Escolares tambi\u00e9n contar\u00e1n con subsedes en La Vega, Salcedo y Nagua, reafirmando el firme prop\u00f3sito del Ministerio de Educaci\u00f3n (MINERD) y del INEFI de fomentar el deporte y la educaci\u00f3n en toda la Rep\u00fablica Dominicana.<\/p>\n\n\n\n<p>El director ejecutivo del INEFI, Alberto Rodr\u00edguez, inform\u00f3 que esta edici\u00f3n reunir\u00e1 a 4,318 estudiantes atletas de todo el pa\u00eds, quienes competir\u00e1n en 19 disciplinas deportivas y tres deportes de exhibici\u00f3n, consolidando a los Juegos Escolares como la principal plataforma de desarrollo deportivo estudiantil del pa\u00eds.<\/p>\n\n\n\n<p>\u201cEn esta nueva edici\u00f3n de los Juegos Escolares trabajaremos incansablemente para garantizar instalaciones deportivas de primer nivel, un ambiente seguro y un legado que perdure en las comunidades anfitrionas\u201d, expres\u00f3 Rodr\u00edguez. \u201cEste evento ser\u00e1 una plataforma para el talento, la inclusi\u00f3n, el aprendizaje y la cohesi\u00f3n social. Confiamos en que tambi\u00e9n generar\u00e1 un impacto econ\u00f3mico significativo en el Cibao, tal como ocurri\u00f3 en el Sur\u201d, agreg\u00f3 Rodr\u00edguez, refiri\u00e9ndose a los pasados juegos, celebrados en Barahona, San Juan, Azua y Bahoruco en el 2023.<\/p>\n\n\n\n<p>Las disciplinas oficiales incluyen atletismo, baloncesto, baloncesto 3&#215;3, b\u00e9isbol, f\u00fatbol sala, gimnasia de grupo, judo, karate, lucha, ajedrez, boxeo, f\u00fatbol, levantamiento de pesas, s\u00f3ftbol, b\u00e1dminton, balonmano, taekwondo, tenis de mesa y voleibol. Como deportes de exhibici\u00f3n se presentar\u00e1n atletismo adaptado, b\u00e9isbol 5 y tenis, promoviendo la inclusi\u00f3n y ampliando el alcance del evento.<\/p>\n","protected":false},"excerpt":{"rendered":"<p>SANTO DOMINGO.&nbsp;\u2013 El Instituto Nacional de Educaci\u00f3n F\u00edsica (INEFI) anunci\u00f3 una nueva fecha para la celebraci\u00f3n de los XI Juegos Escolares Deportivos Nacionales, que tendr\u00e1n como sede principal a la ciudad de San Francisco de Macor\u00eds. El evento se desarrollar\u00e1 del 8 al 21 de septiembre de 2025, permitiendo as\u00ed una mejor alineaci\u00f3n con el [&hellip;]<\/p>\n","protected":false},"author":7,"featured_media":613016,"comment_status":"closed","ping_status":"closed","sticky":false,"template":"","format":"standard","meta":{"footnotes":""},"categories":[17],"tags":[491],"class_list":["post-613005","post","type-post","status-publish","format-standard","has-post-thumbnail","hentry","category-deportes","tag-inefi"],"_links":{"self":[{"href":"https:\/\/diariodominicano.com\/index.php?rest_route=\/wp\/v2\/posts\/613005","targetHints":{"allow":["GET"]}}],"collection":[{"href":"https:\/\/diariodominicano.com\/index.php?rest_route=\/wp\/v2\/posts"}],"about":[{"href":"https:\/\/diariodominicano.com\/index.php?rest_route=\/wp\/v2\/types\/post"}],"author":[{"embeddable":true,"href":"https:\/\/diariodominicano.com\/index.php?rest_route=\/wp\/v2\/users\/7"}],"replies":[{"embeddable":true,"href":"https:\/\/diariodominicano.com\/index.php?rest_route=%2Fwp%2Fv2%2Fcomments&post=613005"}],"version-history":[{"count":1,"href":"https:\/\/diariodominicano.com\/index.php?rest_route=\/wp\/v2\/posts\/613005\/revisions"}],"predecessor-version":[{"id":613018,"href":"https:\/\/diariodominicano.com\/index.php?rest_route=\/wp\/v2\/posts\/613005\/revisions\/613018"}],"wp:featuredmedia":[{"embeddable":true,"href":"https:\/\/diariodominicano.com\/index.php?rest_route=\/wp\/v2\/media\/613016"}],"wp:attachment":[{"href":"https:\/\/diariodominicano.com\/index.php?rest_route=%2Fwp%2Fv2%2Fmedia&parent=613005"}],"wp:term":[{"taxonomy":"category","embeddable":true,"href":"https:\/\/diariodominicano.com\/index.php?rest_route=%2Fwp%2Fv2%2Fcategories&post=613005"},{"taxonomy":"post_tag","embeddable":true,"href":"https:\/\/diariodominicano.com\/index.php?rest_route=%2Fwp%2Fv2%2Ftags&post=613005"}],"curies":[{"name":"wp","href":"https:\/\/api.w.org\/{rel}","templated":true}]}}