{"id":612859,"date":"2025-04-30T18:24:12","date_gmt":"2025-04-30T22:24:12","guid":{"rendered":"https:\/\/diariodominicano.com\/?p=612859"},"modified":"2025-04-30T18:24:17","modified_gmt":"2025-04-30T22:24:17","slug":"delitos-en-el-metro-nyc-disminuyen","status":"publish","type":"post","link":"https:\/\/diariodominicano.com\/?p=612859","title":{"rendered":"Delitos en el metro NYC disminuyen"},"content":{"rendered":"\n<p>Por Ram\u00f3n Mercedes<\/p>\n\n\n\n<p>NUEVA YORK.- Los delitos en el metro en esta ciudad siguen en baja en el presente a\u00f1o, incluso despu\u00e9s de un ligero aumento en abril en comparaci\u00f3n con el mismo mes del a\u00f1o pasado, seg\u00fan los \u00faltimos datos del NYPD.<\/p>\n\n\n\n<p>&nbsp;Durante un per\u00edodo de 28 d\u00edas, hasta el 20 de abril, los delitos relacionados con el transporte p\u00fablico aumentaron un 9% en comparaci\u00f3n con el mismo per\u00edodo de 2024; 146 delitos este a\u00f1o frente a los 134 del a\u00f1o pasado.<\/p>\n\n\n\n<p>&nbsp;Centr\u00e1ndose en la mitad del mes, los delitos relacionados con el transporte p\u00fablico aumentaron casi un 30% durante la semana del 14 al 20 de abril en comparaci\u00f3n con el mismo per\u00edodo de 2024. Se registraron 27 delitos en el sistema de transporte p\u00fablico de la ciudad durante esos siete d\u00edas el a\u00f1o pasado, en comparaci\u00f3n con 35 en la misma semana de 2025.<\/p>\n\n\n\n<p>Aun as\u00ed, el metro se ha vuelto m\u00e1s seguro, seg\u00fan datos de CompStat de la polic\u00eda. El NYPD informa que las cifras siguen desplom\u00e1ndose a\u00f1o tras a\u00f1o. El pasado 20 de abril, la delincuencia en el transporte p\u00fablico se redujo en m\u00e1s de un 10 % en comparaci\u00f3n con el mismo per\u00edodo de 2024.<\/p>\n\n\n\n<p>La Polic\u00eda, Autoridad Metropolitana de Transporte (MTA) y la gobernadora Kathy Hochul han priorizado la seguridad en los trenes. Se han instalado m\u00e1s c\u00e1maras de vigilancia de mejor calidad en cada vag\u00f3n del metro, lo que ha facilitado las investigaciones de la polic\u00eda.<\/p>\n\n\n\n<p>La uniformada ha aumentado las patrullas en el metro al tiempo que se concentra en cuestiones de calidad de vida como la evasi\u00f3n de tarifas, que seg\u00fan la MTA ha disminuido un 26% desde junio de 2024 a diciembre del mismo a\u00f1o. &nbsp;<\/p>\n","protected":false},"excerpt":{"rendered":"<p>Por Ram\u00f3n Mercedes NUEVA YORK.- Los delitos en el metro en esta ciudad siguen en baja en el presente a\u00f1o, incluso despu\u00e9s de un ligero aumento en abril en comparaci\u00f3n con el mismo mes del a\u00f1o pasado, seg\u00fan los \u00faltimos datos del NYPD. &nbsp;Durante un per\u00edodo de 28 d\u00edas, hasta el 20 de abril, los [&hellip;]<\/p>\n","protected":false},"author":7,"featured_media":612867,"comment_status":"closed","ping_status":"closed","sticky":false,"template":"","format":"standard","meta":{"footnotes":""},"categories":[23],"tags":[181],"class_list":["post-612859","post","type-post","status-publish","format-standard","has-post-thumbnail","hentry","category-internacional","tag-ramon-mercedes"],"_links":{"self":[{"href":"https:\/\/diariodominicano.com\/index.php?rest_route=\/wp\/v2\/posts\/612859","targetHints":{"allow":["GET"]}}],"collection":[{"href":"https:\/\/diariodominicano.com\/index.php?rest_route=\/wp\/v2\/posts"}],"about":[{"href":"https:\/\/diariodominicano.com\/index.php?rest_route=\/wp\/v2\/types\/post"}],"author":[{"embeddable":true,"href":"https:\/\/diariodominicano.com\/index.php?rest_route=\/wp\/v2\/users\/7"}],"replies":[{"embeddable":true,"href":"https:\/\/diariodominicano.com\/index.php?rest_route=%2Fwp%2Fv2%2Fcomments&post=612859"}],"version-history":[{"count":1,"href":"https:\/\/diariodominicano.com\/index.php?rest_route=\/wp\/v2\/posts\/612859\/revisions"}],"predecessor-version":[{"id":612873,"href":"https:\/\/diariodominicano.com\/index.php?rest_route=\/wp\/v2\/posts\/612859\/revisions\/612873"}],"wp:featuredmedia":[{"embeddable":true,"href":"https:\/\/diariodominicano.com\/index.php?rest_route=\/wp\/v2\/media\/612867"}],"wp:attachment":[{"href":"https:\/\/diariodominicano.com\/index.php?rest_route=%2Fwp%2Fv2%2Fmedia&parent=612859"}],"wp:term":[{"taxonomy":"category","embeddable":true,"href":"https:\/\/diariodominicano.com\/index.php?rest_route=%2Fwp%2Fv2%2Fcategories&post=612859"},{"taxonomy":"post_tag","embeddable":true,"href":"https:\/\/diariodominicano.com\/index.php?rest_route=%2Fwp%2Fv2%2Ftags&post=612859"}],"curies":[{"name":"wp","href":"https:\/\/api.w.org\/{rel}","templated":true}]}}