{"id":612858,"date":"2025-04-30T18:15:18","date_gmt":"2025-04-30T22:15:18","guid":{"rendered":"https:\/\/diariodominicano.com\/?p=612858"},"modified":"2025-04-30T18:23:05","modified_gmt":"2025-04-30T22:23:05","slug":"director-digesett-y-comisionado-dot-nyc-fortalecen-alianzas-para-movilidad-mas-equitativa","status":"publish","type":"post","link":"https:\/\/diariodominicano.com\/?p=612858","title":{"rendered":"Director DIGESETT y comisionado DOT-NYC fortalecen alianzas para movilidad m\u00e1s equitativa"},"content":{"rendered":"\n<p>Por Ram\u00f3n Mercedes <\/p>\n\n\n\n<p>NUEVA YORK.- El nuevo director de la Direcci\u00f3n General de Seguridad de Tr\u00e1nsito y Transporte Terrestre (DIGESETT), general Pascual Cruz M\u00e9ndez, y el comisionado del Departamento de Transporte de esta ciudad (NYC DOT), Ydanis Rodr\u00edguez, desarrollaron aqu\u00ed una agenda de trabajo con el objetivo de intercambiar experiencias y ampliar la cooperaci\u00f3n en materia de movilidad segura y sostenible entre la Rep\u00fablica Dominicana y la Gran Manzana.<\/p>\n\n\n\n<p>\u201cFortalecer la colaboraci\u00f3n con la DIGESETT nos permite compartir buenas pr\u00e1cticas y avanzar juntos hacia ciudades m\u00e1s seguras, eficientes y accesibles para todos\u201d, dijo Rodr\u00edguez.<\/p>\n\n\n\n<p>Los altos funcionarios inauguraron sus actividades el pasado viernes en la conferencia internacional sobre equidad en el transporte, Equity in Motion Summit 2025, celebrada en la City University of New York (CUNY).<\/p>\n\n\n\n<p>Tambi\u00e9n particip\u00f3 el c\u00f3nsul dominicano en NY, Jes\u00fas \u2013Chu- V\u00e1squez, junto a m\u00e1s de 400 l\u00edderes y especialistas de Estados Unidos y de varios pa\u00edses, quienes analizaron estrategias para conectar comunidades de todos los niveles de ingresos mediante sistemas de transporte inclusivos y resilientes.<\/p>\n\n\n\n<p>Tras el foro, ambos dirigentes recorrieron en bicicleta la avenida Broadway desde Times Square (calle 42) hasta Union Square (calle 14), y luego en el alto Manhattan, sum\u00e1ndose a miles de neoyorquinos que celebraron el Car Free Earth Day.<\/p>\n\n\n\n<p>Esta iniciativa, impulsada originalmente por el entonces concejal Rodr\u00edguez, se ha convertido -bajo la administraci\u00f3n del alcalde Eric Adams- en un pilar para reimaginar el uso del espacio p\u00fablico.<\/p>\n\n\n\n<p>En el cierre de la agenda, la delegaci\u00f3n dominicana conoci\u00f3 el Centro de Comando y Operaciones del DOT, donde se exponen tecnolog\u00edas de gesti\u00f3n del tr\u00e1fico, asistencia vial en tiempo real y protocolos de coordinaci\u00f3n interagencial para emergencias de seguridad y medioambientales. \u201cLa experiencia de NY reafirma nuestro compromiso de modernizar la gesti\u00f3n del tr\u00e1nsito en la RD, poniendo la seguridad y la equidad en el centro de nuestras pol\u00edticas\u201d, dijo el general Cruz M\u00e9ndez.<\/p>\n","protected":false},"excerpt":{"rendered":"<p>Por Ram\u00f3n Mercedes NUEVA YORK.- El nuevo director de la Direcci\u00f3n General de Seguridad de Tr\u00e1nsito y Transporte Terrestre (DIGESETT), general Pascual Cruz M\u00e9ndez, y el comisionado del Departamento de Transporte de esta ciudad (NYC DOT), Ydanis Rodr\u00edguez, desarrollaron aqu\u00ed una agenda de trabajo con el objetivo de intercambiar experiencias y ampliar la cooperaci\u00f3n en [&hellip;]<\/p>\n","protected":false},"author":7,"featured_media":612868,"comment_status":"closed","ping_status":"closed","sticky":false,"template":"","format":"standard","meta":{"footnotes":""},"categories":[23],"tags":[181],"class_list":["post-612858","post","type-post","status-publish","format-standard","has-post-thumbnail","hentry","category-internacional","tag-ramon-mercedes"],"_links":{"self":[{"href":"https:\/\/diariodominicano.com\/index.php?rest_route=\/wp\/v2\/posts\/612858","targetHints":{"allow":["GET"]}}],"collection":[{"href":"https:\/\/diariodominicano.com\/index.php?rest_route=\/wp\/v2\/posts"}],"about":[{"href":"https:\/\/diariodominicano.com\/index.php?rest_route=\/wp\/v2\/types\/post"}],"author":[{"embeddable":true,"href":"https:\/\/diariodominicano.com\/index.php?rest_route=\/wp\/v2\/users\/7"}],"replies":[{"embeddable":true,"href":"https:\/\/diariodominicano.com\/index.php?rest_route=%2Fwp%2Fv2%2Fcomments&post=612858"}],"version-history":[{"count":1,"href":"https:\/\/diariodominicano.com\/index.php?rest_route=\/wp\/v2\/posts\/612858\/revisions"}],"predecessor-version":[{"id":612872,"href":"https:\/\/diariodominicano.com\/index.php?rest_route=\/wp\/v2\/posts\/612858\/revisions\/612872"}],"wp:featuredmedia":[{"embeddable":true,"href":"https:\/\/diariodominicano.com\/index.php?rest_route=\/wp\/v2\/media\/612868"}],"wp:attachment":[{"href":"https:\/\/diariodominicano.com\/index.php?rest_route=%2Fwp%2Fv2%2Fmedia&parent=612858"}],"wp:term":[{"taxonomy":"category","embeddable":true,"href":"https:\/\/diariodominicano.com\/index.php?rest_route=%2Fwp%2Fv2%2Fcategories&post=612858"},{"taxonomy":"post_tag","embeddable":true,"href":"https:\/\/diariodominicano.com\/index.php?rest_route=%2Fwp%2Fv2%2Ftags&post=612858"}],"curies":[{"name":"wp","href":"https:\/\/api.w.org\/{rel}","templated":true}]}}