{"id":612371,"date":"2025-04-28T17:26:46","date_gmt":"2025-04-28T21:26:46","guid":{"rendered":"https:\/\/diariodominicano.com\/?p=612371"},"modified":"2025-04-28T17:27:04","modified_gmt":"2025-04-28T21:27:04","slug":"director-general-de-la-caasd-revela-transformacion-de-guajimia-que-realiza-la-caasd-beneficiara-a-mas-de-350-mil-personas-2","status":"publish","type":"post","link":"https:\/\/diariodominicano.com\/?p=612371","title":{"rendered":"Director general de la CAASD revela transformaci\u00f3n de Guajim\u00eda que realiza la CAASD beneficiar\u00e1 a m\u00e1s de 350 mil personas"},"content":{"rendered":"\n<p><strong>Santo Domingo, RD.<\/strong>-El director general de la Corporaci\u00f3n del Acueducto y Alcantarillado de Santo Domingo (CAASD), Felipe \u201cFellito\u201d Suberv\u00ed, explic\u00f3 que los trabajos de saneamiento pluvial y sanitario que se ejecutan para la transformaci\u00f3n de la ca\u00f1ada de Guajim\u00eda, en el municipio Santo Domingo Oeste avanzan a buen ritmo y beneficiar\u00e1n a m\u00e1s de 350 mil personas.<\/p>\n\n\n\n<p><br><br>Durante un recorrido de supervisi\u00f3n encabezado por Suberv\u00ed, el funcionario explic\u00f3 que la obra, esperada por m\u00e1s de 20 a\u00f1os por los comunitarios, constituye una soluci\u00f3n definitiva para miles de familias que padec\u00edan afecciones de salud y otras carencias por la falta de intervenci\u00f3n profunda en esta zona.<\/p>\n\n\n\n<figure class=\"wp-block-gallery has-nested-images columns-default is-cropped wp-block-gallery-1 is-layout-flex wp-block-gallery-is-layout-flex\">\n<figure class=\"wp-block-image size-large\"><img loading=\"lazy\" decoding=\"async\" width=\"1024\" height=\"683\" data-id=\"612384\" src=\"https:\/\/diariodominicano.com\/wp-content\/uploads\/2025\/04\/Director-de-la-CAASD-en-la-canada-de-Guajimia-1024x683.jpeg\" alt=\"\" class=\"wp-image-612384\" srcset=\"https:\/\/diariodominicano.com\/wp-content\/uploads\/2025\/04\/Director-de-la-CAASD-en-la-canada-de-Guajimia-1024x683.jpeg 1024w, https:\/\/diariodominicano.com\/wp-content\/uploads\/2025\/04\/Director-de-la-CAASD-en-la-canada-de-Guajimia-300x200.jpeg 300w, https:\/\/diariodominicano.com\/wp-content\/uploads\/2025\/04\/Director-de-la-CAASD-en-la-canada-de-Guajimia-768x512.jpeg 768w, https:\/\/diariodominicano.com\/wp-content\/uploads\/2025\/04\/Director-de-la-CAASD-en-la-canada-de-Guajimia-816x544.jpeg 816w, https:\/\/diariodominicano.com\/wp-content\/uploads\/2025\/04\/Director-de-la-CAASD-en-la-canada-de-Guajimia.jpeg 1280w\" sizes=\"auto, (max-width: 1024px) 100vw, 1024px\" \/><\/figure>\n<\/figure>\n\n\n\n<p><br><br>\u201cUstedes ten\u00edan muchos a\u00f1os esperando este proyecto, pero estamos trabajando sin descanso. Este es un Gobierno que escucha, resuelve y cambia las realidades\u201d, afirm\u00f3 Fellito, al tiempo que se\u00f1al\u00f3 que se trata de una intervenci\u00f3n sin precedentes, con un impacto directo en la calidad de vida de m\u00e1s de 350,000 personas.<\/p>\n\n\n\n<p><br><br>\u201cEstamos viendo un antes y un despu\u00e9s. Esta obra no solo representa infraestructura, sino tambi\u00e9n dignidad y mejores condiciones de vida para las familias\u201d, resalt\u00f3.<\/p>\n\n\n\n<p><br><br>Durante el recorrido, el director de la CAASD inspeccion\u00f3 varios puntos estrat\u00e9gicos de la ca\u00f1ada y sus principales afluentes: Buenos Aires, El Indio, La Ure\u00f1a, Villa Aura y Las Caobas.<\/p>\n\n\n\n<figure class=\"wp-block-gallery has-nested-images columns-default is-cropped wp-block-gallery-2 is-layout-flex wp-block-gallery-is-layout-flex\">\n<figure class=\"wp-block-image size-large\"><img loading=\"lazy\" decoding=\"async\" width=\"1024\" height=\"683\" data-id=\"612383\" src=\"https:\/\/diariodominicano.com\/wp-content\/uploads\/2025\/04\/Canada-de-Guajimia-1024x683.jpeg\" alt=\"\" class=\"wp-image-612383\" srcset=\"https:\/\/diariodominicano.com\/wp-content\/uploads\/2025\/04\/Canada-de-Guajimia-1024x683.jpeg 1024w, https:\/\/diariodominicano.com\/wp-content\/uploads\/2025\/04\/Canada-de-Guajimia-300x200.jpeg 300w, https:\/\/diariodominicano.com\/wp-content\/uploads\/2025\/04\/Canada-de-Guajimia-768x512.jpeg 768w, https:\/\/diariodominicano.com\/wp-content\/uploads\/2025\/04\/Canada-de-Guajimia-816x544.jpeg 816w, https:\/\/diariodominicano.com\/wp-content\/uploads\/2025\/04\/Canada-de-Guajimia.jpeg 1280w\" sizes=\"auto, (max-width: 1024px) 100vw, 1024px\" \/><\/figure>\n<\/figure>\n\n\n\n<p><br><br>Suberv\u00ed estuvo acompa\u00f1ado del subdirector de la CAASD, Francisco Campusano; el alcalde de Santo Domingo Oeste, Francisco Pe\u00f1a; as\u00ed como de otras autoridades locales y t\u00e9cnicos de la instituci\u00f3n.<\/p>\n\n\n\n<p><br><br>Los ingenieros a cargo explicaron los avances de los distintos tramos del proyecto. Mientras que los comunitarios expresaron su satisfacci\u00f3n con el desarrollo de los trabajos.<br><br>\u201cDurante a\u00f1os reclamamos esta obra, y hoy me siento contento y orgulloso de lo que se est\u00e1 haciendo aqu\u00ed\u201d, manifest\u00f3 Juan S\u00e1nchez, residente del sector.<\/p>\n\n\n\n<p><br><br>Juana G\u00f3mez, otra residente de la zona, tambi\u00e9n valor\u00f3 positivamente el impacto del proyecto.<\/p>\n\n\n\n<p><br><br>\u201cAntes, mis nietos viv\u00edan enfermos por la contaminaci\u00f3n de la ca\u00f1ada, pero eso ha estado cambiando con estos trabajos. Esperamos que contin\u00faen porque van muy bien\u201d, expres\u00f3.<\/p>\n\n\n\n<p><br><br>Reiter\u00f3 su compromiso con los habitantes de Santo Domingo Oeste y anunci\u00f3 que regresar\u00e1 para seguir supervisando los avances del proyecto.<\/p>\n\n\n\n<p><br><br>\u201cEstoy comprometido con ustedes. Volver\u00e9 para verificar c\u00f3mo seguimos avanzando en esta gran obra sin precedentes\u201d, asegur\u00f3.<\/p>\n\n\n\n<p><br><br>Finalmente, inform\u00f3 que en los pr\u00f3ximos meses dar\u00e1 inicio la segunda etapa del proyecto, que abarcar\u00e1 la intervenci\u00f3n simult\u00e1nea de diez nuevos puntos.<\/p>\n\n\n\n<p><br><br>\u201cEn lugar de los 5.4 kil\u00f3metros previstos inicialmente, ahora proyectamos alcanzar unos ocho kil\u00f3metros de intervenci\u00f3n en esta primera etapa\u201d, concluy\u00f3 el titular de la CAASD.<\/p>\n\n\n\n<p>Prensa CAASD <a href=\"mailto:prensacaasd@gmail.com\">prensacaasd@gmail.com<\/a><\/p>\n","protected":false},"excerpt":{"rendered":"<p>Santo Domingo, RD.-El director general de la Corporaci\u00f3n del Acueducto y Alcantarillado de Santo Domingo (CAASD), Felipe \u201cFellito\u201d Suberv\u00ed, explic\u00f3 que los trabajos de saneamiento pluvial y sanitario que se ejecutan para la transformaci\u00f3n de la ca\u00f1ada de Guajim\u00eda, en el municipio Santo Domingo Oeste avanzan a buen ritmo y beneficiar\u00e1n a m\u00e1s de 350 [&hellip;]<\/p>\n","protected":false},"author":7,"featured_media":0,"comment_status":"closed","ping_status":"closed","sticky":false,"template":"","format":"standard","meta":{"footnotes":""},"categories":[1],"tags":[692],"class_list":["post-612371","post","type-post","status-publish","format-standard","hentry","category-editorial","tag-caasd"],"_links":{"self":[{"href":"https:\/\/diariodominicano.com\/index.php?rest_route=\/wp\/v2\/posts\/612371","targetHints":{"allow":["GET"]}}],"collection":[{"href":"https:\/\/diariodominicano.com\/index.php?rest_route=\/wp\/v2\/posts"}],"about":[{"href":"https:\/\/diariodominicano.com\/index.php?rest_route=\/wp\/v2\/types\/post"}],"author":[{"embeddable":true,"href":"https:\/\/diariodominicano.com\/index.php?rest_route=\/wp\/v2\/users\/7"}],"replies":[{"embeddable":true,"href":"https:\/\/diariodominicano.com\/index.php?rest_route=%2Fwp%2Fv2%2Fcomments&post=612371"}],"version-history":[{"count":1,"href":"https:\/\/diariodominicano.com\/index.php?rest_route=\/wp\/v2\/posts\/612371\/revisions"}],"predecessor-version":[{"id":612389,"href":"https:\/\/diariodominicano.com\/index.php?rest_route=\/wp\/v2\/posts\/612371\/revisions\/612389"}],"wp:attachment":[{"href":"https:\/\/diariodominicano.com\/index.php?rest_route=%2Fwp%2Fv2%2Fmedia&parent=612371"}],"wp:term":[{"taxonomy":"category","embeddable":true,"href":"https:\/\/diariodominicano.com\/index.php?rest_route=%2Fwp%2Fv2%2Fcategories&post=612371"},{"taxonomy":"post_tag","embeddable":true,"href":"https:\/\/diariodominicano.com\/index.php?rest_route=%2Fwp%2Fv2%2Ftags&post=612371"}],"curies":[{"name":"wp","href":"https:\/\/api.w.org\/{rel}","templated":true}]}}