{"id":612369,"date":"2025-04-28T16:26:47","date_gmt":"2025-04-28T20:26:47","guid":{"rendered":"https:\/\/diariodominicano.com\/?p=612369"},"modified":"2025-04-28T16:27:01","modified_gmt":"2025-04-28T20:27:01","slug":"oficina-del-comisionado-de-mlb-ve-positiva-inversion-del-gobierno-a-traves-del-inefi-en-el-beisbol-escolar","status":"publish","type":"post","link":"https:\/\/diariodominicano.com\/?p=612369","title":{"rendered":"Oficina del Comisionado de MLB ve positiva inversi\u00f3n del Gobierno a trav\u00e9s del INEFI en el b\u00e9isbol escolar"},"content":{"rendered":"\n<p><strong><em>Dan Halem, comisionado adjunto de la oficina de MLB, se mostr\u00f3 impresionado con los datos presentados por el director de INEFI, Alberto Rodr\u00edguez.<\/em><\/strong><\/p>\n\n\n\n<p><strong>NUEVA YORK.-<\/strong>&nbsp;La inversi\u00f3n del Gobierno dominicano en el desarrollo del b\u00e9isbol escolar, a trav\u00e9s del Instituto Nacional de Educaci\u00f3n F\u00edsica (INEFI), ha sido bien valorada por altos ejecutivos de las Grandes Ligas de B\u00e9isbol (MLB). Durante un encuentro reciente en Nueva York, representantes de ambas entidades exploraron oportunidades de colaboraci\u00f3n para fortalecer el semillero de talento en las escuelas del pa\u00eds.<\/p>\n\n\n\n<figure class=\"wp-block-image\"><img decoding=\"async\" src=\"https:\/\/diariodominicano.com\/wp-content\/uploads\/2025\/04\/El-director-ejecutivo-del-Instituto-Nacional-de-Educacion-Fisica-Alberto-Rodriguez-junto-a-varios-ejecutivos-del-INEFI-1024x768.jpg\" alt=\"\"\/><\/figure>\n\n\n\n<p>Dan Halem, comisionado adjunto de la Oficina del Comisionado de MLB, se mostr\u00f3 impresionado con los datos y proyectos presentados por el director ejecutivo del INEFI, Alberto Rodr\u00edguez.<\/p>\n\n\n\n<p>\u00abEs un buen proyecto, y de ah\u00ed es que tiene que salir el pelotero, de las escuelas\u00bb, expres\u00f3 Halem durante una reuni\u00f3n informativa y cordial en el centro de conferencias de las oficinas de MLB en Nueva York.<\/p>\n\n\n\n<p>Para este a\u00f1o, el INEFI tiene en agenda un gran evento nacional de b\u00e9isbol escolar, adem\u00e1s del torneo de b\u00e9isbol correspondiente a los pr\u00f3ximos XI Juegos Escolares Deportivos Nacionales, que se celebrar\u00e1n en San Francisco de Macor\u00eds en 2025.<\/p>\n\n\n\n<p>\u00abQueremos que la log\u00edstica de MLB se integre junto a nosotros en estos eventos, mediante cl\u00ednicas, charlas y entrega de utiler\u00edas\u00bb, manifest\u00f3 Rodr\u00edguez tras el encuentro.<\/p>\n\n\n\n<p>Los ejecutivos del INEFI expresaron su orgullo y agradecimiento por las atenciones brindadas por Dan Halem, quien es el segundo al mando en la estructura dirigida por el comisionado Rob Manfred.<\/p>\n\n\n\n<p><strong>PRENSA INEFI<\/strong>\u00a0&lt;prensainefi@gmail.com> <\/p>\n","protected":false},"excerpt":{"rendered":"<p>Dan Halem, comisionado adjunto de la oficina de MLB, se mostr\u00f3 impresionado con los datos presentados por el director de INEFI, Alberto Rodr\u00edguez. NUEVA YORK.-&nbsp;La inversi\u00f3n del Gobierno dominicano en el desarrollo del b\u00e9isbol escolar, a trav\u00e9s del Instituto Nacional de Educaci\u00f3n F\u00edsica (INEFI), ha sido bien valorada por altos ejecutivos de las Grandes Ligas [&hellip;]<\/p>\n","protected":false},"author":7,"featured_media":612375,"comment_status":"closed","ping_status":"closed","sticky":false,"template":"","format":"standard","meta":{"footnotes":""},"categories":[17],"tags":[491],"class_list":["post-612369","post","type-post","status-publish","format-standard","has-post-thumbnail","hentry","category-deportes","tag-inefi"],"_links":{"self":[{"href":"https:\/\/diariodominicano.com\/index.php?rest_route=\/wp\/v2\/posts\/612369","targetHints":{"allow":["GET"]}}],"collection":[{"href":"https:\/\/diariodominicano.com\/index.php?rest_route=\/wp\/v2\/posts"}],"about":[{"href":"https:\/\/diariodominicano.com\/index.php?rest_route=\/wp\/v2\/types\/post"}],"author":[{"embeddable":true,"href":"https:\/\/diariodominicano.com\/index.php?rest_route=\/wp\/v2\/users\/7"}],"replies":[{"embeddable":true,"href":"https:\/\/diariodominicano.com\/index.php?rest_route=%2Fwp%2Fv2%2Fcomments&post=612369"}],"version-history":[{"count":1,"href":"https:\/\/diariodominicano.com\/index.php?rest_route=\/wp\/v2\/posts\/612369\/revisions"}],"predecessor-version":[{"id":612378,"href":"https:\/\/diariodominicano.com\/index.php?rest_route=\/wp\/v2\/posts\/612369\/revisions\/612378"}],"wp:featuredmedia":[{"embeddable":true,"href":"https:\/\/diariodominicano.com\/index.php?rest_route=\/wp\/v2\/media\/612375"}],"wp:attachment":[{"href":"https:\/\/diariodominicano.com\/index.php?rest_route=%2Fwp%2Fv2%2Fmedia&parent=612369"}],"wp:term":[{"taxonomy":"category","embeddable":true,"href":"https:\/\/diariodominicano.com\/index.php?rest_route=%2Fwp%2Fv2%2Fcategories&post=612369"},{"taxonomy":"post_tag","embeddable":true,"href":"https:\/\/diariodominicano.com\/index.php?rest_route=%2Fwp%2Fv2%2Ftags&post=612369"}],"curies":[{"name":"wp","href":"https:\/\/api.w.org\/{rel}","templated":true}]}}