{"id":612088,"date":"2025-04-27T01:27:23","date_gmt":"2025-04-27T05:27:23","guid":{"rendered":"https:\/\/diariodominicano.com\/?p=612088"},"modified":"2025-04-29T20:42:01","modified_gmt":"2025-04-30T00:42:01","slug":"asamblea-destituye-al-doctor-rodriguez-grullon-como-presidente-del-instituto-duartiano","status":"publish","type":"post","link":"https:\/\/diariodominicano.com\/?p=612088","title":{"rendered":"Asamblea destituye al doctor Julio Manuel Rodr\u00edguez Grull\u00f3n como presidente del Instituto Duartiano"},"content":{"rendered":"\n<p>La decisi\u00f3n fue tomada este s\u00e1bado por las posturas personales del doctor Julio Manuel Rodr\u00edguez Grull\u00f3n sobre el tema haitiano, que se apartan de la l\u00ednea institucional en defensa de la soberan\u00eda.<\/p>\n\n\n\n<p>Santo Domingo, R.D.- En una Asamblea General Extraordinaria, el Instituto Duartiano decidi\u00f3 revocar de la presidencia de esa entidad al doctor Julio Manuel Rodr\u00edguez Grull\u00f3n, tras considerar que sus declaraciones y conducta se apartaron de la l\u00ednea institucional que ha mantenido desde su fundaci\u00f3n en 1964, basada en el pensamiento pol\u00edtico de Juan Pablo Duarte.<\/p>\n\n\n\n<figure class=\"wp-block-image\"><img decoding=\"async\" src=\"https:\/\/diariodominicano.com\/wp-content\/uploads\/2025\/04\/Directivos-del-Instituto-Duartiano-luego-de-la-asamblea-1024x486.jpg\" alt=\"\"\/><\/figure>\n\n\n\n<p>La decisi\u00f3n se tom\u00f3 este s\u00e1bado debido a que la posici\u00f3n del doctor Rodr\u00edguez Grull\u00f3n, en su breve mandato de un mes, result\u00f3 \u00abincompatible con el vehemente accionar de esta entidad patri\u00f3tica en su resuelta lucha en defensa de la soberan\u00eda nacional, y de los derechos, seguridad y garant\u00edas del pueblo dominicano\u00bb, seg\u00fan el comunicado emitido por el Instituto.<\/p>\n\n\n\n<p>Las declaraciones que desataron la controversia fueron las del propio Rodr\u00edguez Grull\u00f3n, quien expres\u00f3 que \u00abmuchos dominicanos que no quieren saber de los haitianos, pero que esos nacionales no se ir\u00edan y que, por consiguiente, los dominicanos estaban obligados a convivir con ellos\u00bb, a\u00f1adiendo que \u201cnecesitamos una pol\u00edtica coherente con los haitianos y no debemos descartar en nuestro presupuesto, alg\u00fan tipo de ayuda al desarrollo de Hait\u00ed\u201d.<\/p>\n\n\n\n<p>El Instituto Duartiano, en contraposici\u00f3n, reafirm\u00f3 su postura, se\u00f1alando que la solidaridad dominicana se ha manifestado ampliamente, destinando m\u00e1s del 25 por ciento del presupuesto general a asistir a nacionales haitianos indocumentados en el territorio dominicano, lo que consideran perjudicial para la poblaci\u00f3n pobre dominicana.<\/p>\n\n\n\n<p>La l\u00ednea institucional del Instituto Duartiano qued\u00f3 establecida en el \u201cManifiesto Patri\u00f3tico al Pa\u00eds y al Mundo\u201d, del 6 de agosto de 2022, donde se proclam\u00f3 que \u00abno hay ni habr\u00e1 jam\u00e1s soluci\u00f3n dominicana a los problemas de Hait\u00ed aqu\u00ed en nuestro territorio\u00bb. Este manifiesto, seg\u00fan el Instituto, representa el inicio de un movimiento de defensa de la dominicanidad y resistencia activa por parte del pueblo dominicano.<\/p>\n\n\n\n<p>El Instituto Duartiano aclar\u00f3 que \u00ablos dominicanos no han fomentado jam\u00e1s odio contra el pueblo haitiano, ni contra ning\u00fan otro pueblo\u00bb, pero que no pueden permitir que se les siga agrediendo, desconociendo sus derechos y libertades, ni ocupando su territorio.<\/p>\n\n\n\n<p>La destituci\u00f3n del doctor Rodr\u00edguez Grull\u00f3n se produce tras el rechazo de diversos sectores patri\u00f3ticos a sus posturas, lo que llev\u00f3 a la convocatoria de la Asamblea General Extraordinaria.<\/p>\n\n\n\n<p>En la misma asamblea, se eligi\u00f3 la nueva junta directiva nacional para el periodo 2025-2027, integrada por Wilson G\u00f3mez Ram\u00edrez, presidente; Jacinto Esteban Pichardo Vicioso, vicepresidente; Rafaela Mesa Simon, secretario general; Jos\u00e9 Pila Moreno Duarte, tesorero y V\u00edctor C\u00e9sar Zabala S\u00e1nchez, gobernador.<\/p>\n\n\n\n<p>Son vocales Robinson Cuello Chanlatte, Dulce Ros, Julia Danitza Feliz Feliz, Eduardo Gautreaux de Windt y Carmen Herrera Medrano.<\/p>\n\n\n\n<p>La nueva directiva asume el compromiso de continuar la defensa de los valores patrios y la soberan\u00eda nacional, en l\u00ednea con los principios del Instituto Duartiano.<\/p>\n\n\n\n<p>Sobre el Instituto Duartiano:<\/p>\n\n\n\n<p>El Instituto Duartiano es un organismo oficial y aut\u00f3nomo, fundado el 26 de enero de 1964. La Ley n\u00famero 127-01, del 27 de julio de 2001, le otorg\u00f3 autonom\u00eda.<\/p>\n\n\n\n<p>Su objetivo es promover la difusi\u00f3n de los ideales, la vida y el ejemplo del patricio Juan Pablo Duarte, as\u00ed como los valores patrios y los gloriosos acontecimientos hist\u00f3ricos del pa\u00eds.<\/p>\n\n\n\n<p>Tiene la misi\u00f3n de llevar al pueblo dominicano la historia de Juan Pablo Duarte y tratar de que, por medio del conocimiento de sus ideales, laboriosidad, honestidad acrisolada, patriotismo, esp\u00edritu de servicio y vida ejemplar, exista un mejor ciudadano y una patria justa y feliz, como la so\u00f1\u00f3 el padre de la Patria.<\/p>\n\n\n\n<figure class=\"wp-block-embed is-type-video is-provider-youtube wp-block-embed-youtube wp-embed-aspect-16-9 wp-has-aspect-ratio\"><div class=\"wp-block-embed__wrapper\">\n<iframe loading=\"lazy\" title=\"Asamblea destituye al doctor Rodr\u00edguez Grull\u00f3n como presidente del Instituto Duartiano\" width=\"616\" height=\"347\" src=\"https:\/\/www.youtube.com\/embed\/d571u_l0yNw?feature=oembed\" frameborder=\"0\" allow=\"accelerometer; autoplay; clipboard-write; encrypted-media; gyroscope; picture-in-picture; web-share\" referrerpolicy=\"strict-origin-when-cross-origin\" allowfullscreen><\/iframe>\n<\/div><\/figure>\n\n\n\n<figure class=\"wp-block-embed is-type-video is-provider-youtube wp-block-embed-youtube wp-embed-aspect-16-9 wp-has-aspect-ratio\"><div class=\"wp-block-embed__wrapper\">\n<iframe loading=\"lazy\" title=\"Asamblea destituye a Rodr\u00edguez Grull\u00f3n como presidente del Instituto Duartiano\" width=\"616\" height=\"347\" src=\"https:\/\/www.youtube.com\/embed\/A5yXQTu44rc?feature=oembed\" frameborder=\"0\" allow=\"accelerometer; autoplay; clipboard-write; encrypted-media; gyroscope; picture-in-picture; web-share\" referrerpolicy=\"strict-origin-when-cross-origin\" allowfullscreen><\/iframe>\n<\/div><\/figure>\n\n\n\n<p>Enver L\u00f3pez Milander <a href=\"mailto:enverolm5@gmail.com\">enverolm5@gmail.com<\/a><\/p>\n","protected":false},"excerpt":{"rendered":"<p>La decisi\u00f3n fue tomada este s\u00e1bado por las posturas personales del doctor Julio Manuel Rodr\u00edguez Grull\u00f3n sobre el tema haitiano, que se apartan de la l\u00ednea institucional en defensa de la soberan\u00eda. Santo Domingo, R.D.- En una Asamblea General Extraordinaria, el Instituto Duartiano decidi\u00f3 revocar de la presidencia de esa entidad al doctor Julio Manuel [&hellip;]<\/p>\n","protected":false},"author":7,"featured_media":612098,"comment_status":"closed","ping_status":"closed","sticky":false,"template":"","format":"standard","meta":{"footnotes":""},"categories":[36,26,112,27],"tags":[264],"class_list":["post-612088","post","type-post","status-publish","format-standard","has-post-thumbnail","hentry","category-hombresmujeresycosas","category-efemerides","category-haiti","category-portada","tag-instituto-duartiano"],"_links":{"self":[{"href":"https:\/\/diariodominicano.com\/index.php?rest_route=\/wp\/v2\/posts\/612088","targetHints":{"allow":["GET"]}}],"collection":[{"href":"https:\/\/diariodominicano.com\/index.php?rest_route=\/wp\/v2\/posts"}],"about":[{"href":"https:\/\/diariodominicano.com\/index.php?rest_route=\/wp\/v2\/types\/post"}],"author":[{"embeddable":true,"href":"https:\/\/diariodominicano.com\/index.php?rest_route=\/wp\/v2\/users\/7"}],"replies":[{"embeddable":true,"href":"https:\/\/diariodominicano.com\/index.php?rest_route=%2Fwp%2Fv2%2Fcomments&post=612088"}],"version-history":[{"count":2,"href":"https:\/\/diariodominicano.com\/index.php?rest_route=\/wp\/v2\/posts\/612088\/revisions"}],"predecessor-version":[{"id":612109,"href":"https:\/\/diariodominicano.com\/index.php?rest_route=\/wp\/v2\/posts\/612088\/revisions\/612109"}],"wp:featuredmedia":[{"embeddable":true,"href":"https:\/\/diariodominicano.com\/index.php?rest_route=\/wp\/v2\/media\/612098"}],"wp:attachment":[{"href":"https:\/\/diariodominicano.com\/index.php?rest_route=%2Fwp%2Fv2%2Fmedia&parent=612088"}],"wp:term":[{"taxonomy":"category","embeddable":true,"href":"https:\/\/diariodominicano.com\/index.php?rest_route=%2Fwp%2Fv2%2Fcategories&post=612088"},{"taxonomy":"post_tag","embeddable":true,"href":"https:\/\/diariodominicano.com\/index.php?rest_route=%2Fwp%2Fv2%2Ftags&post=612088"}],"curies":[{"name":"wp","href":"https:\/\/api.w.org\/{rel}","templated":true}]}}