{"id":611961,"date":"2025-04-26T02:21:23","date_gmt":"2025-04-26T06:21:23","guid":{"rendered":"https:\/\/diariodominicano.com\/?p=611961"},"modified":"2025-04-26T02:23:20","modified_gmt":"2025-04-26T06:23:20","slug":"alejandrina-german-pld-destaca-impacto-social-y-politico-de-la-revolucion-de-abril","status":"publish","type":"post","link":"https:\/\/diariodominicano.com\/?p=611961","title":{"rendered":"Alejandrina Germ\u00e1n PLD destaca impacto social y pol\u00edtico de la Revoluci\u00f3n de Abril"},"content":{"rendered":"\n<p><strong><em>Alejandrina Germ\u00e1n:<\/em><\/strong>&nbsp;<em>\u201cOjal\u00e1 que los j\u00f3venes puedan evaluar con objetividad el gran retroceso que implic\u00f3 para el pueblo el derrocamiento del Gobierno del Prof. Juan Bosch\u201d,<\/em><\/p>\n\n\n\n<figure class=\"wp-block-image size-large\"><img loading=\"lazy\" decoding=\"async\" width=\"1024\" height=\"768\" src=\"https:\/\/diariodominicano.com\/wp-content\/uploads\/2025\/04\/Imagen-39-1024x768.jpeg\" alt=\"\" class=\"wp-image-611965\" srcset=\"https:\/\/diariodominicano.com\/wp-content\/uploads\/2025\/04\/Imagen-39-1024x768.jpeg 1024w, https:\/\/diariodominicano.com\/wp-content\/uploads\/2025\/04\/Imagen-39-300x225.jpeg 300w, https:\/\/diariodominicano.com\/wp-content\/uploads\/2025\/04\/Imagen-39-768x576.jpeg 768w, https:\/\/diariodominicano.com\/wp-content\/uploads\/2025\/04\/Imagen-39-1536x1152.jpeg 1536w, https:\/\/diariodominicano.com\/wp-content\/uploads\/2025\/04\/Imagen-39-2048x1536.jpeg 2048w, https:\/\/diariodominicano.com\/wp-content\/uploads\/2025\/04\/Imagen-39-816x612.jpeg 816w\" sizes=\"auto, (max-width: 1024px) 100vw, 1024px\" \/><\/figure>\n\n\n\n<p><strong>Alejandrina Germ\u00e1n, titular de la Secretar\u00eda de Formaci\u00f3n Pol\u00edtica del Partido de la Liberaci\u00f3n Dominicana (PLD),<\/strong>&nbsp;asegur\u00f3 que la Revoluci\u00f3n de abril de 1965 tuvo como principal detonante el derrocamiento del presidente constitucional, Profesor Juan Bosch, ocurrido el 25 de septiembre de 1963, hecho que trunc\u00f3 una etapa trascendental para el desarrollo democr\u00e1tico y social del pa\u00eds.<\/p>\n\n\n\n<figure class=\"wp-block-image size-large\"><img loading=\"lazy\" decoding=\"async\" width=\"1024\" height=\"567\" src=\"https:\/\/diariodominicano.com\/wp-content\/uploads\/2025\/04\/Imagen-15-1024x567.jpeg\" alt=\"\" class=\"wp-image-611968\" srcset=\"https:\/\/diariodominicano.com\/wp-content\/uploads\/2025\/04\/Imagen-15-1024x567.jpeg 1024w, https:\/\/diariodominicano.com\/wp-content\/uploads\/2025\/04\/Imagen-15-300x166.jpeg 300w, https:\/\/diariodominicano.com\/wp-content\/uploads\/2025\/04\/Imagen-15-768x425.jpeg 768w, https:\/\/diariodominicano.com\/wp-content\/uploads\/2025\/04\/Imagen-15-816x452.jpeg 816w, https:\/\/diariodominicano.com\/wp-content\/uploads\/2025\/04\/Imagen-15.jpeg 1280w\" sizes=\"auto, (max-width: 1024px) 100vw, 1024px\" \/><\/figure>\n\n\n\n<p>El miembro del Comit\u00e9 Pol\u00edtico dijo que el levantamiento popular de abril de 1965 fue un acontecimiento que marc\u00f3 profundamente la historia nacional.<\/p>\n\n\n\n<p>\u00abEl derrocamiento del Gobierno del profesor Juan Bosch no solo cambi\u00f3 el curso de la historia, sino que impidi\u00f3 que se hicieran realidad los m\u00e1s avanzados derechos que en todos los \u00e1mbitos pretend\u00eda impulsar nuestro l\u00edder y gu\u00eda\u00bb, enfatiz\u00f3 Germ\u00e1n en la introducci\u00f3n de la exposici\u00f3n de Rafael P\u00e9rez Modesto sobre la Guerra de abril de 1965.<\/p>\n\n\n\n<p>La maestra Alejandrina Germ\u00e1n invit\u00f3 a las nuevas generaciones a reflexionar sobre las consecuencias negativas que provoc\u00f3 el golpe de Estado de 1963.<\/p>\n\n\n\n<p>Se\u00f1al\u00f3 que ese suceso hist\u00f3rico interrumpi\u00f3 la ejecuci\u00f3n de ambiciosos planes, programas y proyectos orientados al progreso y la modernizaci\u00f3n de la Rep\u00fablica Dominicana, que quedaron plasmados en la Constituci\u00f3n de 1963.<\/p>\n\n\n\n<p>\u00abOjal\u00e1 que los j\u00f3venes dominicanos puedan evaluar con objetividad el gran retroceso que implic\u00f3 para el pueblo dominicano el derrocamiento del Gobierno del profesor Juan Bosch, que fue el motivo principal de la Revoluci\u00f3n de abril de 1965\u00bb, agreg\u00f3.<\/p>\n\n\n\n<p>Enfatiz\u00f3 que, aunque las fuerzas nacionales y extranjeras lograron remover del poder a Bosch, nunca pudieron borrar la conciencia colectiva ni eliminar el ideal de construir una sociedad m\u00e1s justa y democr\u00e1tica. Fue precisamente ese anhelo, resalt\u00f3, lo que dio origen al levantamiento popular del 24 de abril.<\/p>\n\n\n\n<p>Finalmente, Alejandrina Germ\u00e1n anunci\u00f3 la participaci\u00f3n de Rafael P\u00e9rez Modesto, quien profundiz\u00f3 sobre la importancia hist\u00f3rica de la Revoluci\u00f3n de Abril, ofreciendo una perspectiva \u00abclara, objetiva y convincente\u00bb sobre este evento y su impacto en la trayectoria de la naci\u00f3n dominicana.<\/p>\n\n\n\n<p><strong>SECRETAR\u00cdA DE COMUNICACIONES<\/strong><\/p>\n\n\n\n<p><strong>25 DE ABRIL DE 2025.-<\/strong><\/p>\n","protected":false},"excerpt":{"rendered":"<p>Alejandrina Germ\u00e1n:&nbsp;\u201cOjal\u00e1 que los j\u00f3venes puedan evaluar con objetividad el gran retroceso que implic\u00f3 para el pueblo el derrocamiento del Gobierno del Prof. Juan Bosch\u201d, Alejandrina Germ\u00e1n, titular de la Secretar\u00eda de Formaci\u00f3n Pol\u00edtica del Partido de la Liberaci\u00f3n Dominicana (PLD),&nbsp;asegur\u00f3 que la Revoluci\u00f3n de abril de 1965 tuvo como principal detonante el derrocamiento del [&hellip;]<\/p>\n","protected":false},"author":28,"featured_media":611963,"comment_status":"closed","ping_status":"closed","sticky":false,"template":"","format":"standard","meta":{"footnotes":""},"categories":[26,22],"tags":[],"class_list":["post-611961","post","type-post","status-publish","format-standard","has-post-thumbnail","hentry","category-efemerides","category-politica"],"_links":{"self":[{"href":"https:\/\/diariodominicano.com\/index.php?rest_route=\/wp\/v2\/posts\/611961","targetHints":{"allow":["GET"]}}],"collection":[{"href":"https:\/\/diariodominicano.com\/index.php?rest_route=\/wp\/v2\/posts"}],"about":[{"href":"https:\/\/diariodominicano.com\/index.php?rest_route=\/wp\/v2\/types\/post"}],"author":[{"embeddable":true,"href":"https:\/\/diariodominicano.com\/index.php?rest_route=\/wp\/v2\/users\/28"}],"replies":[{"embeddable":true,"href":"https:\/\/diariodominicano.com\/index.php?rest_route=%2Fwp%2Fv2%2Fcomments&post=611961"}],"version-history":[{"count":2,"href":"https:\/\/diariodominicano.com\/index.php?rest_route=\/wp\/v2\/posts\/611961\/revisions"}],"predecessor-version":[{"id":611969,"href":"https:\/\/diariodominicano.com\/index.php?rest_route=\/wp\/v2\/posts\/611961\/revisions\/611969"}],"wp:featuredmedia":[{"embeddable":true,"href":"https:\/\/diariodominicano.com\/index.php?rest_route=\/wp\/v2\/media\/611963"}],"wp:attachment":[{"href":"https:\/\/diariodominicano.com\/index.php?rest_route=%2Fwp%2Fv2%2Fmedia&parent=611961"}],"wp:term":[{"taxonomy":"category","embeddable":true,"href":"https:\/\/diariodominicano.com\/index.php?rest_route=%2Fwp%2Fv2%2Fcategories&post=611961"},{"taxonomy":"post_tag","embeddable":true,"href":"https:\/\/diariodominicano.com\/index.php?rest_route=%2Fwp%2Fv2%2Ftags&post=611961"}],"curies":[{"name":"wp","href":"https:\/\/api.w.org\/{rel}","templated":true}]}}