{"id":611957,"date":"2025-04-26T02:17:51","date_gmt":"2025-04-26T06:17:51","guid":{"rendered":"https:\/\/diariodominicano.com\/?p=611957"},"modified":"2025-04-26T02:17:55","modified_gmt":"2025-04-26T06:17:55","slug":"el-pld-conmemora-los-60-anos-de-la-guerra-de-abril","status":"publish","type":"post","link":"https:\/\/diariodominicano.com\/?p=611957","title":{"rendered":"El PLD conmemora los 60 a\u00f1os de la Guerra de Abril"},"content":{"rendered":"\n<p><strong><em>Rafael P\u00e9rez Modesto:<\/em><\/strong>&nbsp;<em>\u201cGuerra de abril 1965 uno de los episodios trascendentes de la historia de la Rep\u00fablica Dominicana\u201d<\/em><\/p>\n\n\n\n<figure class=\"wp-block-image size-large\"><img loading=\"lazy\" decoding=\"async\" width=\"1024\" height=\"574\" src=\"https:\/\/diariodominicano.com\/wp-content\/uploads\/2025\/04\/Imagen-14-1024x574.jpeg\" alt=\"\" class=\"wp-image-611959\" srcset=\"https:\/\/diariodominicano.com\/wp-content\/uploads\/2025\/04\/Imagen-14-1024x574.jpeg 1024w, https:\/\/diariodominicano.com\/wp-content\/uploads\/2025\/04\/Imagen-14-300x168.jpeg 300w, https:\/\/diariodominicano.com\/wp-content\/uploads\/2025\/04\/Imagen-14-768x431.jpeg 768w, https:\/\/diariodominicano.com\/wp-content\/uploads\/2025\/04\/Imagen-14-816x458.jpeg 816w, https:\/\/diariodominicano.com\/wp-content\/uploads\/2025\/04\/Imagen-14.jpeg 1280w\" sizes=\"auto, (max-width: 1024px) 100vw, 1024px\" \/><\/figure>\n\n\n\n<p>La Guerra de Abril es el acontecimiento hist\u00f3rico m\u00e1s trascendente de la Rep\u00fablica Dominicana, despu\u00e9s de la Independencia y la Restauraci\u00f3n, defendiendo la Constituci\u00f3n m\u00e1s avanzada y los logros que se alcanzaron durante los siete meses de gobierno del profesor Juan Bosch.<\/p>\n\n\n\n<p>La definici\u00f3n es del historiador y miembro del&nbsp;<strong>Comit\u00e9 Central del Partido de la Liberaci\u00f3n Dominicana (PLD), Rafael P\u00e9rez Modesto,<\/strong>&nbsp;externada al sostener un conversatorio sobre la trascendencia de la Guerra de abril de 1965.<\/p>\n\n\n\n<p>El conversatorio fue organizado por las Secretar\u00edas Generales y de Formaci\u00f3n Pol\u00edtica del PLD, se realiz\u00f3 este 24 de abril con el t\u00edtulo \u201c60 a\u00f1os del estallido de la guerra constitucionalista\u201d, en el sal\u00f3n Bienvenido Sandoval de la Casa Nacional Reinaldo Pared P\u00e9rez.<\/p>\n\n\n\n<p>P\u00e9rez Modesto narr\u00f3 que cuando el triunfo estaba asegurado para retomar ese camino de progreso, truncado con el Golpe de Estado a Juan Bosch en 1963, se produjo la invasi\u00f3n norteamericana impidiendo el triunfo que se impuso a la fuerza pero que no logr\u00f3 doblar la voluntad del pa\u00eds.<\/p>\n\n\n\n<p>\u201cNormalmente le decimos intervenci\u00f3n, pero realmente fue una invasi\u00f3n grosera de los Estados Unidos a la Rep\u00fablica Dominicana\u201d, aclar\u00f3 P\u00e9rez Modesto.<\/p>\n\n\n\n<p>Dijo que al conmemorar este tipo de acontecimiento engrandece a la instituci\u00f3n que cre\u00f3 Juan Bosch (El Partido de la Liberaci\u00f3n Dominicana).<\/p>\n\n\n\n<p>Explic\u00f3 que Bosch fue el art\u00edfice junto con el coronel Rafael Tom\u00e1s Fern\u00e1ndez Dom\u00ednguez y un grupo de militares que los acompa\u00f1aron desde que se iniciaron las gestiones de tumbar su gobierno por parte de sectores olig\u00e1rquicos y retr\u00f3grados de la iglesia cat\u00f3lica y los Estados Unidos que entend\u00edan que afectaba sus intereses.<\/p>\n\n\n\n<p>\u201cUna revoluci\u00f3n democr\u00e1tica que no ten\u00eda nada de que ser objetada sino m\u00e1s bien la inseguridad de los Estados Unidos ante un triunfo que se hab\u00eda producido en condiciones diferentes con armas en las manos en Cuba con un l\u00edder como Fidel Castro\u201d, relat\u00f3 el historiador y dirigente pol\u00edtico.<\/p>\n\n\n\n<p>P\u00e9rez Modesto destac\u00f3 que los norteamericanos no toleraban un gobierno encabezado por una figura incuestionable como Juan Bosch, desde el punto de vista \u00e9tico, formaci\u00f3n pol\u00edtica y arraigado en un pueblo que lo eligi\u00f3 con un 63% de los votantes.<\/p>\n\n\n\n<p>Considera importante recordar y promover esta gesta gloriosa en todos los escenarios de la Rep\u00fablica Dominicana para que este acontecimiento no muera en la conciencia nacional y pueda llegar sobre todo a la juventud y la mujer, que fueron parte decisiva de este suceso.<\/p>\n\n\n\n<p><strong>Desarrollo de la actividad<\/strong><\/p>\n\n\n\n<p><strong>El conversatorio comenz\u00f3<\/strong>&nbsp;con unas palabras de introducci\u00f3n a cargo de H\u00e9ctor Olivo, quien invit\u00f3 a escuchar de pie el Himno a la Revoluci\u00f3n de abril de 1965, escrito por el llamado cantor de la Patria, An\u00edbal de Pe\u00f1a.<\/p>\n\n\n\n<p>Johnny Pujols, Secretario General, encabez\u00f3 la representaci\u00f3n de los miembros del Comit\u00e9 Pol\u00edtico, Central y dirigentes nacionales presentes en el sal\u00f3n, Bienvenido Sandoval de la Casa Nacional Reinaldo Pared P\u00e9rez<\/p>\n\n\n\n<p>La l\u00edder del PLD y miembro del Comit\u00e9 Pol\u00edtico, Alejandrina Germ\u00e1n tuvo a su cargo las palabras introductorias a las que siguieron la lectura del poema 60 abriles, escrito por Frank Pacheco, del equipo de comunicadores dirigentes del PLD.<\/p>\n\n\n\n<p>Luego inici\u00f3 su ponencia Rafael P\u00e9rez Modesto, historiador y sobreviviente del levantamiento armado que encabez\u00f3 a Manolo Tavares Justo.<\/p>\n\n\n\n<p>La ponencia estuvo acompa\u00f1ada de im\u00e1genes fotogr\u00e1ficas de la gesta patri\u00f3tica que propugnaba por el retorno al poder del Profesor Juan Bosch quien hab\u00eda sido sacado del poder mediante un golpe de Estado.<\/p>\n\n\n\n<p>A la actividad asistieron miembros del Comit\u00e9 Pol\u00edtico, Central y dirigentes de diferentes gremios y simpatizantes de la organizaci\u00f3n.<\/p>\n\n\n\n<p><strong>SECRETAR\u00cdA DE COMUNICACIONES<\/strong><\/p>\n\n\n\n<p><strong>25 DE ABRIL DE 2025.-<\/strong><\/p>\n","protected":false},"excerpt":{"rendered":"<p>Rafael P\u00e9rez Modesto:&nbsp;\u201cGuerra de abril 1965 uno de los episodios trascendentes de la historia de la Rep\u00fablica Dominicana\u201d La Guerra de Abril es el acontecimiento hist\u00f3rico m\u00e1s trascendente de la Rep\u00fablica Dominicana, despu\u00e9s de la Independencia y la Restauraci\u00f3n, defendiendo la Constituci\u00f3n m\u00e1s avanzada y los logros que se alcanzaron durante los siete meses de [&hellip;]<\/p>\n","protected":false},"author":28,"featured_media":611958,"comment_status":"closed","ping_status":"closed","sticky":false,"template":"","format":"standard","meta":{"footnotes":""},"categories":[26,22],"tags":[],"class_list":["post-611957","post","type-post","status-publish","format-standard","has-post-thumbnail","hentry","category-efemerides","category-politica"],"_links":{"self":[{"href":"https:\/\/diariodominicano.com\/index.php?rest_route=\/wp\/v2\/posts\/611957","targetHints":{"allow":["GET"]}}],"collection":[{"href":"https:\/\/diariodominicano.com\/index.php?rest_route=\/wp\/v2\/posts"}],"about":[{"href":"https:\/\/diariodominicano.com\/index.php?rest_route=\/wp\/v2\/types\/post"}],"author":[{"embeddable":true,"href":"https:\/\/diariodominicano.com\/index.php?rest_route=\/wp\/v2\/users\/28"}],"replies":[{"embeddable":true,"href":"https:\/\/diariodominicano.com\/index.php?rest_route=%2Fwp%2Fv2%2Fcomments&post=611957"}],"version-history":[{"count":1,"href":"https:\/\/diariodominicano.com\/index.php?rest_route=\/wp\/v2\/posts\/611957\/revisions"}],"predecessor-version":[{"id":611960,"href":"https:\/\/diariodominicano.com\/index.php?rest_route=\/wp\/v2\/posts\/611957\/revisions\/611960"}],"wp:featuredmedia":[{"embeddable":true,"href":"https:\/\/diariodominicano.com\/index.php?rest_route=\/wp\/v2\/media\/611958"}],"wp:attachment":[{"href":"https:\/\/diariodominicano.com\/index.php?rest_route=%2Fwp%2Fv2%2Fmedia&parent=611957"}],"wp:term":[{"taxonomy":"category","embeddable":true,"href":"https:\/\/diariodominicano.com\/index.php?rest_route=%2Fwp%2Fv2%2Fcategories&post=611957"},{"taxonomy":"post_tag","embeddable":true,"href":"https:\/\/diariodominicano.com\/index.php?rest_route=%2Fwp%2Fv2%2Ftags&post=611957"}],"curies":[{"name":"wp","href":"https:\/\/api.w.org\/{rel}","templated":true}]}}