{"id":611835,"date":"2025-04-25T14:48:11","date_gmt":"2025-04-25T18:48:11","guid":{"rendered":"https:\/\/diariodominicano.com\/?p=611835"},"modified":"2025-04-26T00:01:03","modified_gmt":"2025-04-26T04:01:03","slug":"la-sedofutbol-sub-15-completo-de-manera-exitosa-su-primer-microciclo-de-preparacion","status":"publish","type":"post","link":"https:\/\/diariodominicano.com\/?p=611835","title":{"rendered":"La Sedof\u00fatbol Sub-15 reporta complet\u00f3  su primer microciclo de preparaci\u00f3n"},"content":{"rendered":"\n<p>SANTO DOMINGO.- La Selecci\u00f3n Dominicana de F\u00fatbol Sub-15 culmin\u00f3 su primer microciclo de trabajos este jueves en el Estadio de F\u00fatbol Parque del Este, el m\u00f3dulo se llev\u00f3 a cabo del 21 al 24 de abril en Santo Domingo y marc\u00f3 el inicio de la preparaci\u00f3n de cara al Campeonato Sub-15 de Concacaf 2025.<\/p>\n\n\n\n<p>El microciclo forma parte de la planificaci\u00f3n de la Coordinaci\u00f3n de Selecciones Nacionales Masculinas que encabeza Marcelo Neveleff.<\/p>\n\n\n\n<figure class=\"wp-block-gallery has-nested-images columns-default is-cropped wp-block-gallery-1 is-layout-flex wp-block-gallery-is-layout-flex\">\n<figure class=\"wp-block-image size-large\"><img loading=\"lazy\" decoding=\"async\" width=\"744\" height=\"417\" data-id=\"611845\" src=\"https:\/\/diariodominicano.com\/wp-content\/uploads\/2025\/04\/La-Sedofutbol-Sub-15-completo-de-manera-exitosa-primer-microciclo-de-preparacion.jpg\" alt=\"\" class=\"wp-image-611845\" srcset=\"https:\/\/diariodominicano.com\/wp-content\/uploads\/2025\/04\/La-Sedofutbol-Sub-15-completo-de-manera-exitosa-primer-microciclo-de-preparacion.jpg 744w, https:\/\/diariodominicano.com\/wp-content\/uploads\/2025\/04\/La-Sedofutbol-Sub-15-completo-de-manera-exitosa-primer-microciclo-de-preparacion-300x168.jpg 300w\" sizes=\"auto, (max-width: 744px) 100vw, 744px\" \/><\/figure>\n<\/figure>\n\n\n\n<p>Durante el m\u00f3dulo los chicos desarrollaron una agenda muy cargada con cuatro entrenamientos en el Estadio del Parque del Este, sesiones de an\u00e1lisis de videos, charlas t\u00e9cnicas, entre otras actividades propias de una concentraci\u00f3n.<\/p>\n\n\n\n<p>Ecker S\u00e1nchez, seleccionador de la categor\u00eda, expres\u00f3 algunas conclusiones preliminares al t\u00e9rmino de la sesi\u00f3n de f\u00fatbol de este jueves \u201cLas sensaciones son muy buenas, llegamos con mucho entusiasmo e ilusi\u00f3n y de esa manera lo terminamos. Los chicos han respondido que es lo m\u00e1s importante\u201d.<\/p>\n\n\n\n<figure class=\"wp-block-gallery has-nested-images columns-default is-cropped wp-block-gallery-2 is-layout-flex wp-block-gallery-is-layout-flex\">\n<figure class=\"wp-block-image size-large\"><img loading=\"lazy\" decoding=\"async\" width=\"703\" height=\"411\" data-id=\"611843\" src=\"https:\/\/diariodominicano.com\/wp-content\/uploads\/2025\/04\/La-Sedofutbol-Sub-15-completo-de-manera-exitosa-su-primer-microciclo-preparacion.jpg\" alt=\"\" class=\"wp-image-611843\" srcset=\"https:\/\/diariodominicano.com\/wp-content\/uploads\/2025\/04\/La-Sedofutbol-Sub-15-completo-de-manera-exitosa-su-primer-microciclo-preparacion.jpg 703w, https:\/\/diariodominicano.com\/wp-content\/uploads\/2025\/04\/La-Sedofutbol-Sub-15-completo-de-manera-exitosa-su-primer-microciclo-preparacion-300x175.jpg 300w\" sizes=\"auto, (max-width: 703px) 100vw, 703px\" \/><\/figure>\n<\/figure>\n\n\n\n<p>\u201cNo estamos tan lejos de lo que queremos, hay cosas que vamos a mejorar l\u00f3gicamente a trav\u00e9s del tiempo, pero encontramos muchachos bien formados y que podemos potenciar de cara a la competencia. Tambi\u00e9n hay que tomar en cuenta que esta es la primera vez que estos chicos vienen a una concentraci\u00f3n de este tipo\u201d, dijo el profe S\u00e1nchez.<\/p>\n\n\n\n<p>Por su parte, Marcelo Neveleff argument\u00f3 \u201cLa idea es conocer bien y a profundidad cada jugador que pueda ser seleccionable, conocer c\u00f3mo son como personas, c\u00f3mo conviven en un ambiente de alta intensidad como lo es estar con la Sedof\u00fatbol Sub-15\u201d.<\/p>\n\n\n\n<p>Continu\u00f3 diciendo, \u201cTenemos mucho talento, pero a ese talento hay que ayudarlo, estos chicos necesitan competir todas las semanas, tener partidos que sean de alta intensidad tal como son las selecciones a las que nos enfrentamos, con eso y con el apoyo del buen trabajo que puedan hacer los clubes nosotros podremos hacer el trabajo un poco mejor\u201d.<\/p>\n\n\n\n<p>En la programaci\u00f3n de la Coordinaci\u00f3n de Selecciones Nacionales Masculinas est\u00e1 darles seguimiento a los chicos en sus clubes y hacer un pr\u00f3ximo m\u00f3dulo con un grupo m\u00e1s corto y en b\u00fasqueda del listado definitivo que asistir\u00e1 a la competici\u00f3n.<\/p>\n\n\n\n<p>Fedofutbol Prensa <a href=\"mailto:fedofutbolprensa2019@gmail.com\">fedofutbolprensa2019@gmail.com<\/a><\/p>\n","protected":false},"excerpt":{"rendered":"<p>SANTO DOMINGO.- La Selecci\u00f3n Dominicana de F\u00fatbol Sub-15 culmin\u00f3 su primer microciclo de trabajos este jueves en el Estadio de F\u00fatbol Parque del Este, el m\u00f3dulo se llev\u00f3 a cabo del 21 al 24 de abril en Santo Domingo y marc\u00f3 el inicio de la preparaci\u00f3n de cara al Campeonato Sub-15 de Concacaf 2025. El [&hellip;]<\/p>\n","protected":false},"author":7,"featured_media":611844,"comment_status":"closed","ping_status":"closed","sticky":false,"template":"","format":"standard","meta":{"footnotes":""},"categories":[17],"tags":[1904],"class_list":["post-611835","post","type-post","status-publish","format-standard","has-post-thumbnail","hentry","category-deportes","tag-sedofutbol"],"_links":{"self":[{"href":"https:\/\/diariodominicano.com\/index.php?rest_route=\/wp\/v2\/posts\/611835","targetHints":{"allow":["GET"]}}],"collection":[{"href":"https:\/\/diariodominicano.com\/index.php?rest_route=\/wp\/v2\/posts"}],"about":[{"href":"https:\/\/diariodominicano.com\/index.php?rest_route=\/wp\/v2\/types\/post"}],"author":[{"embeddable":true,"href":"https:\/\/diariodominicano.com\/index.php?rest_route=\/wp\/v2\/users\/7"}],"replies":[{"embeddable":true,"href":"https:\/\/diariodominicano.com\/index.php?rest_route=%2Fwp%2Fv2%2Fcomments&post=611835"}],"version-history":[{"count":2,"href":"https:\/\/diariodominicano.com\/index.php?rest_route=\/wp\/v2\/posts\/611835\/revisions"}],"predecessor-version":[{"id":611893,"href":"https:\/\/diariodominicano.com\/index.php?rest_route=\/wp\/v2\/posts\/611835\/revisions\/611893"}],"wp:featuredmedia":[{"embeddable":true,"href":"https:\/\/diariodominicano.com\/index.php?rest_route=\/wp\/v2\/media\/611844"}],"wp:attachment":[{"href":"https:\/\/diariodominicano.com\/index.php?rest_route=%2Fwp%2Fv2%2Fmedia&parent=611835"}],"wp:term":[{"taxonomy":"category","embeddable":true,"href":"https:\/\/diariodominicano.com\/index.php?rest_route=%2Fwp%2Fv2%2Fcategories&post=611835"},{"taxonomy":"post_tag","embeddable":true,"href":"https:\/\/diariodominicano.com\/index.php?rest_route=%2Fwp%2Fv2%2Ftags&post=611835"}],"curies":[{"name":"wp","href":"https:\/\/api.w.org\/{rel}","templated":true}]}}