{"id":611834,"date":"2025-04-25T14:34:34","date_gmt":"2025-04-25T18:34:34","guid":{"rendered":"https:\/\/diariodominicano.com\/?p=611834"},"modified":"2025-04-26T00:02:08","modified_gmt":"2025-04-26T04:02:08","slug":"conmemoran-60-anos-de-la-revolucion-de-abril-con-misa-marcha-y-homenajes-a-caamano","status":"publish","type":"post","link":"https:\/\/diariodominicano.com\/?p=611834","title":{"rendered":"Conmemoran 60 a\u00f1os de la Revoluci\u00f3n de Abril con misa, marcha y homenajes a Caama\u00f1o"},"content":{"rendered":"\n<p><strong>Solicitan dignificar a sobrevinientes de la gesta<\/strong><br>Santo Domingo. Este jueves, la Rep\u00fablica Dominicana record\u00f3 los 60 a\u00f1os de la Revoluci\u00f3n del 24 de Abril de 1965, una gesta hist\u00f3rica que marc\u00f3 la defensa de la Constituci\u00f3n y la soberan\u00eda nacional frente a la intervenci\u00f3n militar estadounidense. <\/p>\n\n\n\n<p><br><br>Las fundaciones Francisco Alberto Caama\u00f1o De\u00f1\u00f3 y de Militares Constitucionalistas encabezaron los actos conmemorativos que incluyeron una misa, una marcha simb\u00f3lica y homenajes a los h\u00e9roes y hero\u00ednas que lucharon por el retorno al orden constitucional. <\/p>\n\n\n\n<p><br><br>La jornada inici\u00f3 con una eucarist\u00eda en la Catedral Primada de Am\u00e9rica, oficiada por el sacerdote Francisco Mart\u00edn Guti\u00e9rrez, quien exalt\u00f3 el sacrificio de Caama\u00f1o y de los combatientes constitucionalistas. Al cierre del oficio religioso, el presidente de la Fundaci\u00f3n de Militares Constitucionalistas, Andr\u00e9s Fortunato, destac\u00f3 que estas seis d\u00e9cadas han transcurrido sin golpes de Estado, aunque persiste la deuda de fortalecer una democracia sustentada en principios. <\/p>\n\n\n\n<figure class=\"wp-block-image\"><img decoding=\"async\" src=\"https:\/\/diariodominicano.com\/wp-content\/uploads\/2025\/04\/Conmemoran-60-anos-de-la-Revolucion-de-Abril-con-misa-marcha-y-homenajes-Caamano-768x1024.jpg\" alt=\"\"\/><\/figure>\n\n\n\n<p><br><br>Fortunato tambi\u00e9n hizo un llamado al Estado y al liderazgo pol\u00edtico nacional a reconocer y dignificar a los sobrevivientes de la gesta, muchos de los cuales enfrentan precariedades econ\u00f3micas, pese a su entrega al pa\u00eds. Adem\u00e1s, subray\u00f3 la necesidad de visibilizar a las mujeres que participaron en la lucha, reiterando el compromiso con una justicia social incluyente. <\/p>\n\n\n\n<p><br><br>Como parte de la agenda del d\u00eda, estudiantes del Liceo Francisco Alberto Caama\u00f1o desfilaron con banderas y redoblantes hasta el antiguo Edificio Copello, s\u00edmbolo de la resistencia revolucionaria. All\u00ed, Fortunato rindi\u00f3 tributo a los ca\u00eddos y reafirm\u00f3 el deber ciudadano de defender la democracia frente a cualquier amenaza, ya sea interna o externa.<br><br>Los actos concluyeron frente al busto de Caama\u00f1o, en el Parque Independencia, donde su sobrino y presidente de la fundaci\u00f3n hom\u00f3nima, Claudio Caama\u00f1o V\u00e9lez, ofreci\u00f3 un emotivo discurso. \u00abSi hoy sentimos el peso del sol, imaginemos lo que enfrentaron estos hombres y mujeres bajo la lluvia de balas, ca\u00f1ones y traici\u00f3n\u00bb, expres\u00f3, en alusi\u00f3n al sacrificio de los combatientes frente a la intervenci\u00f3n extranjera.<br><br>Caama\u00f1o V\u00e9lez tambi\u00e9n denunci\u00f3 la complicidad de dominicanos que apoyaron la ocupaci\u00f3n, calific\u00e1ndolos como \u201cserviles y traidores\u201d, y lament\u00f3 el escaso reconocimiento que a\u00fan reciben los verdaderos h\u00e9roes de la historia dominicana.<br><br>\u201cEste hecho heroico contin\u00faa siendo ignorado por gobiernos temerosos del mensaje de dignidad que transmite esta lucha\u201d, a\u00f1adi\u00f3.<br><br>Por su parte, Vicenta V\u00e9lez, viuda de Caama\u00f1o, record\u00f3 con emoci\u00f3n al l\u00edder revolucionario y afirm\u00f3 que la causa de los constitucionalistas sigue vigente como s\u00edmbolo de justicia y compromiso patri\u00f3tico. \u201cCaama\u00f1o vivi\u00f3 para el pueblo. Su lucha, como la de Jes\u00fas, permanece porque fue verdadera\u201d, concluy\u00f3.<br><br>*Sobre la Revoluci\u00f3n de abril*<br><br>La Revoluci\u00f3n de Abril, tuvo lugar entre el 24 de abril y el 3 de septiembre de 1965, en Santo Domingo, Rep\u00fablica Dominicana. Inici\u00f3 cuando un grupo de militares y civiles derrocaron al constitucionalmente electo Juan Bosch el 27 de septiembre del 1963.<br><br><br>La guerra del 24 de abril pretend\u00eda llevar nuevamente al poder al profesor Juan Bosch. El golpe de Estado llev\u00f3 al general El\u00edas Wessin y Wessin a organizar militares leales al presidente Donald Reid Cabral, quien conform\u00f3 el segundo triunvirato, iniciando una campa\u00f1a contra los as\u00ed llamados rebeldes constitucionalistas.<br><br>Alegaciones de desviaciones comunistas conllevaron a una intervenci\u00f3n estadounidense en el conflicto, que despu\u00e9s se transform\u00f3 en una ocupaci\u00f3n de la Organizaci\u00f3n de los Estados Americanos en el pa\u00eds.<br><br>M\u00e1s tarde en septiembre de 1966 las tropas internacionales se retiraron del pa\u00eds. Antes se realizaron elecciones democr\u00e1ticas en 1966, en las cuales Joaqu\u00edn Balaguer fue elegido presidente.<\/p>\n\n\n\n<p><br><strong>Claudio Antonio Caama\u00f1o V\u00e9lez<\/strong><\/p>\n\n\n\n<p><strong>@ClaudioCaamano<\/strong><\/p>\n\n\n\n<p>Claudio Caama\u00f1o <a href=\"mailto:claudiocaamano@gmail.com\">claudiocaamano@gmail.com<\/a><\/p>\n\n\n\n<p>Conmemoran 60 a\u00f1os de la Revoluci\u00f3n de Abril con misa, marcha y homenajes a Caama\u00f1o<\/p>\n\n\n\n<p><strong>Solicitan dignificar a sobrevinientes de la gesta<\/strong><br><br>Santo Domingo. Este jueves, la Rep\u00fablica Dominicana record\u00f3 los 60 a\u00f1os de la Revoluci\u00f3n del 24 de Abril de 1965, una gesta hist\u00f3rica que marc\u00f3 la defensa de la Constituci\u00f3n y la soberan\u00eda nacional frente a la intervenci\u00f3n militar estadounidense.<br><br>Las fundaciones Francisco Alberto Caama\u00f1o De\u00f1\u00f3 y de Militares Constitucionalistas encabezaron los actos conmemorativos que incluyeron una misa, una marcha simb\u00f3lica y homenajes a los h\u00e9roes y hero\u00ednas que lucharon por el retorno al orden constitucional.<br><br>La jornada inici\u00f3 con una eucarist\u00eda en la Catedral Primada de Am\u00e9rica, oficiada por el sacerdote Francisco Mart\u00edn Guti\u00e9rrez, quien exalt\u00f3 el sacrificio de Caama\u00f1o y de los combatientes constitucionalistas. Al cierre del oficio religioso, el presidente de la Fundaci\u00f3n de Militares Constitucionalistas, Andr\u00e9s Fortunato, destac\u00f3 que estas seis d\u00e9cadas han transcurrido sin golpes de Estado, aunque persiste la deuda de fortalecer una democracia sustentada en principios.<br><br>Fortunato tambi\u00e9n hizo un llamado al Estado y al liderazgo pol\u00edtico nacional a reconocer y dignificar a los sobrevivientes de la gesta, muchos de los cuales enfrentan precariedades econ\u00f3micas, pese a su entrega al pa\u00eds. Adem\u00e1s, subray\u00f3 la necesidad de visibilizar a las mujeres que participaron en la lucha, reiterando el compromiso con una justicia social incluyente.<br><br>Como parte de la agenda del d\u00eda, estudiantes del Liceo Francisco Alberto Caama\u00f1o desfilaron con banderas y redoblantes hasta el antiguo Edificio Copello, s\u00edmbolo de la resistencia revolucionaria. All\u00ed, Fortunato rindi\u00f3 tributo a los ca\u00eddos y reafirm\u00f3 el deber ciudadano de defender la democracia frente a cualquier amenaza, ya sea interna o externa.<br><br>Los actos concluyeron frente al busto de Caama\u00f1o, en el Parque Independencia, donde su sobrino y presidente de la fundaci\u00f3n hom\u00f3nima, Claudio Caama\u00f1o V\u00e9lez, ofreci\u00f3 un emotivo discurso. \u00abSi hoy sentimos el peso del sol, imaginemos lo que enfrentaron estos hombres y mujeres bajo la lluvia de balas, ca\u00f1ones y traici\u00f3n\u00bb, expres\u00f3, en alusi\u00f3n al sacrificio de los combatientes frente a la intervenci\u00f3n extranjera.<br><br>Caama\u00f1o V\u00e9lez tambi\u00e9n denunci\u00f3 la complicidad de dominicanos que apoyaron la ocupaci\u00f3n, calific\u00e1ndolos como \u201cserviles y traidores\u201d, y lament\u00f3 el escaso reconocimiento que a\u00fan reciben los verdaderos h\u00e9roes de la historia dominicana.<br><br>\u201cEste hecho heroico contin\u00faa siendo ignorado por gobiernos temerosos del mensaje de dignidad que transmite esta lucha\u201d, a\u00f1adi\u00f3.<br><br>Por su parte, Vicenta V\u00e9lez, viuda de Caama\u00f1o, record\u00f3 con emoci\u00f3n al l\u00edder revolucionario y afirm\u00f3 que la causa de los constitucionalistas sigue vigente como s\u00edmbolo de justicia y compromiso patri\u00f3tico. \u201cCaama\u00f1o vivi\u00f3 para el pueblo. Su lucha, como la de Jes\u00fas, permanece porque fue verdadera\u201d, concluy\u00f3.<br><br>*Sobre la Revoluci\u00f3n de abril*<br><br>La Revoluci\u00f3n de Abril, tuvo lugar entre el 24 de abril y el 3 de septiembre de 1965, en Santo Domingo, Rep\u00fablica Dominicana. Inici\u00f3 cuando un grupo de militares y civiles derrocaron al constitucionalmente electo Juan Bosch el 27 de septiembre del 1963.<br><br><br>La guerra del 24 de abril pretend\u00eda llevar nuevamente al poder al profesor Juan Bosch. El golpe de Estado llev\u00f3 al general El\u00edas Wessin y Wessin a organizar militares leales al presidente Donald Reid Cabral, quien conform\u00f3 el segundo triunvirato, iniciando una campa\u00f1a contra los as\u00ed llamados rebeldes constitucionalistas.<br><br>Alegaciones de desviaciones comunistas conllevaron a una intervenci\u00f3n estadounidense en el conflicto, que despu\u00e9s se transform\u00f3 en una ocupaci\u00f3n de la Organizaci\u00f3n de los Estados Americanos en el pa\u00eds.<br><br>M\u00e1s tarde en septiembre de 1966 las tropas internacionales se retiraron del pa\u00eds. Antes se realizaron elecciones democr\u00e1ticas en 1966, en las cuales Joaqu\u00edn Balaguer fue elegido presidente.<\/p>\n\n\n\n<p><br><strong>Claudio Antonio Caama\u00f1o V\u00e9lez<\/strong><\/p>\n\n\n\n<p><strong>@ClaudioCaamano<\/strong><\/p>\n\n\n\n<p>Claudio Caama\u00f1o <a href=\"mailto:claudiocaamano@gmail.com\">claudiocaamano@gmail.com<\/a><\/p>\n","protected":false},"excerpt":{"rendered":"<p>Solicitan dignificar a sobrevinientes de la gestaSanto Domingo. Este jueves, la Rep\u00fablica Dominicana record\u00f3 los 60 a\u00f1os de la Revoluci\u00f3n del 24 de Abril de 1965, una gesta hist\u00f3rica que marc\u00f3 la defensa de la Constituci\u00f3n y la soberan\u00eda nacional frente a la intervenci\u00f3n militar estadounidense. Las fundaciones Francisco Alberto Caama\u00f1o De\u00f1\u00f3 y de Militares [&hellip;]<\/p>\n","protected":false},"author":7,"featured_media":611840,"comment_status":"closed","ping_status":"closed","sticky":false,"template":"","format":"standard","meta":{"footnotes":""},"categories":[21,26],"tags":[2335],"class_list":["post-611834","post","type-post","status-publish","format-standard","has-post-thumbnail","hentry","category-cultura","category-efemerides","tag-francisco-alberto-caamano-deno"],"_links":{"self":[{"href":"https:\/\/diariodominicano.com\/index.php?rest_route=\/wp\/v2\/posts\/611834","targetHints":{"allow":["GET"]}}],"collection":[{"href":"https:\/\/diariodominicano.com\/index.php?rest_route=\/wp\/v2\/posts"}],"about":[{"href":"https:\/\/diariodominicano.com\/index.php?rest_route=\/wp\/v2\/types\/post"}],"author":[{"embeddable":true,"href":"https:\/\/diariodominicano.com\/index.php?rest_route=\/wp\/v2\/users\/7"}],"replies":[{"embeddable":true,"href":"https:\/\/diariodominicano.com\/index.php?rest_route=%2Fwp%2Fv2%2Fcomments&post=611834"}],"version-history":[{"count":1,"href":"https:\/\/diariodominicano.com\/index.php?rest_route=\/wp\/v2\/posts\/611834\/revisions"}],"predecessor-version":[{"id":611842,"href":"https:\/\/diariodominicano.com\/index.php?rest_route=\/wp\/v2\/posts\/611834\/revisions\/611842"}],"wp:featuredmedia":[{"embeddable":true,"href":"https:\/\/diariodominicano.com\/index.php?rest_route=\/wp\/v2\/media\/611840"}],"wp:attachment":[{"href":"https:\/\/diariodominicano.com\/index.php?rest_route=%2Fwp%2Fv2%2Fmedia&parent=611834"}],"wp:term":[{"taxonomy":"category","embeddable":true,"href":"https:\/\/diariodominicano.com\/index.php?rest_route=%2Fwp%2Fv2%2Fcategories&post=611834"},{"taxonomy":"post_tag","embeddable":true,"href":"https:\/\/diariodominicano.com\/index.php?rest_route=%2Fwp%2Fv2%2Ftags&post=611834"}],"curies":[{"name":"wp","href":"https:\/\/api.w.org\/{rel}","templated":true}]}}