{"id":611785,"date":"2025-04-25T14:22:00","date_gmt":"2025-04-25T18:22:00","guid":{"rendered":"https:\/\/diariodominicano.com\/?p=611785"},"modified":"2025-04-26T00:04:04","modified_gmt":"2025-04-26T04:04:04","slug":"un-caso-para-educar-a-nuestros-ninos-en-la-colaboracion","status":"publish","type":"post","link":"https:\/\/diariodominicano.com\/?p=611785","title":{"rendered":"Un caso para educar a nuestros ni\u00f1os en la colaboraci\u00f3n"},"content":{"rendered":"\n<p>Por: Ram\u00f3n Antonio Veras <\/p>\n\n\n\n<p>1.- Porque lo ocurrido el d\u00eda 8 de abril en curso, 2025, fue un suceso desgraciado que ha causado 232 muertos y gran cantidad de heridos; de esa tragedia debemos sacar las m\u00e1s variadas experiencias.<\/p>\n\n\n\n<p>2.- No basta con hacer referencia a la calamidad en el Jet Set, de ese penoso caso hay que tomar en consideraci\u00f3n lo que ese desastre puede servir para ense\u00f1ar la manera buena de actuar ante hechos semejantes.<\/p>\n\n\n\n<p>3.- En las escuelas del pa\u00eds a nuestros ni\u00f1os hay que hablarles de la correcta actuaci\u00f3n de los que prestaron su concurso, ayudaron a los que se encontraban en peligro, o en estado de necesidad en el Jet Set.<\/p>\n\n\n\n<p>4.- Hacerle menci\u00f3n de los que hicieron labores de socorristas, es destacar el humanitarismo. Servirle al que requiere auxilio es demostrar sentido de amparo.<\/p>\n\n\n\n<p>5.- A nuestra ni\u00f1ez hay que educarla en la pr\u00e1ctica de prestar cooperaci\u00f3n, poniendo como ejemplo a los que, en el caso del Jet Set, contribuyeron salvando vidas.<\/p>\n\n\n\n<p>6.- Esos que en la tragedia del Jet Set hicieron la funci\u00f3n de socorristas se identificaron con los que estaban en desgracia, respaldaron de manera voluntaria, se identificaron con los que estaban en aprietos, hicieron causa com\u00fan con los que necesitaban protecci\u00f3n.<\/p>\n\n\n\n<p>7.- La tragedia en el Jet Set, combinada con la solidaridad de los socorristas, hace posible destacar en la ense\u00f1anza de la ni\u00f1ez dominicana el apoyo desinteresado.<\/p>\n\n\n\n<p>8.- Prestar auxilio, echar la mano, sacar de apuro, estar al lado de quien precisa de soporte, secundar, sostener, favorecer a esa persona que est\u00e1 en dificultad; en fin, estos y otros mensajes iguales sirven para formar a buenos municipios del futuro.<\/p>\n\n\n\n<p>9.- Dice mucho de la persona y su bondad la que proporciona lo que necesita el otro y se entrega a quien ha sido v\u00edctima de una desgracia, como la ocurrida en el Jet Set.<\/p>\n\n\n\n<p>10.- Al margen de lo horrible, horroroso, sucedido el 8 de abril, hay que procurar sacar la parte agradable, esa que trae lo positivo para toda la sociedad y hace posible tranquilizar.<\/p>\n\n\n\n<p>11.- Cuando se hace menci\u00f3n de lo que aterra al referirse al caso del Jet Set, a nuestros ni\u00f1os tambi\u00e9n hay que narrarles las acciones bonitas de los que se jugaron su existencia buscando a los que quedaron atrapados debajo de los escombros.<\/p>\n\n\n\n<p>12.- En los centros escolares, a los peque\u00f1os estudiantes hay que ponerlos en conocimiento de que en la tragedia del Jet Set, surgieron muchos improvisados colaboradores que arrimaron sus hombros para salvar vidas en peligro.<\/p>\n\n\n\n<p>13.- Por ah\u00ed andan personas que, en el caso del Jet Set, tomaron participaci\u00f3n de manera voluntaria, simplemente porque su conciencia los motiv\u00f3 a aportar, a coadyuvar por una causa justa.<\/p>\n\n\n\n<p>14.- Todos aquellos que de manera desinteresada colaboraron para salvar vidas en el caso del Jet Set deben merecer ser ponderados, enaltecidos por su labor humanitaria.<\/p>\n\n\n\n<p>15.- A la ni\u00f1ez dominicana hay que formarla, educarla en el sentido de que las personas que aportan merecen ser elogiadas, ponderadas, honradas, encumbradas e imitadas.<\/p>\n\n\n\n<p>16.- Por el estado de deterioro en que se encuentra la sociedad dominicana, conviene llevar a la conciencia de la ni\u00f1ez cualquier hecho positivo que sirva para elevar el buen comportamiento solidario, c\u00edvico y ciudadano.<\/p>\n\n\n\n<p>Santiago de los Caballeros,<\/p>\n","protected":false},"excerpt":{"rendered":"<p>Por: Ram\u00f3n Antonio Veras 1.- Porque lo ocurrido el d\u00eda 8 de abril en curso, 2025, fue un suceso desgraciado que ha causado 232 muertos y gran cantidad de heridos; de esa tragedia debemos sacar las m\u00e1s variadas experiencias. 2.- No basta con hacer referencia a la calamidad en el Jet Set, de ese penoso [&hellip;]<\/p>\n","protected":false},"author":7,"featured_media":404710,"comment_status":"closed","ping_status":"closed","sticky":false,"template":"","format":"standard","meta":{"footnotes":""},"categories":[19,16],"tags":[426],"class_list":["post-611785","post","type-post","status-publish","format-standard","has-post-thumbnail","hentry","category-mi-voz","category-opiniones","tag-ramon-antonio-veras"],"_links":{"self":[{"href":"https:\/\/diariodominicano.com\/index.php?rest_route=\/wp\/v2\/posts\/611785","targetHints":{"allow":["GET"]}}],"collection":[{"href":"https:\/\/diariodominicano.com\/index.php?rest_route=\/wp\/v2\/posts"}],"about":[{"href":"https:\/\/diariodominicano.com\/index.php?rest_route=\/wp\/v2\/types\/post"}],"author":[{"embeddable":true,"href":"https:\/\/diariodominicano.com\/index.php?rest_route=\/wp\/v2\/users\/7"}],"replies":[{"embeddable":true,"href":"https:\/\/diariodominicano.com\/index.php?rest_route=%2Fwp%2Fv2%2Fcomments&post=611785"}],"version-history":[{"count":1,"href":"https:\/\/diariodominicano.com\/index.php?rest_route=\/wp\/v2\/posts\/611785\/revisions"}],"predecessor-version":[{"id":611833,"href":"https:\/\/diariodominicano.com\/index.php?rest_route=\/wp\/v2\/posts\/611785\/revisions\/611833"}],"wp:featuredmedia":[{"embeddable":true,"href":"https:\/\/diariodominicano.com\/index.php?rest_route=\/wp\/v2\/media\/404710"}],"wp:attachment":[{"href":"https:\/\/diariodominicano.com\/index.php?rest_route=%2Fwp%2Fv2%2Fmedia&parent=611785"}],"wp:term":[{"taxonomy":"category","embeddable":true,"href":"https:\/\/diariodominicano.com\/index.php?rest_route=%2Fwp%2Fv2%2Fcategories&post=611785"},{"taxonomy":"post_tag","embeddable":true,"href":"https:\/\/diariodominicano.com\/index.php?rest_route=%2Fwp%2Fv2%2Ftags&post=611785"}],"curies":[{"name":"wp","href":"https:\/\/api.w.org\/{rel}","templated":true}]}}