{"id":611753,"date":"2025-04-24T21:53:04","date_gmt":"2025-04-25T01:53:04","guid":{"rendered":"https:\/\/diariodominicano.com\/?p=611753"},"modified":"2025-04-24T22:02:11","modified_gmt":"2025-04-25T02:02:11","slug":"este-sabado-nueve-nuevos-inmortales-seran-exaltados-al-salon-de-la-fama-del-deporte-de-santiago","status":"publish","type":"post","link":"https:\/\/diariodominicano.com\/?p=611753","title":{"rendered":"Este s\u00e1bado nueve nuevos inmortales ser\u00e1n exaltados al Sal\u00f3n de la Fama del Deporte de Santiago"},"content":{"rendered":"\n<p><strong>&nbsp;<\/strong><strong><em>El Comit\u00e9 Permanente dio a conocer que el IX Ceremonial inicia a las 3:00pm en el teatro de la PUCMM<\/em><\/strong><\/p>\n\n\n\n<p><strong>SANTIAGO DE LOS CABALLEROS, Santiago, Rep\u00fablica Dominicana (24-04-2025).-&nbsp;<\/strong>Con la exaltaci\u00f3nde nueve nuevos inmortales fue anunciado oficialmente el IX Ceremonial del Sal\u00f3n de la Fama del Deporte de Santiago a ser realizado el pr\u00f3ximo s\u00e1bado a partir de las 3:00pm en el teatro de la Pontificia Universidad Cat\u00f3lica Madre y Maestra (PUCMM).<\/p>\n\n\n\n<p>En el emotivo ceremonial ser\u00e1n exaltados hist\u00f3ricos deportistas que elevaron a la gloria, con sus acciones, a la Rep\u00fablica Dominicana, tanto en su propio pa\u00eds como en el extranjero, siempre levantando con gallard\u00eda la Bandera Tricolor.<\/p>\n\n\n\n<figure class=\"wp-block-gallery has-nested-images columns-default is-cropped wp-block-gallery-1 is-layout-flex wp-block-gallery-is-layout-flex\">\n<figure class=\"wp-block-image size-large\"><img loading=\"lazy\" decoding=\"async\" width=\"575\" height=\"660\" data-id=\"611760\" src=\"https:\/\/diariodominicano.com\/wp-content\/uploads\/2025\/04\/Lupe-Alvarez.jpg\" alt=\"\" class=\"wp-image-611760\" srcset=\"https:\/\/diariodominicano.com\/wp-content\/uploads\/2025\/04\/Lupe-Alvarez.jpg 575w, https:\/\/diariodominicano.com\/wp-content\/uploads\/2025\/04\/Lupe-Alvarez-261x300.jpg 261w\" sizes=\"auto, (max-width: 575px) 100vw, 575px\" \/><figcaption class=\"wp-element-caption\">Lupe \u00c1lvarez <\/figcaption><\/figure>\n\n\n\n<figure class=\"wp-block-image size-large\"><img loading=\"lazy\" decoding=\"async\" width=\"498\" height=\"455\" data-id=\"611759\" src=\"https:\/\/diariodominicano.com\/wp-content\/uploads\/2025\/04\/Cesar-Patico-Polanco.jpg\" alt=\"\" class=\"wp-image-611759\" srcset=\"https:\/\/diariodominicano.com\/wp-content\/uploads\/2025\/04\/Cesar-Patico-Polanco.jpg 498w, https:\/\/diariodominicano.com\/wp-content\/uploads\/2025\/04\/Cesar-Patico-Polanco-300x274.jpg 300w\" sizes=\"auto, (max-width: 498px) 100vw, 498px\" \/><figcaption class=\"wp-element-caption\">C\u00e9sar -Patico- Polanco <\/figcaption><\/figure>\n\n\n\n<figure class=\"wp-block-image size-large\"><img loading=\"lazy\" decoding=\"async\" width=\"998\" height=\"1019\" data-id=\"611762\" src=\"https:\/\/diariodominicano.com\/wp-content\/uploads\/2025\/04\/Arturo-Fermin.jpg\" alt=\"\" class=\"wp-image-611762\" srcset=\"https:\/\/diariodominicano.com\/wp-content\/uploads\/2025\/04\/Arturo-Fermin.jpg 998w, https:\/\/diariodominicano.com\/wp-content\/uploads\/2025\/04\/Arturo-Fermin-294x300.jpg 294w, https:\/\/diariodominicano.com\/wp-content\/uploads\/2025\/04\/Arturo-Fermin-768x784.jpg 768w, https:\/\/diariodominicano.com\/wp-content\/uploads\/2025\/04\/Arturo-Fermin-816x833.jpg 816w\" sizes=\"auto, (max-width: 998px) 100vw, 998px\" \/><figcaption class=\"wp-element-caption\">Arturo Ferm\u00edn <\/figcaption><\/figure>\n<\/figure>\n\n\n\n<p>Los nuevos inmortales del deporte de Santiago, seg\u00fan dio a conocer el Comit\u00e9 Permanente del Sal\u00f3n de la Fama del Deporte de Santiago, son:<\/p>\n\n\n\n<p>&#8211;&nbsp;&nbsp;&nbsp;&nbsp;&nbsp;&nbsp;&nbsp;Guadalupe -Lupe- \u00c1lvarez (Softbol)<\/p>\n\n\n\n<p>&#8211;&nbsp;&nbsp;&nbsp;&nbsp;&nbsp;&nbsp;&nbsp;C\u00e9sar -Patico- Polanco (Boxeo)<\/p>\n\n\n\n<p>&#8211;&nbsp;&nbsp;&nbsp;&nbsp;&nbsp;&nbsp;&nbsp;Fernando Arturo Ferm\u00edn (Softbol)<\/p>\n\n\n\n<p>&#8211;&nbsp;&nbsp;&nbsp;&nbsp;&nbsp;&nbsp;&nbsp;Eladio -Yayo- Almonte (Baloncesto)<\/p>\n\n\n\n<p>&#8211;&nbsp;&nbsp;&nbsp;&nbsp;&nbsp;&nbsp;&nbsp;H\u00e9ctor Camacho (B\u00e9isbol)<\/p>\n\n\n\n<p>&#8211;&nbsp;&nbsp;&nbsp;&nbsp;&nbsp;&nbsp;&nbsp;Kenzo Yamamoto (Judo)<\/p>\n\n\n\n<p>&#8211;&nbsp;&nbsp;&nbsp;&nbsp;&nbsp;&nbsp;&nbsp;Crist\u00f3bal Tav\u00e1rez (Propulsor)<\/p>\n\n\n\n<p>&#8211;&nbsp;&nbsp;&nbsp;&nbsp;&nbsp;&nbsp;&nbsp;Rafael Grull\u00f3n (Propulsor)<\/p>\n\n\n\n<p>&#8211;&nbsp;&nbsp;&nbsp;&nbsp;&nbsp;&nbsp;&nbsp;Guillermo Cabrera (Nataci\u00f3n)<\/p>\n\n\n\n<p>Los asimilados, son:<\/p>\n\n\n\n<p>&#8211;&nbsp;&nbsp;&nbsp;&nbsp;&nbsp;&nbsp;&nbsp;Lu\u00eds Felipe L\u00f3pez (Baloncesto) 2016<\/p>\n\n\n\n<p>&#8211;&nbsp;&nbsp;&nbsp;&nbsp;&nbsp;&nbsp;&nbsp;Lu\u00eds Polonia (B\u00e9isbol) 2016<\/p>\n\n\n\n<p>&#8211;&nbsp;&nbsp;&nbsp;&nbsp;&nbsp;&nbsp;&nbsp;Pedro Felipe G\u00f3mez (Softbol) 2019<\/p>\n\n\n\n<p>&#8211;&nbsp;&nbsp;&nbsp;&nbsp;&nbsp;&nbsp;&nbsp;Br\u00edgida P\u00e9rez (Tenis de Mesa) 2023<\/p>\n\n\n\n<p>&#8211;&nbsp;&nbsp;&nbsp;&nbsp;&nbsp;&nbsp;&nbsp;Fernando Fern\u00e1ndez (B\u00e9isbol) 2024<\/p>\n\n\n\n<p>&#8211;&nbsp;&nbsp;&nbsp;&nbsp;&nbsp;&nbsp;&nbsp;V\u00edctor Estrella (Tenis de Campo) 2024<\/p>\n\n\n\n<p>El presidente del Sal\u00f3n de la Fama del Deporte de Santiago, licenciado H\u00e9ctor de Padua, adelant\u00f3 que, el ceremonial est\u00e1 preparado con la solemnidad acostumbrada plasmado en un programa acorde a su historia.<\/p>\n\n\n\n<p>Para la actividad han sido invitadas junto a la dirigencia deportiva, autoridades civiles, militares y policiales, entre otros.<\/p>\n\n\n\n<h3 class=\"wp-block-heading\">Oscar Polanco <a href=\"mailto:oscarpolanco.santiagord@gmail.com\">oscarpolanco.santiagord@gmail.com<\/a> &nbsp;<\/h3>\n","protected":false},"excerpt":{"rendered":"<p>&nbsp;El Comit\u00e9 Permanente dio a conocer que el IX Ceremonial inicia a las 3:00pm en el teatro de la PUCMM SANTIAGO DE LOS CABALLEROS, Santiago, Rep\u00fablica Dominicana (24-04-2025).-&nbsp;Con la exaltaci\u00f3nde nueve nuevos inmortales fue anunciado oficialmente el IX Ceremonial del Sal\u00f3n de la Fama del Deporte de Santiago a ser realizado el pr\u00f3ximo s\u00e1bado a [&hellip;]<\/p>\n","protected":false},"author":7,"featured_media":611761,"comment_status":"closed","ping_status":"closed","sticky":false,"template":"","format":"standard","meta":{"footnotes":""},"categories":[17],"tags":[426],"class_list":["post-611753","post","type-post","status-publish","format-standard","has-post-thumbnail","hentry","category-deportes","tag-ramon-antonio-veras"],"_links":{"self":[{"href":"https:\/\/diariodominicano.com\/index.php?rest_route=\/wp\/v2\/posts\/611753","targetHints":{"allow":["GET"]}}],"collection":[{"href":"https:\/\/diariodominicano.com\/index.php?rest_route=\/wp\/v2\/posts"}],"about":[{"href":"https:\/\/diariodominicano.com\/index.php?rest_route=\/wp\/v2\/types\/post"}],"author":[{"embeddable":true,"href":"https:\/\/diariodominicano.com\/index.php?rest_route=\/wp\/v2\/users\/7"}],"replies":[{"embeddable":true,"href":"https:\/\/diariodominicano.com\/index.php?rest_route=%2Fwp%2Fv2%2Fcomments&post=611753"}],"version-history":[{"count":1,"href":"https:\/\/diariodominicano.com\/index.php?rest_route=\/wp\/v2\/posts\/611753\/revisions"}],"predecessor-version":[{"id":611763,"href":"https:\/\/diariodominicano.com\/index.php?rest_route=\/wp\/v2\/posts\/611753\/revisions\/611763"}],"wp:featuredmedia":[{"embeddable":true,"href":"https:\/\/diariodominicano.com\/index.php?rest_route=\/wp\/v2\/media\/611761"}],"wp:attachment":[{"href":"https:\/\/diariodominicano.com\/index.php?rest_route=%2Fwp%2Fv2%2Fmedia&parent=611753"}],"wp:term":[{"taxonomy":"category","embeddable":true,"href":"https:\/\/diariodominicano.com\/index.php?rest_route=%2Fwp%2Fv2%2Fcategories&post=611753"},{"taxonomy":"post_tag","embeddable":true,"href":"https:\/\/diariodominicano.com\/index.php?rest_route=%2Fwp%2Fv2%2Ftags&post=611753"}],"curies":[{"name":"wp","href":"https:\/\/api.w.org\/{rel}","templated":true}]}}