{"id":611595,"date":"2025-04-24T01:17:02","date_gmt":"2025-04-24T05:17:02","guid":{"rendered":"https:\/\/diariodominicano.com\/?p=611595"},"modified":"2025-04-24T01:17:13","modified_gmt":"2025-04-24T05:17:13","slug":"homenaje-del-pueblo-al-papa-francisco-inicia-en-basilica-de-san-pedro-video","status":"publish","type":"post","link":"https:\/\/diariodominicano.com\/?p=611595","title":{"rendered":"Homenaje del pueblo al papa Francisco inicia en Bas\u00edlica de San Pedro (+Video)"},"content":{"rendered":"\n<p>Ciudad del Vaticano, 23 abr (Prensa Latina) El f\u00e9retro con los restos del papa Francisco se encuentra desde la ma\u00f1ana de hoy en la Bas\u00edlica de San Pedro, donde se mantendr\u00e1 abierto y sin catafalco para recibir, durante tres d\u00edas, el homenaje del pueblo.<\/p>\n\n\n\n<ul class=\"wp-block-list\">\n<li><a href=\"https:\/\/www.prensa-latina.cu\/2025\/04\/23\/\"><time>abril 23, 2025 | 06:54<\/time><\/a><\/li>\n<\/ul>\n\n\n\n<ul class=\"wp-block-list\">\n<li><a href=\"https:\/\/www.prensa-latina.cu\/2025\/04\/23\/homenaje-del-pueblo-al-papa-francisco-inicia-en-basilica-de-san-pedro\/#\"><\/a><\/li>\n\n\n\n<li><a href=\"https:\/\/www.prensa-latina.cu\/2025\/04\/23\/homenaje-del-pueblo-al-papa-francisco-inicia-en-basilica-de-san-pedro\/#\"><\/a><\/li>\n\n\n\n<li><a href=\"https:\/\/www.prensa-latina.cu\/2025\/04\/23\/homenaje-del-pueblo-al-papa-francisco-inicia-en-basilica-de-san-pedro\/#\"><\/a><\/li>\n\n\n\n<li><a href=\"https:\/\/www.prensa-latina.cu\/2025\/04\/23\/homenaje-del-pueblo-al-papa-francisco-inicia-en-basilica-de-san-pedro\/#\"><\/a><\/li>\n<\/ul>\n\n\n\n<figure class=\"wp-block-embed is-type-rich is-provider-gestor-del-servicio wp-block-embed-gestor-del-servicio\"><div class=\"wp-block-embed__wrapper\">\nhttps:\/\/youtube.com\/watch?v=v2jRl-lrKMk%3Fsi%3DRe-oCW0KbWog_KTt%3Brel%3D0\n<\/div><\/figure>\n\n\n\n<p>El ata\u00fad fue trasladado a las 09:00 hora local desde la capilla de la Casa Santa Marta, luego del momento de oraci\u00f3n, a cargo del camarlengo de la Iglesia, cardenal Kevin Joseph Farrell.<\/p>\n\n\n\n<p>Sobre los hombros, el ata\u00fad recorri\u00f3 la V\u00eda de la Sacrist\u00eda, pasando por la Piazza dei Protomartiri Romani, saliendo a la Plaza de San Pedro a trav\u00e9s del Arco de las Campanas, en una procesi\u00f3n, encabezada por Farrell, en la que participaron cardenales y patriarcas.<\/p>\n\n\n\n<p>Acompa\u00f1aron ese recorrido, frente a la bas\u00edlica vaticana, m\u00e1s de veinte mil personas, quienes saludaron con un largo aplauso el paso del f\u00e9retro del papa Francisco hasta su colocaci\u00f3n en el interior esa iglesia, frente al Altar de la Confesi\u00f3n.<\/p>\n\n\n\n<p>Tras concluir una ceremonia, en la que el ata\u00fad fue rociado con agua bendita e incensado, comenz\u00f3 a las 11:00 hora local el homenaje de los fieles y peregrinos para dar su \u00faltimo adi\u00f3s al Sumo Pont\u00edfice en ese recinto vaticano, que permanecer\u00e1 abierto este mi\u00e9rcoles y ma\u00f1ana hasta la medianoche, as\u00ed como hasta a las 19:00 del 25 de abril.<\/p>\n\n\n\n<p>Ese viernes, a las 20:00 hora local, el cardenal Farrell, presidir\u00e1 el rito de cierre del f\u00e9retro donde reposan los restos mortales de Francisco, para dar lugar en la ma\u00f1ana del 26 de abril a la misa exequial que se celebrar\u00e1 a las 10:00 frente a la Bas\u00edlica de San Pedro, presidida por el cardenal Giovanni Battista Re.<\/p>\n\n\n\n<p>En esa ceremonia se espera la presencia de numerosos jefes de Estado y Gobierno, entre ellos la primera ministra italiana, Giorgia Meloni, el presidente brasile\u00f1o Luiz In\u00e1cio Lula da Silva, su hom\u00f3logo franc\u00e9s Emmanuel Macron y el mandatario estadounidense, Donald Trump, seg\u00fan destacan medios de prensa locales.<\/p>\n\n\n\n<p>Al finalizar la misma el ata\u00fad ser\u00e1 trasladado primero al interior de esa iglesia vaticana, desde donde partir\u00e1 hacia la Bas\u00edlica de Santa Mar\u00eda la Mayor para su entierro.<\/p>\n\n\n\n<p>En su testamento, fechado el 29 de junio de 2022, el Santo Padre pidi\u00f3 que sus restos mortales descansen en esa bas\u00edlica ubicada en el centro de Roma, la m\u00e1s grande de las dedicadas a la Virgen Mar\u00eda en esta ciudad, porque \u201csiempre he confiado mi vida y mi ministerio sacerdotal y episcopal a la Madre de Nuestro Se\u00f1or\u201d.<\/p>\n\n\n\n<p>El Santo Padre \u201csintiendo que se acerca el fin de mi vida terrena y con viva esperanza en la vida eterna\u201d, seg\u00fan expres\u00f3 en ese documento, solicit\u00f3 que su sepulcro \u201cdebe estar en la tierra, sencillo, sin decoraci\u00f3n particular y con la \u00fanica inscripci\u00f3n: Franciscus\u201d.<\/p>\n\n\n\n<p>mem\/ort<\/p>\n\n\n\n<ul class=\"wp-block-list\">\n<li>#<a href=\"https:\/\/www.prensa-latina.cu\/etiqueta\/vaticano\/\">vaticano<\/a>\u00a0#<a href=\"https:\/\/www.prensa-latina.cu\/etiqueta\/velatorio\/\">velatorio<\/a><\/li>\n<\/ul>\n","protected":false},"excerpt":{"rendered":"<p>Ciudad del Vaticano, 23 abr (Prensa Latina) El f\u00e9retro con los restos del papa Francisco se encuentra desde la ma\u00f1ana de hoy en la Bas\u00edlica de San Pedro, donde se mantendr\u00e1 abierto y sin catafalco para recibir, durante tres d\u00edas, el homenaje del pueblo. El ata\u00fad fue trasladado a las 09:00 hora local desde la [&hellip;]<\/p>\n","protected":false},"author":28,"featured_media":611597,"comment_status":"closed","ping_status":"closed","sticky":false,"template":"","format":"standard","meta":{"footnotes":""},"categories":[26,23,27],"tags":[],"class_list":["post-611595","post","type-post","status-publish","format-standard","has-post-thumbnail","hentry","category-efemerides","category-internacional","category-portada"],"_links":{"self":[{"href":"https:\/\/diariodominicano.com\/index.php?rest_route=\/wp\/v2\/posts\/611595","targetHints":{"allow":["GET"]}}],"collection":[{"href":"https:\/\/diariodominicano.com\/index.php?rest_route=\/wp\/v2\/posts"}],"about":[{"href":"https:\/\/diariodominicano.com\/index.php?rest_route=\/wp\/v2\/types\/post"}],"author":[{"embeddable":true,"href":"https:\/\/diariodominicano.com\/index.php?rest_route=\/wp\/v2\/users\/28"}],"replies":[{"embeddable":true,"href":"https:\/\/diariodominicano.com\/index.php?rest_route=%2Fwp%2Fv2%2Fcomments&post=611595"}],"version-history":[{"count":1,"href":"https:\/\/diariodominicano.com\/index.php?rest_route=\/wp\/v2\/posts\/611595\/revisions"}],"predecessor-version":[{"id":611598,"href":"https:\/\/diariodominicano.com\/index.php?rest_route=\/wp\/v2\/posts\/611595\/revisions\/611598"}],"wp:featuredmedia":[{"embeddable":true,"href":"https:\/\/diariodominicano.com\/index.php?rest_route=\/wp\/v2\/media\/611597"}],"wp:attachment":[{"href":"https:\/\/diariodominicano.com\/index.php?rest_route=%2Fwp%2Fv2%2Fmedia&parent=611595"}],"wp:term":[{"taxonomy":"category","embeddable":true,"href":"https:\/\/diariodominicano.com\/index.php?rest_route=%2Fwp%2Fv2%2Fcategories&post=611595"},{"taxonomy":"post_tag","embeddable":true,"href":"https:\/\/diariodominicano.com\/index.php?rest_route=%2Fwp%2Fv2%2Ftags&post=611595"}],"curies":[{"name":"wp","href":"https:\/\/api.w.org\/{rel}","templated":true}]}}