{"id":611542,"date":"2025-04-24T00:20:29","date_gmt":"2025-04-24T04:20:29","guid":{"rendered":"https:\/\/diariodominicano.com\/?p=611542"},"modified":"2025-04-24T00:36:52","modified_gmt":"2025-04-24T04:36:52","slug":"conep-y-anje-respaldan-iniciativa-de-la-jce","status":"publish","type":"post","link":"https:\/\/diariodominicano.com\/?p=611542","title":{"rendered":"CONEP y ANJE respaldan iniciativa de la JCE"},"content":{"rendered":"\n<p>Los titulares de ambos grupos empresariales aprovecharon la ocasi\u00f3n para felicitar la iniciativa de la JCE y agradecer por el encuentro.<\/p>\n\n\n\n<p>\u201cRespaldamos y agradecemos a la JCE por este encuentro\u201d, se\u00f1al\u00f3 el presidente del CONEP, Celso Juan&nbsp;Marranzini, quien expres\u00f3 su confianza en el proyecto y manifest\u00f3 el respaldo a la iniciativa de la JCE.<\/p>\n\n\n\n<p>En tanto que la presidenta de ANJE, Claudia&nbsp;Finke, agradeci\u00f3 y felicit\u00f3 al \u00f3rgano Electoral por tomar en cuenta a esa entidad para la presentaci\u00f3n del proyecto de la nueva C\u00e9dula.&nbsp;&nbsp;&nbsp;<\/p>\n\n\n\n<figure class=\"wp-block-gallery has-nested-images columns-default is-cropped wp-block-gallery-1 is-layout-flex wp-block-gallery-is-layout-flex\">\n<figure class=\"wp-block-image size-large\"><img loading=\"lazy\" decoding=\"async\" width=\"1024\" height=\"683\" data-id=\"611564\" src=\"https:\/\/diariodominicano.com\/wp-content\/uploads\/2025\/04\/CONEP-y-ANJE-respaldan-iniciativa-de-la-JCE-1024x683.jpg\" alt=\"\" class=\"wp-image-611564\" srcset=\"https:\/\/diariodominicano.com\/wp-content\/uploads\/2025\/04\/CONEP-y-ANJE-respaldan-iniciativa-de-la-JCE-1024x683.jpg 1024w, https:\/\/diariodominicano.com\/wp-content\/uploads\/2025\/04\/CONEP-y-ANJE-respaldan-iniciativa-de-la-JCE-300x200.jpg 300w, https:\/\/diariodominicano.com\/wp-content\/uploads\/2025\/04\/CONEP-y-ANJE-respaldan-iniciativa-de-la-JCE-768x512.jpg 768w, https:\/\/diariodominicano.com\/wp-content\/uploads\/2025\/04\/CONEP-y-ANJE-respaldan-iniciativa-de-la-JCE-1536x1024.jpg 1536w, https:\/\/diariodominicano.com\/wp-content\/uploads\/2025\/04\/CONEP-y-ANJE-respaldan-iniciativa-de-la-JCE-816x544.jpg 816w, https:\/\/diariodominicano.com\/wp-content\/uploads\/2025\/04\/CONEP-y-ANJE-respaldan-iniciativa-de-la-JCE.jpg 1599w\" sizes=\"auto, (max-width: 1024px) 100vw, 1024px\" \/><\/figure>\n<\/figure>\n\n\n\n<p>Dijo que este documento es fundamental para acreditar la identidad de todos los ciudadanos y garantizar el pleno ejercicio de sus derechos y deberes, pilares de un estado social y democr\u00e1tico de derecho.<\/p>\n\n\n\n<figure class=\"wp-block-gallery has-nested-images columns-default is-cropped wp-block-gallery-2 is-layout-flex wp-block-gallery-is-layout-flex\">\n<figure class=\"wp-block-image size-large\"><img loading=\"lazy\" decoding=\"async\" width=\"1024\" height=\"683\" data-id=\"611563\" src=\"https:\/\/diariodominicano.com\/wp-content\/uploads\/2025\/04\/CONEP-y-ANJE-respaldan-iniciativa-de-la-JCE-1024x683.jpeg\" alt=\"\" class=\"wp-image-611563\" srcset=\"https:\/\/diariodominicano.com\/wp-content\/uploads\/2025\/04\/CONEP-y-ANJE-respaldan-iniciativa-de-la-JCE-1024x683.jpeg 1024w, https:\/\/diariodominicano.com\/wp-content\/uploads\/2025\/04\/CONEP-y-ANJE-respaldan-iniciativa-de-la-JCE-300x200.jpeg 300w, https:\/\/diariodominicano.com\/wp-content\/uploads\/2025\/04\/CONEP-y-ANJE-respaldan-iniciativa-de-la-JCE-768x512.jpeg 768w, https:\/\/diariodominicano.com\/wp-content\/uploads\/2025\/04\/CONEP-y-ANJE-respaldan-iniciativa-de-la-JCE-1536x1024.jpeg 1536w, https:\/\/diariodominicano.com\/wp-content\/uploads\/2025\/04\/CONEP-y-ANJE-respaldan-iniciativa-de-la-JCE-816x544.jpeg 816w, https:\/\/diariodominicano.com\/wp-content\/uploads\/2025\/04\/CONEP-y-ANJE-respaldan-iniciativa-de-la-JCE.jpeg 1599w\" sizes=\"auto, (max-width: 1024px) 100vw, 1024px\" \/><\/figure>\n<\/figure>\n\n\n\n<p>\u201cPor ello, desde ANJE, valoramos profundamente esta iniciativa que, estamos convencidos, ofrecer\u00e1 mayores niveles de seguridad e integridad de los datos de los ciudadanos dominicanos\u201d, apunt\u00f3 durante el encuentro.<\/p>\n\n\n\n<figure class=\"wp-block-gallery has-nested-images columns-default is-cropped wp-block-gallery-3 is-layout-flex wp-block-gallery-is-layout-flex\">\n<figure class=\"wp-block-image size-large\"><img loading=\"lazy\" decoding=\"async\" width=\"1024\" height=\"683\" data-id=\"611562\" src=\"https:\/\/diariodominicano.com\/wp-content\/uploads\/2025\/04\/CONEP-y-ANJE-respaldan-iniciativa-JCE-1024x683.jpg\" alt=\"\" class=\"wp-image-611562\" srcset=\"https:\/\/diariodominicano.com\/wp-content\/uploads\/2025\/04\/CONEP-y-ANJE-respaldan-iniciativa-JCE-1024x683.jpg 1024w, https:\/\/diariodominicano.com\/wp-content\/uploads\/2025\/04\/CONEP-y-ANJE-respaldan-iniciativa-JCE-300x200.jpg 300w, https:\/\/diariodominicano.com\/wp-content\/uploads\/2025\/04\/CONEP-y-ANJE-respaldan-iniciativa-JCE-768x512.jpg 768w, https:\/\/diariodominicano.com\/wp-content\/uploads\/2025\/04\/CONEP-y-ANJE-respaldan-iniciativa-JCE-1536x1024.jpg 1536w, https:\/\/diariodominicano.com\/wp-content\/uploads\/2025\/04\/CONEP-y-ANJE-respaldan-iniciativa-JCE-816x544.jpg 816w, https:\/\/diariodominicano.com\/wp-content\/uploads\/2025\/04\/CONEP-y-ANJE-respaldan-iniciativa-JCE.jpg 1599w\" sizes=\"auto, (max-width: 1024px) 100vw, 1024px\" \/><\/figure>\n<\/figure>\n\n\n\n<p>El primer encuentro se realiz\u00f3 la ma\u00f1ana de este mi\u00e9rcoles en la sede del CONEP y el segundo, en horas de la tarde en el auditorio de la JCE.<\/p>\n\n\n\n<p>Hicieron acto de presencia miembros de ambos grupos empresariales, tanto de forma presencial como virtual, mediante videoconferencia.<\/p>\n\n\n\n<p>Direcci\u00f3n de Comunicaciones<\/p>\n\n\n\n<p>Comunicaciones JCE <a href=\"mailto:Comunicaciones@jce.do\">Comunicaciones@jce.do<\/a><\/p>\n","protected":false},"excerpt":{"rendered":"<p>Los titulares de ambos grupos empresariales aprovecharon la ocasi\u00f3n para felicitar la iniciativa de la JCE y agradecer por el encuentro. \u201cRespaldamos y agradecemos a la JCE por este encuentro\u201d, se\u00f1al\u00f3 el presidente del CONEP, Celso Juan&nbsp;Marranzini, quien expres\u00f3 su confianza en el proyecto y manifest\u00f3 el respaldo a la iniciativa de la JCE. En [&hellip;]<\/p>\n","protected":false},"author":7,"featured_media":611565,"comment_status":"closed","ping_status":"closed","sticky":true,"template":"","format":"standard","meta":{"footnotes":""},"categories":[20,27],"tags":[1690,377,522],"class_list":["post-611542","post","type-post","status-publish","format-standard","has-post-thumbnail","hentry","category-dominicana-hoy","category-portada","tag-anje","tag-conep","tag-jce"],"_links":{"self":[{"href":"https:\/\/diariodominicano.com\/index.php?rest_route=\/wp\/v2\/posts\/611542","targetHints":{"allow":["GET"]}}],"collection":[{"href":"https:\/\/diariodominicano.com\/index.php?rest_route=\/wp\/v2\/posts"}],"about":[{"href":"https:\/\/diariodominicano.com\/index.php?rest_route=\/wp\/v2\/types\/post"}],"author":[{"embeddable":true,"href":"https:\/\/diariodominicano.com\/index.php?rest_route=\/wp\/v2\/users\/7"}],"replies":[{"embeddable":true,"href":"https:\/\/diariodominicano.com\/index.php?rest_route=%2Fwp%2Fv2%2Fcomments&post=611542"}],"version-history":[{"count":1,"href":"https:\/\/diariodominicano.com\/index.php?rest_route=\/wp\/v2\/posts\/611542\/revisions"}],"predecessor-version":[{"id":611566,"href":"https:\/\/diariodominicano.com\/index.php?rest_route=\/wp\/v2\/posts\/611542\/revisions\/611566"}],"wp:featuredmedia":[{"embeddable":true,"href":"https:\/\/diariodominicano.com\/index.php?rest_route=\/wp\/v2\/media\/611565"}],"wp:attachment":[{"href":"https:\/\/diariodominicano.com\/index.php?rest_route=%2Fwp%2Fv2%2Fmedia&parent=611542"}],"wp:term":[{"taxonomy":"category","embeddable":true,"href":"https:\/\/diariodominicano.com\/index.php?rest_route=%2Fwp%2Fv2%2Fcategories&post=611542"},{"taxonomy":"post_tag","embeddable":true,"href":"https:\/\/diariodominicano.com\/index.php?rest_route=%2Fwp%2Fv2%2Ftags&post=611542"}],"curies":[{"name":"wp","href":"https:\/\/api.w.org\/{rel}","templated":true}]}}