{"id":611539,"date":"2025-04-23T23:54:13","date_gmt":"2025-04-24T03:54:13","guid":{"rendered":"https:\/\/diariodominicano.com\/?p=611539"},"modified":"2025-04-23T23:54:16","modified_gmt":"2025-04-24T03:54:16","slug":"el-siuben-junto-al-proyecto-punta-bergantin-presentan-resultados-del-levantamiento-de-informacion-socioeconomica-en-villa-montellano-puerto-plata","status":"publish","type":"post","link":"https:\/\/diariodominicano.com\/?p=611539","title":{"rendered":"El SIUBEN junto al Proyecto Punta Bergant\u00edn, presentan resultados del levantamiento de\u00a0informaci\u00f3n socioecon\u00f3mica en Villa Montellano, Puerto Plata"},"content":{"rendered":"\n<p><em>La informaci\u00f3n facilitar\u00e1 toma de decisiones, acceso a proyectos de desarrollo, y focalizaci\u00f3n a programas sociales.<\/em><\/p>\n\n\n\n<p>Villa Montellano, Puerto Plata. \u2013 El Sistema \u00danico de Beneficiarios, SIUBEN, entidad adscrita al Ministerio de Econom\u00eda, Planificaci\u00f3n y Desarrollo, present\u00f3 los resultados del levantamiento de informaci\u00f3n socioecon\u00f3mica de hogares realizado en el citado municipio durante los meses de noviembre y diciembre del 2024.<\/p>\n\n\n\n<figure class=\"wp-block-gallery has-nested-images columns-default is-cropped wp-block-gallery-1 is-layout-flex wp-block-gallery-is-layout-flex\">\n<figure class=\"wp-block-image size-large\"><img loading=\"lazy\" decoding=\"async\" width=\"1024\" height=\"683\" data-id=\"611554\" src=\"https:\/\/diariodominicano.com\/wp-content\/uploads\/2025\/04\/El-SIUBEN-junto-al-Proyecto-Punta-Bergantin-presentan-resultados-del-levantamiento-informacion-socioeconomica-en-Villa-Montellano-Puerto-Plata-1024x683.jpeg\" alt=\"\" class=\"wp-image-611554\" srcset=\"https:\/\/diariodominicano.com\/wp-content\/uploads\/2025\/04\/El-SIUBEN-junto-al-Proyecto-Punta-Bergantin-presentan-resultados-del-levantamiento-informacion-socioeconomica-en-Villa-Montellano-Puerto-Plata-1024x683.jpeg 1024w, https:\/\/diariodominicano.com\/wp-content\/uploads\/2025\/04\/El-SIUBEN-junto-al-Proyecto-Punta-Bergantin-presentan-resultados-del-levantamiento-informacion-socioeconomica-en-Villa-Montellano-Puerto-Plata-300x200.jpeg 300w, https:\/\/diariodominicano.com\/wp-content\/uploads\/2025\/04\/El-SIUBEN-junto-al-Proyecto-Punta-Bergantin-presentan-resultados-del-levantamiento-informacion-socioeconomica-en-Villa-Montellano-Puerto-Plata-768x512.jpeg 768w, https:\/\/diariodominicano.com\/wp-content\/uploads\/2025\/04\/El-SIUBEN-junto-al-Proyecto-Punta-Bergantin-presentan-resultados-del-levantamiento-informacion-socioeconomica-en-Villa-Montellano-Puerto-Plata-1536x1024.jpeg 1536w, https:\/\/diariodominicano.com\/wp-content\/uploads\/2025\/04\/El-SIUBEN-junto-al-Proyecto-Punta-Bergantin-presentan-resultados-del-levantamiento-informacion-socioeconomica-en-Villa-Montellano-Puerto-Plata-816x544.jpeg 816w, https:\/\/diariodominicano.com\/wp-content\/uploads\/2025\/04\/El-SIUBEN-junto-al-Proyecto-Punta-Bergantin-presentan-resultados-del-levantamiento-informacion-socioeconomica-en-Villa-Montellano-Puerto-Plata.jpeg 1599w\" sizes=\"auto, (max-width: 1024px) 100vw, 1024px\" \/><\/figure>\n<\/figure>\n\n\n\n<p>El director general del SIUBEN Augusto De Los Santos, al compartir los datos m\u00e1s relevantes del proceso agradeci\u00f3 la asistencia de los presentes, los ejecutivos de Punta Bergant\u00edn representados por la directora de Comunidad Sostenibilidad e Investigaciones, Leonela Volquez, as\u00ed como autoridades provinciales y municipales, en especial al alcalde de Villa Montellano, H\u00e9ctor Almonte, quien destac\u00f3 la importancia del trabajo realizado para identificar las condiciones socioecon\u00f3micas de la comunidad.<\/p>\n\n\n\n<figure class=\"wp-block-gallery has-nested-images columns-default is-cropped wp-block-gallery-2 is-layout-flex wp-block-gallery-is-layout-flex\">\n<figure class=\"wp-block-image size-large\"><img loading=\"lazy\" decoding=\"async\" width=\"1024\" height=\"683\" data-id=\"611552\" src=\"https:\/\/diariodominicano.com\/wp-content\/uploads\/2025\/04\/El-SIUBEN-junto-al-Proyecto-Punta-Bergantin-presentan-resultados-del-levantamiento-de-informacion-socioeconomica-Villa-Montellano-Puerto-Plata-1024x683.jpeg\" alt=\"\" class=\"wp-image-611552\" srcset=\"https:\/\/diariodominicano.com\/wp-content\/uploads\/2025\/04\/El-SIUBEN-junto-al-Proyecto-Punta-Bergantin-presentan-resultados-del-levantamiento-de-informacion-socioeconomica-Villa-Montellano-Puerto-Plata-1024x683.jpeg 1024w, https:\/\/diariodominicano.com\/wp-content\/uploads\/2025\/04\/El-SIUBEN-junto-al-Proyecto-Punta-Bergantin-presentan-resultados-del-levantamiento-de-informacion-socioeconomica-Villa-Montellano-Puerto-Plata-300x200.jpeg 300w, https:\/\/diariodominicano.com\/wp-content\/uploads\/2025\/04\/El-SIUBEN-junto-al-Proyecto-Punta-Bergantin-presentan-resultados-del-levantamiento-de-informacion-socioeconomica-Villa-Montellano-Puerto-Plata-768x512.jpeg 768w, https:\/\/diariodominicano.com\/wp-content\/uploads\/2025\/04\/El-SIUBEN-junto-al-Proyecto-Punta-Bergantin-presentan-resultados-del-levantamiento-de-informacion-socioeconomica-Villa-Montellano-Puerto-Plata-1536x1024.jpeg 1536w, https:\/\/diariodominicano.com\/wp-content\/uploads\/2025\/04\/El-SIUBEN-junto-al-Proyecto-Punta-Bergantin-presentan-resultados-del-levantamiento-de-informacion-socioeconomica-Villa-Montellano-Puerto-Plata-816x544.jpeg 816w, https:\/\/diariodominicano.com\/wp-content\/uploads\/2025\/04\/El-SIUBEN-junto-al-Proyecto-Punta-Bergantin-presentan-resultados-del-levantamiento-de-informacion-socioeconomica-Villa-Montellano-Puerto-Plata.jpeg 1599w\" sizes=\"auto, (max-width: 1024px) 100vw, 1024px\" \/><\/figure>\n<\/figure>\n\n\n\n<p>\u201cEste levantamiento, complementa los esfuerzos del Gobierno dominicano para promover el crecimiento socioecon\u00f3mico de este municipio, quien a trav\u00e9s del proyecto Punta Bergant\u00edn desarrolla una de las principales estrategias para garantizar el acceso a diversas oportunidades con el prop\u00f3sito de mejorar la calidad de vida de nuestra gente\u201d, expres\u00f3 el director de los Santos.<\/p>\n\n\n\n<p>La investigaci\u00f3n realizada en coordinaci\u00f3n con el citado proyecto tur\u00edstico-inmobiliario, busca identificar necesidades a las cuales se les ofrecer\u00e1 atenci\u00f3n ya sean de empleo, sociales, educativas o de formaci\u00f3n t\u00e9cnica, a fin de proveer oportunidades de capacitaci\u00f3n e integraci\u00f3n tanto, desde las cadenas de valor que genera, como de las distintas plazas que componen esta inversi\u00f3n.<\/p>\n\n\n\n<p>De los Santos agreg\u00f3: \u201cpara el SIUBEN, al identificar y priorizar la vulnerabilidad de las familias como parte del prop\u00f3sito que nos define, esta experiencia, edificante por dem\u00e1s, y de importante valor cient\u00edfico, satisface las expectativas para la cual hemos sido creados al arrojar informaci\u00f3n determinante para el crecimiento sostenido de Villa Montellano, por lo que agradecemos tambi\u00e9n la confianza depositada por el director ejecutivo de Punta Bergant\u00edn Andr\u00e9s Marranzini, al propiciar la iniciativa\u201d<\/p>\n\n\n\n<p>Mientras, la ejecutiva de Punta Bergant\u00edn, Leonela Volquez refiri\u00f3 que, \u201ccon la integraci\u00f3n del SIUBEN, incorporamos la estrategia dise\u00f1ada a los grupos ahora identificados para construir a trav\u00e9s de nuestro director ejecutivo, el objetivo de desarrollo sostenible que enmarca Punta Bergant\u00edn, el cual es transversal a la disposici\u00f3n del presidente Abinader para la zona, y cuenta con el apoyo de la&nbsp;estructura del grupo&nbsp;BanReservas\u201d.<\/p>\n\n\n\n<p>Al Cierre, la ejecutiva agradeci\u00f3 el trabajo realizado y el apoyo de la comunidad al integrarse activamente, refiriendo que, a partir de esta data se realizaran los ajustes correspondientes a la planificaci\u00f3n prevista tanto en la parte social, laboral, educativa y de sostenibilidad.<\/p>\n\n\n\n<h3 class=\"wp-block-heading\">Mar\u00eda Alejandra Alc\u00e1ntara&nbsp;<a href=\"mailto:mariaalejandra@cicom.do\">mariaalejandra@cicom.do<\/a><\/h3>\n","protected":false},"excerpt":{"rendered":"<p>La informaci\u00f3n facilitar\u00e1 toma de decisiones, acceso a proyectos de desarrollo, y focalizaci\u00f3n a programas sociales. Villa Montellano, Puerto Plata. \u2013 El Sistema \u00danico de Beneficiarios, SIUBEN, entidad adscrita al Ministerio de Econom\u00eda, Planificaci\u00f3n y Desarrollo, present\u00f3 los resultados del levantamiento de informaci\u00f3n socioecon\u00f3mica de hogares realizado en el citado municipio durante los meses de [&hellip;]<\/p>\n","protected":false},"author":7,"featured_media":611554,"comment_status":"closed","ping_status":"closed","sticky":false,"template":"","format":"standard","meta":{"footnotes":""},"categories":[18],"tags":[1060],"class_list":["post-611539","post","type-post","status-publish","format-standard","has-post-thumbnail","hentry","category-economia","tag-siuben"],"_links":{"self":[{"href":"https:\/\/diariodominicano.com\/index.php?rest_route=\/wp\/v2\/posts\/611539","targetHints":{"allow":["GET"]}}],"collection":[{"href":"https:\/\/diariodominicano.com\/index.php?rest_route=\/wp\/v2\/posts"}],"about":[{"href":"https:\/\/diariodominicano.com\/index.php?rest_route=\/wp\/v2\/types\/post"}],"author":[{"embeddable":true,"href":"https:\/\/diariodominicano.com\/index.php?rest_route=\/wp\/v2\/users\/7"}],"replies":[{"embeddable":true,"href":"https:\/\/diariodominicano.com\/index.php?rest_route=%2Fwp%2Fv2%2Fcomments&post=611539"}],"version-history":[{"count":1,"href":"https:\/\/diariodominicano.com\/index.php?rest_route=\/wp\/v2\/posts\/611539\/revisions"}],"predecessor-version":[{"id":611559,"href":"https:\/\/diariodominicano.com\/index.php?rest_route=\/wp\/v2\/posts\/611539\/revisions\/611559"}],"wp:featuredmedia":[{"embeddable":true,"href":"https:\/\/diariodominicano.com\/index.php?rest_route=\/wp\/v2\/media\/611554"}],"wp:attachment":[{"href":"https:\/\/diariodominicano.com\/index.php?rest_route=%2Fwp%2Fv2%2Fmedia&parent=611539"}],"wp:term":[{"taxonomy":"category","embeddable":true,"href":"https:\/\/diariodominicano.com\/index.php?rest_route=%2Fwp%2Fv2%2Fcategories&post=611539"},{"taxonomy":"post_tag","embeddable":true,"href":"https:\/\/diariodominicano.com\/index.php?rest_route=%2Fwp%2Fv2%2Ftags&post=611539"}],"curies":[{"name":"wp","href":"https:\/\/api.w.org\/{rel}","templated":true}]}}