{"id":611383,"date":"2025-04-23T00:49:57","date_gmt":"2025-04-23T04:49:57","guid":{"rendered":"https:\/\/diariodominicano.com\/?p=611383"},"modified":"2025-04-23T00:50:00","modified_gmt":"2025-04-23T04:50:00","slug":"cuba-recuerda-legado-de-lider-revolucionario","status":"publish","type":"post","link":"https:\/\/diariodominicano.com\/?p=611383","title":{"rendered":"Cuba recuerda legado de l\u00edder revolucionario"},"content":{"rendered":"\n<p>La Habana, 22 abr (Prensa Latina) La nueva generaci\u00f3n de diplom\u00e1ticos de Cuba debe seguir el legado de Ra\u00fal Roa, y aprender a construir la patria desde la diplomacia revolucionaria, declar\u00f3 hoy Norma Goicochea, presidenta de la Asociaci\u00f3n Cubana de Naciones Unidas (ACNU).<\/p>\n\n\n\n<ul class=\"wp-block-list\">\n<li><a href=\"https:\/\/www.prensa-latina.cu\/2025\/04\/22\/\"><time>abril 22, 2025 | 16:03<\/time><\/a><\/li>\n<\/ul>\n\n\n\n<ul class=\"wp-block-list\">\n<li><a href=\"https:\/\/www.prensa-latina.cu\/2025\/04\/22\/cuba-recuerda-legado-de-lider-revolucionario\/#\"><\/a><\/li>\n\n\n\n<li><a href=\"https:\/\/www.prensa-latina.cu\/2025\/04\/22\/cuba-recuerda-legado-de-lider-revolucionario\/#\"><\/a><\/li>\n\n\n\n<li><a href=\"https:\/\/www.prensa-latina.cu\/2025\/04\/22\/cuba-recuerda-legado-de-lider-revolucionario\/#\"><\/a><\/li>\n\n\n\n<li><a href=\"https:\/\/www.prensa-latina.cu\/2025\/04\/22\/cuba-recuerda-legado-de-lider-revolucionario\/#\"><\/a><\/li>\n<\/ul>\n\n\n\n<p>En exclusiva para Prensa latina, Goicochea afirm\u00f3 que \u201cRoa tiene un significado alt\u00edsimo para el pueblo de Cuba, por su posici\u00f3n tan vertical y digna, y por la forma en la que defendi\u00f3 al pa\u00eds durante toda su vida y su obra como canciller en los diferentes escenarios\u201d.<\/p>\n\n\n\n<p>Por el 118 aniversario del natalicio de este l\u00edder revolucionario la ACNU, con sede en esta capital, organiz\u00f3 el conversatorio \u201cVida y obra del Canciller de la Dignidad\u201d.<\/p>\n\n\n\n<p>Presidido por Ra\u00fal Roa Kour\u00ed (hijo del homenajeado), Jos\u00e9 R. Viera y Oscar Oramas, personalidades que ocuparon el cargo de viceministros durante su canciller\u00eda, el encuentro reuni\u00f3 a un p\u00fablico de conocidos y admiradores de su trabajo.<\/p>\n\n\n\n<p>\u201cFue martiano, marxista, fidelista y revolucionario\u201d, expres\u00f3 su hijo, mientras hizo un detallado resumen de su labor revolucionaria y de todas las aristas de su car\u00e1cter en sentido personal y profesional.<\/p>\n\n\n\n<p>Ra\u00fal Roa fue escritor, polemista, profesor, historiador, pol\u00edtico y diplom\u00e1tico que destac\u00f3 en numerosas batallas por la dignidad de Cuba y Am\u00e9rica Latina.<\/p>\n\n\n\n<p>De acuerdo con el cronista de Prensa Latina, Noel Dom\u00ednguez, el ministro de esa cartera sent\u00f3 c\u00e1tedra en la diplomacia mundial y despu\u00e9s de 1959, el l\u00edder hist\u00f3rico de la Revoluci\u00f3n cubana, Fidel Castro, tuvo en \u00e9l un int\u00e9rprete id\u00f3neo de sus concepciones sobre la diplomacia revolucionaria.<\/p>\n\n\n\n<p>arc\/ale\/lcs<\/p>\n\n\n\n<ul class=\"wp-block-list\">\n<li>#<a href=\"https:\/\/www.prensa-latina.cu\/etiqueta\/acnu\/\">acnu<\/a>\u00a0#<a href=\"https:\/\/www.prensa-latina.cu\/etiqueta\/cuba\/\">cuba<\/a>\u00a0#<a href=\"https:\/\/www.prensa-latina.cu\/etiqueta\/raul-roa\/\">Ra\u00fal Roa<\/a><\/li>\n<\/ul>\n","protected":false},"excerpt":{"rendered":"<p>La Habana, 22 abr (Prensa Latina) La nueva generaci\u00f3n de diplom\u00e1ticos de Cuba debe seguir el legado de Ra\u00fal Roa, y aprender a construir la patria desde la diplomacia revolucionaria, declar\u00f3 hoy Norma Goicochea, presidenta de la Asociaci\u00f3n Cubana de Naciones Unidas (ACNU). En exclusiva para Prensa latina, Goicochea afirm\u00f3 que \u201cRoa tiene un significado [&hellip;]<\/p>\n","protected":false},"author":28,"featured_media":611384,"comment_status":"closed","ping_status":"closed","sticky":false,"template":"","format":"standard","meta":{"footnotes":""},"categories":[36,26],"tags":[],"class_list":["post-611383","post","type-post","status-publish","format-standard","has-post-thumbnail","hentry","category-hombresmujeresycosas","category-efemerides"],"_links":{"self":[{"href":"https:\/\/diariodominicano.com\/index.php?rest_route=\/wp\/v2\/posts\/611383","targetHints":{"allow":["GET"]}}],"collection":[{"href":"https:\/\/diariodominicano.com\/index.php?rest_route=\/wp\/v2\/posts"}],"about":[{"href":"https:\/\/diariodominicano.com\/index.php?rest_route=\/wp\/v2\/types\/post"}],"author":[{"embeddable":true,"href":"https:\/\/diariodominicano.com\/index.php?rest_route=\/wp\/v2\/users\/28"}],"replies":[{"embeddable":true,"href":"https:\/\/diariodominicano.com\/index.php?rest_route=%2Fwp%2Fv2%2Fcomments&post=611383"}],"version-history":[{"count":1,"href":"https:\/\/diariodominicano.com\/index.php?rest_route=\/wp\/v2\/posts\/611383\/revisions"}],"predecessor-version":[{"id":611385,"href":"https:\/\/diariodominicano.com\/index.php?rest_route=\/wp\/v2\/posts\/611383\/revisions\/611385"}],"wp:featuredmedia":[{"embeddable":true,"href":"https:\/\/diariodominicano.com\/index.php?rest_route=\/wp\/v2\/media\/611384"}],"wp:attachment":[{"href":"https:\/\/diariodominicano.com\/index.php?rest_route=%2Fwp%2Fv2%2Fmedia&parent=611383"}],"wp:term":[{"taxonomy":"category","embeddable":true,"href":"https:\/\/diariodominicano.com\/index.php?rest_route=%2Fwp%2Fv2%2Fcategories&post=611383"},{"taxonomy":"post_tag","embeddable":true,"href":"https:\/\/diariodominicano.com\/index.php?rest_route=%2Fwp%2Fv2%2Ftags&post=611383"}],"curies":[{"name":"wp","href":"https:\/\/api.w.org\/{rel}","templated":true}]}}