{"id":611380,"date":"2025-04-23T00:46:50","date_gmt":"2025-04-23T04:46:50","guid":{"rendered":"https:\/\/diariodominicano.com\/?p=611380"},"modified":"2025-04-23T00:46:51","modified_gmt":"2025-04-23T04:46:51","slug":"destacan-en-cuba-decisivo-papel-de-urss-en-victoria-contra-fascismo-foto","status":"publish","type":"post","link":"https:\/\/diariodominicano.com\/?p=611380","title":{"rendered":"Destacan en Cuba decisivo papel de URSS en victoria contra fascismo (+Foto)"},"content":{"rendered":"\n<p>La Habana, 22 abr (Prensa Latina) La Uni\u00f3n Sovi\u00e9tica realiz\u00f3 la mayor contribuci\u00f3n para la derrota del fascismo en la II Guerra Mundial y evit\u00f3 as\u00ed su expansi\u00f3n a otras naciones, consideraron hoy en Cuba diplom\u00e1ticos y expertos en la materia.<\/p>\n\n\n\n<ul class=\"wp-block-list\">\n<li><a href=\"https:\/\/www.prensa-latina.cu\/2025\/04\/22\/\"><time>abril 22, 2025 | 18:10<\/time><\/a><\/li>\n<\/ul>\n\n\n\n<ul class=\"wp-block-list\">\n<li><a href=\"https:\/\/www.prensa-latina.cu\/2025\/04\/22\/destacan-en-cuba-decisivo-papel-de-urss-en-victoria-contra-fascismo\/#\"><\/a><\/li>\n\n\n\n<li><a href=\"https:\/\/www.prensa-latina.cu\/2025\/04\/22\/destacan-en-cuba-decisivo-papel-de-urss-en-victoria-contra-fascismo\/#\"><\/a><\/li>\n\n\n\n<li><a href=\"https:\/\/www.prensa-latina.cu\/2025\/04\/22\/destacan-en-cuba-decisivo-papel-de-urss-en-victoria-contra-fascismo\/#\"><\/a><\/li>\n\n\n\n<li><a href=\"https:\/\/www.prensa-latina.cu\/2025\/04\/22\/destacan-en-cuba-decisivo-papel-de-urss-en-victoria-contra-fascismo\/#\"><\/a><\/li>\n<\/ul>\n\n\n\n<p>Esa verdad hist\u00f3rica pretende desconocerse y las potencias occidentales manipulan los hechos que hace 80 a\u00f1os condujeron a la victoria del Ej\u00e9rcito Rojo (ER) y de los aliados contra las fuerzas hitlerianas, el 9 de mayo de 1945, asegur\u00f3 el embajador del pa\u00eds eslavo, V\u00edctor Koronelli.<\/p>\n\n\n\n<p>Durante un seminario por el acontecimiento efectuado en el Instituto Superior de Relaciones Internacionales (ISRI), el jefe de la legaci\u00f3n diplom\u00e1tica, afirm\u00f3 que el coraje y el hero\u00edsmo de combatientes y ciudadanos de la Uni\u00f3n de Rep\u00fablicas Socialistas Sovi\u00e9ticas (URSS), resultaron decisivos para aplastar a los invasores alemanes.<\/p>\n\n\n\n<p>Desatac\u00f3 asimismo el alto costo del conflicto para la parte agredida que registr\u00f3 la muerte de 27 millones de personas, a causa de bombardeos indiscriminados, batallas, hambre y exterminio en los campos de concentraci\u00f3n nazis.<\/p>\n\n\n\n<figure class=\"wp-block-image\"><img decoding=\"async\" src=\"https:\/\/www.prensa-latina.cu\/wp-content\/uploads\/2025\/04\/IMG-20250422-WA0014.jpg\" alt=\"\" class=\"wp-image-1556779\"\/><\/figure>\n\n\n\n<p>Aquellos sucesos, sostuvo Koronelli, clasifican como intento de genocidio de la poblaci\u00f3n sovi\u00e9tica, v\u00edctima de cr\u00edmenes brutales y asesinatos masivos que en la actualidad el \u201coccidente colectivo\u201d pretende olvidar en su af\u00e1n de reescribir la historia.<\/p>\n\n\n\n<p>El diplom\u00e1tico denunci\u00f3 tambi\u00e9n el resurgimiento del nazismo en Europa, con expresiones de exaltaci\u00f3n de s\u00edmbolos de esa nefasta corriente ideol\u00f3gica y la destrucci\u00f3n del legado hist\u00f3rico ruso.<\/p>\n\n\n\n<p>Agradeci\u00f3 a Cuba por su contribuci\u00f3n al defender la verdad sobre la Gran Guerra Patria y el hero\u00edsmo de los pueblos de la URSS en la II Guerra Mundial. En tal sentido, record\u00f3 que esa conflagraci\u00f3n planetaria combatieron por el ER, los j\u00f3venes cubanos Aldo y Jorge Viv\u00f3, y Enrique Vilar.<\/p>\n\n\n\n<figure class=\"wp-block-image\"><img decoding=\"async\" src=\"https:\/\/www.prensa-latina.cu\/wp-content\/uploads\/2025\/04\/IMG-20250422-WA0010.jpg\" alt=\"\" class=\"wp-image-1556777\"\/><\/figure>\n\n\n\n<p>La voz de la naci\u00f3n euroasi\u00e1tica resuena con fuerza en el escenario internacional contra la degradaci\u00f3n de la historia y la glorificaci\u00f3n del nazismo, el incremento del gasto militar del bloque europeo, lo que incrementa el peligro de una guerra a gran escala, dijeron otros ponentes.<\/p>\n\n\n\n<p>Con presencia de estudiantes del ISRI, el seminario conmemor\u00f3 adem\u00e1s el aniversario 155 del natalicio de Vladimir Ilich Lenin, este 22 de abril, y se inscribe en el programa de actividades por el 65 del establecimiento de relaciones entre Cuba y la Uni\u00f3n Sovi\u00e9tica.<\/p>\n\n\n\n<p>arc\/lld<\/p>\n\n\n\n<ul class=\"wp-block-list\">\n<li>#<a href=\"https:\/\/www.prensa-latina.cu\/etiqueta\/cuba\/\">cuba<\/a>\u00a0#<a href=\"https:\/\/www.prensa-latina.cu\/etiqueta\/fascismo\/\">fascismo<\/a>\u00a0#<a href=\"https:\/\/www.prensa-latina.cu\/etiqueta\/rusia\/\">Rusia<\/a>\u00a0#<a href=\"https:\/\/www.prensa-latina.cu\/etiqueta\/victoria\/\">victoria<\/a><\/li>\n<\/ul>\n","protected":false},"excerpt":{"rendered":"<p>La Habana, 22 abr (Prensa Latina) La Uni\u00f3n Sovi\u00e9tica realiz\u00f3 la mayor contribuci\u00f3n para la derrota del fascismo en la II Guerra Mundial y evit\u00f3 as\u00ed su expansi\u00f3n a otras naciones, consideraron hoy en Cuba diplom\u00e1ticos y expertos en la materia. Esa verdad hist\u00f3rica pretende desconocerse y las potencias occidentales manipulan los hechos que hace [&hellip;]<\/p>\n","protected":false},"author":28,"featured_media":611381,"comment_status":"closed","ping_status":"closed","sticky":false,"template":"","format":"standard","meta":{"footnotes":""},"categories":[26],"tags":[],"class_list":["post-611380","post","type-post","status-publish","format-standard","has-post-thumbnail","hentry","category-efemerides"],"_links":{"self":[{"href":"https:\/\/diariodominicano.com\/index.php?rest_route=\/wp\/v2\/posts\/611380","targetHints":{"allow":["GET"]}}],"collection":[{"href":"https:\/\/diariodominicano.com\/index.php?rest_route=\/wp\/v2\/posts"}],"about":[{"href":"https:\/\/diariodominicano.com\/index.php?rest_route=\/wp\/v2\/types\/post"}],"author":[{"embeddable":true,"href":"https:\/\/diariodominicano.com\/index.php?rest_route=\/wp\/v2\/users\/28"}],"replies":[{"embeddable":true,"href":"https:\/\/diariodominicano.com\/index.php?rest_route=%2Fwp%2Fv2%2Fcomments&post=611380"}],"version-history":[{"count":1,"href":"https:\/\/diariodominicano.com\/index.php?rest_route=\/wp\/v2\/posts\/611380\/revisions"}],"predecessor-version":[{"id":611382,"href":"https:\/\/diariodominicano.com\/index.php?rest_route=\/wp\/v2\/posts\/611380\/revisions\/611382"}],"wp:featuredmedia":[{"embeddable":true,"href":"https:\/\/diariodominicano.com\/index.php?rest_route=\/wp\/v2\/media\/611381"}],"wp:attachment":[{"href":"https:\/\/diariodominicano.com\/index.php?rest_route=%2Fwp%2Fv2%2Fmedia&parent=611380"}],"wp:term":[{"taxonomy":"category","embeddable":true,"href":"https:\/\/diariodominicano.com\/index.php?rest_route=%2Fwp%2Fv2%2Fcategories&post=611380"},{"taxonomy":"post_tag","embeddable":true,"href":"https:\/\/diariodominicano.com\/index.php?rest_route=%2Fwp%2Fv2%2Ftags&post=611380"}],"curies":[{"name":"wp","href":"https:\/\/api.w.org\/{rel}","templated":true}]}}