{"id":611299,"date":"2025-04-22T17:21:06","date_gmt":"2025-04-22T21:21:06","guid":{"rendered":"https:\/\/diariodominicano.com\/?p=611299"},"modified":"2025-04-22T17:22:56","modified_gmt":"2025-04-22T21:22:56","slug":"benny-metzestamos-transformando-el-conadis-en-un-organo-rector-activo-inclusivo-y-transparente","status":"publish","type":"post","link":"https:\/\/diariodominicano.com\/?p=611299","title":{"rendered":"Benny Metz: \u201cEstamos transformando el CONADIS en un \u00f3rgano rector activo, inclusivo y transparente\u201d"},"content":{"rendered":"\n<p><strong>Santo Domingo, abril de 2025 \u2014<\/strong>&nbsp;El presidente del Consejo Nacional de Discapacidad (CONADIS), Benny Metz, reafirm\u00f3 el compromiso de la instituci\u00f3n con la articulaci\u00f3n efectiva de pol\u00edticas p\u00fablicas inclusivas, en cumplimiento con lo establecido por la Ley 05-13 sobre Discapacidad en la Rep\u00fablica Dominicana.<\/p>\n\n\n\n<p>Durante sus declaraciones, Metz destac\u00f3 el rol estrat\u00e9gico del CONADIS como ente coordinador y rector del sistema nacional de atenci\u00f3n a las personas con discapacidad.<\/p>\n\n\n\n<p>\u201cEl CONADIS no s\u00f3lo articula, sino que dirige la pol\u00edtica de discapacidad en el pa\u00eds. Lo hemos asumido con la seriedad y el nivel institucional que requiere, consolid\u00e1ndose como un \u00f3rgano sombrilla que gu\u00eda las acciones del Estado en esta materia\u201d, se\u00f1al\u00f3 Metz.<\/p>\n\n\n\n<p>Desde su llegada a la presidencia del Consejo hace cuatro meses, Metz ha impulsado una gesti\u00f3n basada en la inclusi\u00f3n real, la eficiencia institucional y el fortalecimiento del v\u00ednculo con la sociedad civil.<\/p>\n\n\n\n<p>El Directorio Nacional, \u00f3rgano m\u00e1ximo del CONADIS, est\u00e1 compuesto por 10 instituciones del Estado y entre 15 y 20 organizaciones de la sociedad civil, garantizando as\u00ed una gobernanza participativa en la toma de decisiones.<\/p>\n\n\n\n<p>\u201cHemos logrado una din\u00e1mica de trabajo activa y constante. El Comit\u00e9 Ejecutivo se ha reunido casi todos los meses y el Directorio Nacional ya ha celebrado dos encuentros en menos de tres meses, lo cual demuestra el compromiso con una gesti\u00f3n continua y orientada a resultados\u201d, explic\u00f3 el presidente del CONADIS.<\/p>\n\n\n\n<p>Bajo su liderazgo, la instituci\u00f3n ha trazado e implementado pol\u00edticas en \u00e1reas claves como la accesibilidad universal, inclusi\u00f3n educativa y laboral, y protecci\u00f3n social para las personas con discapacidad.<\/p>\n\n\n\n<p>Entre los logros m\u00e1s destacados se encuentra la incorporaci\u00f3n de cerca de 1,000 ni\u00f1os con discapacidad al Fondo de la Ni\u00f1ez, lo que representa una cuarta parte del total de beneficiarios en los \u00faltimos cuatro a\u00f1os, conseguido en tan solo tres meses de gesti\u00f3n.<\/p>\n\n\n\n<p>Asimismo, en colaboraci\u00f3n con otras instancias del Estado, se han gestionado m\u00e1s de 700 nuevas pensiones solidarias para personas con discapacidad, marcando un hito tras m\u00e1s de un a\u00f1o sin emisi\u00f3n de decretos de este tipo por razones electorales.<\/p>\n\n\n\n<p>Metz, quien anteriormente se desempe\u00f1\u00f3 como viceministro y fue enlace institucional con el CONADIS, manifest\u00f3 que lo que m\u00e1s lo ha impactado desde que asumi\u00f3 la presidencia es la realidad de muchas familias que viven en condiciones de alta vulnerabilidad y la urgente necesidad de dignificar su atenci\u00f3n: \u201cEstamos abriendo puertas, brindando respuestas, y sobre todo, trabajando desde una perspectiva de respeto, inclusi\u00f3n y justicia social. Las personas con discapacidad no son sujetos pasivos, son ciudadanos con derechos que merecen una participaci\u00f3n plena y activa\u201d.<\/p>\n\n\n\n<p>La visi\u00f3n de Benny Metz para el CONADIS es fortalecer su rol como instituci\u00f3n t\u00e9cnica, transparente y cercana a la poblaci\u00f3n, construyendo una sociedad m\u00e1s accesible, incluyente y emp\u00e1tica.<\/p>\n\n\n\n<p><strong>Carmen Estevez<\/strong>\u00a0&lt;estevezc119@gmail.com> <\/p>\n","protected":false},"excerpt":{"rendered":"<p>Santo Domingo, abril de 2025 \u2014&nbsp;El presidente del Consejo Nacional de Discapacidad (CONADIS), Benny Metz, reafirm\u00f3 el compromiso de la instituci\u00f3n con la articulaci\u00f3n efectiva de pol\u00edticas p\u00fablicas inclusivas, en cumplimiento con lo establecido por la Ley 05-13 sobre Discapacidad en la Rep\u00fablica Dominicana. Durante sus declaraciones, Metz destac\u00f3 el rol estrat\u00e9gico del CONADIS como [&hellip;]<\/p>\n","protected":false},"author":7,"featured_media":611307,"comment_status":"closed","ping_status":"closed","sticky":false,"template":"","format":"standard","meta":{"footnotes":""},"categories":[36],"tags":[1077],"class_list":["post-611299","post","type-post","status-publish","format-standard","has-post-thumbnail","hentry","category-hombresmujeresycosas","tag-conadis"],"_links":{"self":[{"href":"https:\/\/diariodominicano.com\/index.php?rest_route=\/wp\/v2\/posts\/611299","targetHints":{"allow":["GET"]}}],"collection":[{"href":"https:\/\/diariodominicano.com\/index.php?rest_route=\/wp\/v2\/posts"}],"about":[{"href":"https:\/\/diariodominicano.com\/index.php?rest_route=\/wp\/v2\/types\/post"}],"author":[{"embeddable":true,"href":"https:\/\/diariodominicano.com\/index.php?rest_route=\/wp\/v2\/users\/7"}],"replies":[{"embeddable":true,"href":"https:\/\/diariodominicano.com\/index.php?rest_route=%2Fwp%2Fv2%2Fcomments&post=611299"}],"version-history":[{"count":3,"href":"https:\/\/diariodominicano.com\/index.php?rest_route=\/wp\/v2\/posts\/611299\/revisions"}],"predecessor-version":[{"id":611310,"href":"https:\/\/diariodominicano.com\/index.php?rest_route=\/wp\/v2\/posts\/611299\/revisions\/611310"}],"wp:featuredmedia":[{"embeddable":true,"href":"https:\/\/diariodominicano.com\/index.php?rest_route=\/wp\/v2\/media\/611307"}],"wp:attachment":[{"href":"https:\/\/diariodominicano.com\/index.php?rest_route=%2Fwp%2Fv2%2Fmedia&parent=611299"}],"wp:term":[{"taxonomy":"category","embeddable":true,"href":"https:\/\/diariodominicano.com\/index.php?rest_route=%2Fwp%2Fv2%2Fcategories&post=611299"},{"taxonomy":"post_tag","embeddable":true,"href":"https:\/\/diariodominicano.com\/index.php?rest_route=%2Fwp%2Fv2%2Ftags&post=611299"}],"curies":[{"name":"wp","href":"https:\/\/api.w.org\/{rel}","templated":true}]}}