{"id":611247,"date":"2025-04-22T10:57:59","date_gmt":"2025-04-22T14:57:59","guid":{"rendered":"https:\/\/diariodominicano.com\/?p=611247"},"modified":"2025-04-22T10:58:19","modified_gmt":"2025-04-22T14:58:19","slug":"julieta-tejada-califica-observatorio-de-politicas-migratorias-como-redundante-e-innecesario","status":"publish","type":"post","link":"https:\/\/diariodominicano.com\/?p=611247","title":{"rendered":"Julieta Tejada califica Observatorio de Pol\u00edticas Migratorias como redundante e innecesario"},"content":{"rendered":"\n<p>Percibe un patr\u00f3n de improvisaci\u00f3n institucional que termina debilitando la gesti\u00f3n p\u00fablica en lugar de fortalecerla.<\/p>\n\n\n\n<p>Santo Domingo, -Durante su intervenci\u00f3n en el programa radial El Gobierno de la Ma\u00f1ana, la comunicadora Julieta Tejada cuestion\u00f3 la proliferaci\u00f3n de comisiones y nuevos \u00f3rganos creados por el Poder Ejecutivo, especialmente en \u00e1reas donde ya existen entidades legalmente establecidas para cumplir funciones similares.<\/p>\n\n\n\n<p>Tejada se refiri\u00f3 al reci\u00e9n creado por decreto Observatorio de Pol\u00edticas Migratoria, conformado por instituciones y personalidades de la sociedad civil, el cual, a su juicio, de la comunicadora, vendr\u00eda a suplantar funciones que son del Instituto Nacional de Migraci\u00f3n, el cual, entre otras funciones, deber\u00eda operar como un observatorio t\u00e9cnico en materia migratoria.<\/p>\n\n\n\n<p>La panelista expres\u00f3 preocupaci\u00f3n por la falta de claridad en los prop\u00f3sitos reales detr\u00e1s de la creaci\u00f3n de nuevos organismos. Se\u00f1al\u00f3 que si ya existen instituciones como el Instituto Nacional de Migraci\u00f3n y el Consejo Nacional de Migraci\u00f3n \u2014este \u00faltimo con m\u00e1s de dos a\u00f1os sin reunirse\u2014, lo l\u00f3gico ser\u00eda fortalecerlas y exigirles el cumplimiento de sus funciones, en lugar de duplicar estructuras con fines aparentemente similares. \u201cSi una instituci\u00f3n no est\u00e1 funcionando, lo correcto es remover a quien no est\u00e1 cumpliendo su rol, no inventar otro \u00f3rgano\u201d, afirm\u00f3.<\/p>\n\n\n\n<p>Tejada destac\u00f3 que la experiencia con comisiones anteriores ha demostrado que no se perciben resultados tangibles que cumplan con los objetivos para los cuales fueron creadas.<\/p>\n\n\n\n<p>En su opini\u00f3n, esto refuerza la percepci\u00f3n de que muchas de estas estructuras surgen como respuestas improvisadas, m\u00e1s que como soluciones efectivas y planificadas. Su intervenci\u00f3n dej\u00f3 sobre la mesa una cr\u00edtica firme a lo que ella percibe como un patr\u00f3n de improvisaci\u00f3n institucional que termina debilitando la gesti\u00f3n p\u00fablica en lugar de fortalecerla.<\/p>\n\n\n\n<p><strong>Estrategia de Medios<\/strong>\u00a0&lt;demediosestrategia@gmail.com> <\/p>\n","protected":false},"excerpt":{"rendered":"<p>Percibe un patr\u00f3n de improvisaci\u00f3n institucional que termina debilitando la gesti\u00f3n p\u00fablica en lugar de fortalecerla. Santo Domingo, -Durante su intervenci\u00f3n en el programa radial El Gobierno de la Ma\u00f1ana, la comunicadora Julieta Tejada cuestion\u00f3 la proliferaci\u00f3n de comisiones y nuevos \u00f3rganos creados por el Poder Ejecutivo, especialmente en \u00e1reas donde ya existen entidades legalmente [&hellip;]<\/p>\n","protected":false},"author":7,"featured_media":605472,"comment_status":"closed","ping_status":"closed","sticky":false,"template":"","format":"standard","meta":{"footnotes":""},"categories":[20],"tags":[1514],"class_list":["post-611247","post","type-post","status-publish","format-standard","has-post-thumbnail","hentry","category-dominicana-hoy","tag-julieta-tejada"],"_links":{"self":[{"href":"https:\/\/diariodominicano.com\/index.php?rest_route=\/wp\/v2\/posts\/611247","targetHints":{"allow":["GET"]}}],"collection":[{"href":"https:\/\/diariodominicano.com\/index.php?rest_route=\/wp\/v2\/posts"}],"about":[{"href":"https:\/\/diariodominicano.com\/index.php?rest_route=\/wp\/v2\/types\/post"}],"author":[{"embeddable":true,"href":"https:\/\/diariodominicano.com\/index.php?rest_route=\/wp\/v2\/users\/7"}],"replies":[{"embeddable":true,"href":"https:\/\/diariodominicano.com\/index.php?rest_route=%2Fwp%2Fv2%2Fcomments&post=611247"}],"version-history":[{"count":2,"href":"https:\/\/diariodominicano.com\/index.php?rest_route=\/wp\/v2\/posts\/611247\/revisions"}],"predecessor-version":[{"id":611255,"href":"https:\/\/diariodominicano.com\/index.php?rest_route=\/wp\/v2\/posts\/611247\/revisions\/611255"}],"wp:featuredmedia":[{"embeddable":true,"href":"https:\/\/diariodominicano.com\/index.php?rest_route=\/wp\/v2\/media\/605472"}],"wp:attachment":[{"href":"https:\/\/diariodominicano.com\/index.php?rest_route=%2Fwp%2Fv2%2Fmedia&parent=611247"}],"wp:term":[{"taxonomy":"category","embeddable":true,"href":"https:\/\/diariodominicano.com\/index.php?rest_route=%2Fwp%2Fv2%2Fcategories&post=611247"},{"taxonomy":"post_tag","embeddable":true,"href":"https:\/\/diariodominicano.com\/index.php?rest_route=%2Fwp%2Fv2%2Ftags&post=611247"}],"curies":[{"name":"wp","href":"https:\/\/api.w.org\/{rel}","templated":true}]}}