{"id":610978,"date":"2025-04-21T02:28:02","date_gmt":"2025-04-21T06:28:02","guid":{"rendered":"https:\/\/diariodominicano.com\/?p=610978"},"modified":"2025-04-21T02:28:07","modified_gmt":"2025-04-21T06:28:07","slug":"recuerdan-en-cuba-a-jovenes-victimas-de-dictadura-batistiana","status":"publish","type":"post","link":"https:\/\/diariodominicano.com\/?p=610978","title":{"rendered":"Recuerdan en Cuba a j\u00f3venes v\u00edctimas de dictadura batistiana"},"content":{"rendered":"\n<p>La Habana, 20 abr (Prensa Latina) El ministro de Relaciones Exteriores de Cuba, Bruno Rodr\u00edguez, record\u00f3 hoy a los m\u00e1rtires de Humboldt 7, v\u00edctimas de la dictadura de Fulgencio Batista, hace 68 a\u00f1os.<\/p>\n\n\n\n<ul class=\"wp-block-list\">\n<li><a href=\"https:\/\/www.prensa-latina.cu\/2025\/04\/20\/\"><time>abril 20, 2025 | 08:34<\/time><\/a><\/li>\n<\/ul>\n\n\n\n<ul class=\"wp-block-list\">\n<li><a href=\"https:\/\/www.prensa-latina.cu\/2025\/04\/20\/recuerdan-en-cuba-a-jovenes-victimas-de-dictadura-batistiana\/#\"><\/a><\/li>\n\n\n\n<li><a href=\"https:\/\/www.prensa-latina.cu\/2025\/04\/20\/recuerdan-en-cuba-a-jovenes-victimas-de-dictadura-batistiana\/#\"><\/a><\/li>\n\n\n\n<li><a href=\"https:\/\/www.prensa-latina.cu\/2025\/04\/20\/recuerdan-en-cuba-a-jovenes-victimas-de-dictadura-batistiana\/#\"><\/a><\/li>\n\n\n\n<li><a href=\"https:\/\/www.prensa-latina.cu\/2025\/04\/20\/recuerdan-en-cuba-a-jovenes-victimas-de-dictadura-batistiana\/#\"><\/a><\/li>\n<\/ul>\n\n\n\n<p>En su perfil en la red social X, el canciller cubano rindi\u00f3 tributo a los cuatro valerosos j\u00f3venes revolucionarios asesinados como parte de una cacer\u00eda desatada contra los asaltantes del Palacio Presidencial y la emisora Radio Reloj (13 de marzo de 1957).<\/p>\n\n\n\n<p>Ambas acciones, dirigidas por el Directorio Revolucionario y liderados por su figura principal Jos\u00e9 Antonio Echeverr\u00eda, buscaban el fin de la dictadura de Fulgencio Batista, quien desde el golpe de Estado de 1952 manejaba el pa\u00eds de forma corrupta y represiva.<\/p>\n\n\n\n<p>Tras sobrevivir a aquella acci\u00f3n fallida, Fructuoso Rodr\u00edguez (24 a\u00f1os), Juan Pedro Carb\u00f3 Servi\u00e1 (31 a\u00f1os), Jos\u00e9 Machado Rodr\u00edguez (Machadito) (24 a\u00f1os) y Joe Westbrook (20 a\u00f1os) se escondieron en casas de seguridad para escapar de la b\u00fasqueda desatada por la polic\u00eda.<\/p>\n\n\n\n<p>Debido a una delaci\u00f3n, el capit\u00e1n Esteban Ventura lleg\u00f3 hasta el edificio de Humboldt 7 con los efectivos suficientes para rodear y sorprender a los muchachos, quienes fueron asesinados en ese sitio.<\/p>\n\n\n\n<p>Esta masacre se recuerda en Cuba como uno de los peores cr\u00edmenes de la dictadura de Batista y cada a\u00f1o la Federaci\u00f3n Estudiantil Universitaria rinde homenaje a los cuatro j\u00f3venes revolucionarios.<\/p>\n\n\n\n<p>oda\/evm<\/p>\n\n\n\n<ul class=\"wp-block-list\">\n<li>#<a href=\"https:\/\/www.prensa-latina.cu\/etiqueta\/canciller\/\">canciller<\/a>\u00a0#<a href=\"https:\/\/www.prensa-latina.cu\/etiqueta\/cuba\/\">cuba<\/a>\u00a0#<a href=\"https:\/\/www.prensa-latina.cu\/etiqueta\/humboldt7\/\">Humboldt7<\/a>\u00a0#<a href=\"https:\/\/www.prensa-latina.cu\/etiqueta\/tributo\/\">tributo<\/a><\/li>\n<\/ul>\n","protected":false},"excerpt":{"rendered":"<p>La Habana, 20 abr (Prensa Latina) El ministro de Relaciones Exteriores de Cuba, Bruno Rodr\u00edguez, record\u00f3 hoy a los m\u00e1rtires de Humboldt 7, v\u00edctimas de la dictadura de Fulgencio Batista, hace 68 a\u00f1os. En su perfil en la red social X, el canciller cubano rindi\u00f3 tributo a los cuatro valerosos j\u00f3venes revolucionarios asesinados como parte [&hellip;]<\/p>\n","protected":false},"author":28,"featured_media":610979,"comment_status":"closed","ping_status":"closed","sticky":false,"template":"","format":"standard","meta":{"footnotes":""},"categories":[26],"tags":[],"class_list":["post-610978","post","type-post","status-publish","format-standard","has-post-thumbnail","hentry","category-efemerides"],"_links":{"self":[{"href":"https:\/\/diariodominicano.com\/index.php?rest_route=\/wp\/v2\/posts\/610978","targetHints":{"allow":["GET"]}}],"collection":[{"href":"https:\/\/diariodominicano.com\/index.php?rest_route=\/wp\/v2\/posts"}],"about":[{"href":"https:\/\/diariodominicano.com\/index.php?rest_route=\/wp\/v2\/types\/post"}],"author":[{"embeddable":true,"href":"https:\/\/diariodominicano.com\/index.php?rest_route=\/wp\/v2\/users\/28"}],"replies":[{"embeddable":true,"href":"https:\/\/diariodominicano.com\/index.php?rest_route=%2Fwp%2Fv2%2Fcomments&post=610978"}],"version-history":[{"count":1,"href":"https:\/\/diariodominicano.com\/index.php?rest_route=\/wp\/v2\/posts\/610978\/revisions"}],"predecessor-version":[{"id":610980,"href":"https:\/\/diariodominicano.com\/index.php?rest_route=\/wp\/v2\/posts\/610978\/revisions\/610980"}],"wp:featuredmedia":[{"embeddable":true,"href":"https:\/\/diariodominicano.com\/index.php?rest_route=\/wp\/v2\/media\/610979"}],"wp:attachment":[{"href":"https:\/\/diariodominicano.com\/index.php?rest_route=%2Fwp%2Fv2%2Fmedia&parent=610978"}],"wp:term":[{"taxonomy":"category","embeddable":true,"href":"https:\/\/diariodominicano.com\/index.php?rest_route=%2Fwp%2Fv2%2Fcategories&post=610978"},{"taxonomy":"post_tag","embeddable":true,"href":"https:\/\/diariodominicano.com\/index.php?rest_route=%2Fwp%2Fv2%2Ftags&post=610978"}],"curies":[{"name":"wp","href":"https:\/\/api.w.org\/{rel}","templated":true}]}}