{"id":610864,"date":"2025-04-20T19:06:40","date_gmt":"2025-04-20T23:06:40","guid":{"rendered":"https:\/\/diariodominicano.com\/?p=610864"},"modified":"2025-04-20T19:16:22","modified_gmt":"2025-04-20T23:16:22","slug":"infotep-revoluciona-la-formacion-tecnica-nacional-con-simuladores-de-ultima-generacion-desde-su-centro-en-santana","status":"publish","type":"post","link":"https:\/\/diariodominicano.com\/?p=610864","title":{"rendered":"INFOTEP revoluciona la formaci\u00f3n t\u00e9cnica nacional con simuladores de \u00faltima generaci\u00f3n desde su centro en Santana"},"content":{"rendered":"\n<p>\u00b7&nbsp;&nbsp;&nbsp;&nbsp;&nbsp;&nbsp;&nbsp;&nbsp;&nbsp;<em>El Centro Tecnol\u00f3gico Jos\u00e9 Alberto Mad\u00e9 impacta al pa\u00eds con capacitaci\u00f3n especializada en veh\u00edculos pesados y formaci\u00f3n integral, respaldado por tecnolog\u00eda de punta y con alojamiento para participantes de todas las regiones<\/em><\/p>\n\n\n\n<p>Santana, Peravia. \u2013 El Instituto Nacional de Formaci\u00f3n T\u00e9cnico Profesional (INFOTEP) contin\u00faa a la vanguardia de la educaci\u00f3n t\u00e9cnica con la implementaci\u00f3n de simuladores de \u00faltima generaci\u00f3n en el Centro Tecnol\u00f3gico Jos\u00e9 Alberto Mad\u00e9, ubicado en el municipio de Santana, provincia Peravia. Este centro forma parte de la estrategia nacional del INFOTEP para elevar la calidad del capital humano frente a los desaf\u00edos de la Industria 4.0.<\/p>\n\n\n\n<figure class=\"wp-block-gallery has-nested-images columns-default is-cropped wp-block-gallery-1 is-layout-flex wp-block-gallery-is-layout-flex\">\n<figure class=\"wp-block-image size-large\"><img loading=\"lazy\" decoding=\"async\" width=\"1024\" height=\"682\" data-id=\"610890\" src=\"https:\/\/diariodominicano.com\/wp-content\/uploads\/2025\/04\/Simulador-de-Patana-1024x682.jpg\" alt=\"\" class=\"wp-image-610890\" srcset=\"https:\/\/diariodominicano.com\/wp-content\/uploads\/2025\/04\/Simulador-de-Patana-1024x682.jpg 1024w, https:\/\/diariodominicano.com\/wp-content\/uploads\/2025\/04\/Simulador-de-Patana-300x200.jpg 300w, https:\/\/diariodominicano.com\/wp-content\/uploads\/2025\/04\/Simulador-de-Patana-768x512.jpg 768w, https:\/\/diariodominicano.com\/wp-content\/uploads\/2025\/04\/Simulador-de-Patana-1536x1024.jpg 1536w, https:\/\/diariodominicano.com\/wp-content\/uploads\/2025\/04\/Simulador-de-Patana-816x544.jpg 816w, https:\/\/diariodominicano.com\/wp-content\/uploads\/2025\/04\/Simulador-de-Patana.jpg 2000w\" sizes=\"auto, (max-width: 1024px) 100vw, 1024px\" \/><\/figure>\n\n\n\n<figure class=\"wp-block-image size-large\"><img loading=\"lazy\" decoding=\"async\" width=\"1024\" height=\"682\" data-id=\"610889\" src=\"https:\/\/diariodominicano.com\/wp-content\/uploads\/2025\/04\/Simulador-de-Motoniveladora-1024x682.jpg\" alt=\"\" class=\"wp-image-610889\" srcset=\"https:\/\/diariodominicano.com\/wp-content\/uploads\/2025\/04\/Simulador-de-Motoniveladora-1024x682.jpg 1024w, https:\/\/diariodominicano.com\/wp-content\/uploads\/2025\/04\/Simulador-de-Motoniveladora-300x200.jpg 300w, https:\/\/diariodominicano.com\/wp-content\/uploads\/2025\/04\/Simulador-de-Motoniveladora-768x512.jpg 768w, https:\/\/diariodominicano.com\/wp-content\/uploads\/2025\/04\/Simulador-de-Motoniveladora-1536x1024.jpg 1536w, https:\/\/diariodominicano.com\/wp-content\/uploads\/2025\/04\/Simulador-de-Motoniveladora-816x544.jpg 816w, https:\/\/diariodominicano.com\/wp-content\/uploads\/2025\/04\/Simulador-de-Motoniveladora.jpg 2000w\" sizes=\"auto, (max-width: 1024px) 100vw, 1024px\" \/><\/figure>\n<\/figure>\n\n\n\n<p>Los participantes reciben formaci\u00f3n como operadores de gr\u00e9dar (motoniveladora), patanas, camiones volteo y rodillos, a trav\u00e9s de equipos tecnol\u00f3gicos de alta precisi\u00f3n que permiten pr\u00e1cticas seguras, eficientes y alineadas a los est\u00e1ndares internacionales.<\/p>\n\n\n\n<p><strong>Formaci\u00f3n con visi\u00f3n nacional y soporte tecnol\u00f3gico<\/strong><\/p>\n\n\n\n<p>El director general del INFOTEP, Rafael Santos Bad\u00eda, destac\u00f3 que la implementaci\u00f3n de simuladores marca un antes y un despu\u00e9s en la formaci\u00f3n t\u00e9cnica del pa\u00eds.<\/p>\n\n\n\n<figure class=\"wp-block-gallery has-nested-images columns-default is-cropped wp-block-gallery-2 is-layout-flex wp-block-gallery-is-layout-flex\">\n<figure class=\"wp-block-image size-large\"><img loading=\"lazy\" decoding=\"async\" width=\"1024\" height=\"682\" data-id=\"610890\" src=\"https:\/\/diariodominicano.com\/wp-content\/uploads\/2025\/04\/Simulador-de-Patana-1024x682.jpg\" alt=\"\" class=\"wp-image-610890\" srcset=\"https:\/\/diariodominicano.com\/wp-content\/uploads\/2025\/04\/Simulador-de-Patana-1024x682.jpg 1024w, https:\/\/diariodominicano.com\/wp-content\/uploads\/2025\/04\/Simulador-de-Patana-300x200.jpg 300w, https:\/\/diariodominicano.com\/wp-content\/uploads\/2025\/04\/Simulador-de-Patana-768x512.jpg 768w, https:\/\/diariodominicano.com\/wp-content\/uploads\/2025\/04\/Simulador-de-Patana-1536x1024.jpg 1536w, https:\/\/diariodominicano.com\/wp-content\/uploads\/2025\/04\/Simulador-de-Patana-816x544.jpg 816w, https:\/\/diariodominicano.com\/wp-content\/uploads\/2025\/04\/Simulador-de-Patana.jpg 2000w\" sizes=\"auto, (max-width: 1024px) 100vw, 1024px\" \/><\/figure>\n<\/figure>\n\n\n\n<p>\u201cDesde Santana estamos capacitando a participantes de todas las regiones. Estos simuladores no solo garantizan seguridad y eficiencia en el proceso de ense\u00f1anza, sino que representan un salto de calidad en nuestra oferta t\u00e9cnica para el sector transporte y construcci\u00f3n\u201d, expres\u00f3 Santos Bad\u00eda.<\/p>\n\n\n\n<p>Para facilitar el acceso a personas de distintas provincias, el centro cuenta con instalaciones de hospedaje, lo que permite una participaci\u00f3n inclusiva y efectiva desde todo el territorio nacional.<\/p>\n\n\n\n<p><strong>Apoyo empresarial a una formaci\u00f3n de alto impacto<\/strong><\/p>\n\n\n\n<p>Durante un recorrido encabezado por la directora de Competitividad Empresarial, Rayza Pichardo y Lebr\u00f3n de la Paz, por las instalaciones del Centro Tecnol\u00f3gico Jos\u00e9 Alberto Med\u00e9, un grupo de empresarios due\u00f1os de equipos amarillos hablaron del impacto que la formaci\u00f3n con estos simuladores traer\u00e1 a su sector.<\/p>\n\n\n\n<p>\u201cLa formaci\u00f3n con simuladores era una necesidad hist\u00f3rica. Ahora tendremos operadores bien entrenados, lo que se traduce en mayor productividad y m\u00e1s empleos\u201d, indic\u00f3 Jos\u00e9 Gregorio Moreno, de la Constructora Bontec.<\/p>\n\n\n\n<p>Por su parte, Luis de Soto, CEO de Concepnology SR, se\u00f1al\u00f3 que esta iniciativa responde a una necesidad real del mercado:<\/p>\n\n\n\n<p>\u201cEstamos agradecidos con el INFOTEP. Esta propuesta nos permite integrar talento capacitado y fortalecer nuestras operaciones a nivel nacional\u201d.<\/p>\n\n\n\n<p><strong>Transformaci\u00f3n comunitaria y desarrollo local<\/strong><\/p>\n\n\n\n<p>El impacto del centro tambi\u00e9n se siente en la comunidad anfitriona de Santana, donde el dinamismo econ\u00f3mico y la mejora en las oportunidades educativas son ya una realidad.<\/p>\n\n\n\n<p>\u201cEl INFOTEP ha sido una bendici\u00f3n. J\u00f3venes que estaban sin rumbo ahora aprenden oficios y hay menos delincuencia\u201d, coment\u00f3 Julio C\u00e9sar B\u00e1ez Payano, residente del municipio.<\/p>\n\n\n\n<p><br>\u201cDesde que llegaron los estudiantes, mi negocio ha crecido much\u00edsimo. Esto ha movido la econom\u00eda local\u201d, agreg\u00f3 Irma Luciano, comerciante con m\u00e1s de 20 a\u00f1os en la zona.<\/p>\n\n\n\n<p><strong>Oferta diversa y expansi\u00f3n regional<\/strong><\/p>\n\n\n\n<p>Inaugurado en marzo del a\u00f1o pasado, el Centro Tecnol\u00f3gico Jos\u00e9 Alberto Mad\u00e9 tiene capacidad para 936 participantes semanales y ya ha egresado m\u00e1s de 400 personas en sus primeros seis meses.<\/p>\n\n\n\n<p>Adem\u00e1s de los talleres con simuladores, se imparten m\u00e1s de 20 programas formativos en \u00e1reas como inform\u00e1tica, gastronom\u00eda, panader\u00eda, belleza, farmacia, maquillaje, ventas y decoraci\u00f3n de eventos.<\/p>\n\n\n\n<p>Asimismo, el centro ha validado competencias laborales de operadores experimentados, en colaboraci\u00f3n con sindicatos de camioneros y el Servicio de Validaci\u00f3n Ocupacional del INFOTEP.<\/p>\n\n\n\n<p><strong>Compromiso con la excelencia t\u00e9cnica<\/strong><\/p>\n\n\n\n<p>El encargado del centro, Leandro Lebr\u00f3n de la Paz, subray\u00f3 que el impacto de esta formaci\u00f3n se extiende a m\u00faltiples sectores clave del desarrollo nacional:<\/p>\n\n\n\n<p>\u201cCon esta tecnolog\u00eda, estamos al nivel de pa\u00edses l\u00edderes. Nuestra meta es formar al menos 100 operadores por trimestre. Adem\u00e1s, promovemos la educaci\u00f3n vial para una conducci\u00f3n segura y responsable. La respuesta ha sido extraordinaria\u201d.<\/p>\n\n\n\n<p>El centro en Santana se consolida, as\u00ed como un referente nacional en formaci\u00f3n t\u00e9cnica especializada, alineado a las necesidades del mercado laboral y a la visi\u00f3n del INFOTEP de construir un pa\u00eds con m\u00e1s oportunidades, m\u00e1s innovaci\u00f3n y m\u00e1s empleabilidad.<\/p>\n\n\n\n<p><strong>Prensa INFOTEP<\/strong>\u00a0&lt;prensainfotep@infotep.gob.do> <\/p>\n","protected":false},"excerpt":{"rendered":"<p>\u00b7&nbsp;&nbsp;&nbsp;&nbsp;&nbsp;&nbsp;&nbsp;&nbsp;&nbsp;El Centro Tecnol\u00f3gico Jos\u00e9 Alberto Mad\u00e9 impacta al pa\u00eds con capacitaci\u00f3n especializada en veh\u00edculos pesados y formaci\u00f3n integral, respaldado por tecnolog\u00eda de punta y con alojamiento para participantes de todas las regiones Santana, Peravia. \u2013 El Instituto Nacional de Formaci\u00f3n T\u00e9cnico Profesional (INFOTEP) contin\u00faa a la vanguardia de la educaci\u00f3n t\u00e9cnica con la implementaci\u00f3n de [&hellip;]<\/p>\n","protected":false},"author":7,"featured_media":610888,"comment_status":"closed","ping_status":"closed","sticky":false,"template":"","format":"standard","meta":{"footnotes":""},"categories":[20],"tags":[94],"class_list":["post-610864","post","type-post","status-publish","format-standard","has-post-thumbnail","hentry","category-dominicana-hoy","tag-infotep"],"_links":{"self":[{"href":"https:\/\/diariodominicano.com\/index.php?rest_route=\/wp\/v2\/posts\/610864","targetHints":{"allow":["GET"]}}],"collection":[{"href":"https:\/\/diariodominicano.com\/index.php?rest_route=\/wp\/v2\/posts"}],"about":[{"href":"https:\/\/diariodominicano.com\/index.php?rest_route=\/wp\/v2\/types\/post"}],"author":[{"embeddable":true,"href":"https:\/\/diariodominicano.com\/index.php?rest_route=\/wp\/v2\/users\/7"}],"replies":[{"embeddable":true,"href":"https:\/\/diariodominicano.com\/index.php?rest_route=%2Fwp%2Fv2%2Fcomments&post=610864"}],"version-history":[{"count":1,"href":"https:\/\/diariodominicano.com\/index.php?rest_route=\/wp\/v2\/posts\/610864\/revisions"}],"predecessor-version":[{"id":610898,"href":"https:\/\/diariodominicano.com\/index.php?rest_route=\/wp\/v2\/posts\/610864\/revisions\/610898"}],"wp:featuredmedia":[{"embeddable":true,"href":"https:\/\/diariodominicano.com\/index.php?rest_route=\/wp\/v2\/media\/610888"}],"wp:attachment":[{"href":"https:\/\/diariodominicano.com\/index.php?rest_route=%2Fwp%2Fv2%2Fmedia&parent=610864"}],"wp:term":[{"taxonomy":"category","embeddable":true,"href":"https:\/\/diariodominicano.com\/index.php?rest_route=%2Fwp%2Fv2%2Fcategories&post=610864"},{"taxonomy":"post_tag","embeddable":true,"href":"https:\/\/diariodominicano.com\/index.php?rest_route=%2Fwp%2Fv2%2Ftags&post=610864"}],"curies":[{"name":"wp","href":"https:\/\/api.w.org\/{rel}","templated":true}]}}