{"id":610820,"date":"2025-04-20T18:07:40","date_gmt":"2025-04-20T22:07:40","guid":{"rendered":"https:\/\/diariodominicano.com\/?p=610820"},"modified":"2025-04-20T18:18:41","modified_gmt":"2025-04-20T22:18:41","slug":"blanco-pena-fue-ejemplo-de-firmeza-valor-espiritu-solidario-humildad-y-entrega-a-la-causa-de-los-trabajadores-y-el-pais","status":"publish","type":"post","link":"https:\/\/diariodominicano.com\/?p=610820","title":{"rendered":"Blanco Pe\u00f1a fue ejemplo de firmeza, valor, esp\u00edritu solidario, humildad y entrega a la causa de los trabajadores y el pa\u00eds"},"content":{"rendered":"\n<p>Eligi\u00f3 Antonio Blanco Pe\u00f1a ( El Pay )<\/p>\n\n\n\n<figure class=\"wp-block-image size-large\"><img loading=\"lazy\" decoding=\"async\" width=\"1024\" height=\"678\" src=\"https:\/\/diariodominicano.com\/wp-content\/uploads\/2025\/04\/imagen_2025-04-20_180645843-1024x678.png\" alt=\"\" class=\"wp-image-610822\" srcset=\"https:\/\/diariodominicano.com\/wp-content\/uploads\/2025\/04\/imagen_2025-04-20_180645843-1024x678.png 1024w, https:\/\/diariodominicano.com\/wp-content\/uploads\/2025\/04\/imagen_2025-04-20_180645843-300x199.png 300w, https:\/\/diariodominicano.com\/wp-content\/uploads\/2025\/04\/imagen_2025-04-20_180645843-768x508.png 768w, https:\/\/diariodominicano.com\/wp-content\/uploads\/2025\/04\/imagen_2025-04-20_180645843-816x540.png 816w, https:\/\/diariodominicano.com\/wp-content\/uploads\/2025\/04\/imagen_2025-04-20_180645843.png 1183w\" sizes=\"auto, (max-width: 1024px) 100vw, 1024px\" \/><\/figure>\n\n\n\n<p><strong>Rafael P\u00e9rez Modesto ( Rafa)<\/strong><\/p>\n\n\n\n<p>El reconocimiento al inconmensurable compa\u00f1ero Eligi\u00f3 Antonio Blanco Pe\u00f1a ( El Pay ) no solo es merecido, sino justo y siempre ser\u00e1 corto, para lo que represent\u00f3 ese tit\u00e1n de la lucha revolucionaria.&nbsp; Blanco Pe\u00f1a fue ejemplo de firmeza, valor, esp\u00edritu solidario, humildad y entrega a la causa de los trabajadores y el pa\u00eds.&nbsp;<\/p>\n\n\n\n<p>Lo conoc\u00ed en la etapa post Guerra Patri\u00f3tica de 1965, compartimos al salir de la c\u00e1rcel en 1968, acompa\u00f1ando a los familiares y compa\u00f1eras de los presos pol\u00edticos que demand\u00e1bamos su libertad y El, se integr\u00f3 de lleno a la misma con la grandeza de su alma.&nbsp; Oportunidad que nos permiti\u00f3 ahondar los problemas del proceso y las perspectivas que avisorabamos con L\u00cdNEA ROJA 1J4.&nbsp;<\/p>\n\n\n\n<p>Blanco Pe\u00f1a, fue siempre un dirigente apetecido por los diferentes partidos y grupos revolucionarios dominicanos, pero la formaci\u00f3n, visi\u00f3n e instinto del PAY, permitieron que no vacilara en asumir con el temple que le era propio la militancia y principios de nuestro \u201c Grupo de Rebeld\u00eda Rojo \u201c.&nbsp;&nbsp;<\/p>\n\n\n\n<p>La combatividad y destreza del Pay, lo hizo un objetivo permanente de los aparatos represivos y del Gobierno de los 12 a\u00f1os que encabez\u00f3 Balaguer.&nbsp;<\/p>\n\n\n\n<p>Blanco Pe\u00f1a, Comandante Constitucionalista, pas\u00f3 la inmensa cantidad de a\u00f1os del Balaguerato.&nbsp;<\/p>\n\n\n\n<p>Junto a\u2002\u00e9l y muchos presos pol\u00edticos conoc\u00ed y trat\u00e9 a profundidad al reputado Patriarca Blanco 3a\u00f1os de prisi\u00f3n y aprendimos mucho de sus experiencias, cari\u00f1o y respeto que asimilamos durante nuestra existencia.&nbsp;<\/p>\n\n\n\n<p>Gloria eterna camarada Blanco, Paz a su Alma y consuelo a todos sus familiares.&nbsp;<\/p>\n\n\n\n<p>Su compa\u00f1ero de siempre.&nbsp;<\/p>\n\n\n\n<p>Rafael P\u00e9rez Modesto ( Rafa).<\/p>\n\n\n\n<figure class=\"wp-block-embed is-type-wp-embed is-provider-diario-dominicano wp-block-embed-diario-dominicano\"><div class=\"wp-block-embed__wrapper\">\n<blockquote class=\"wp-embedded-content\" data-secret=\"uFj6pRlb3Q\"><a href=\"https:\/\/diariodominicano.com\/?p=610737\">Fallece Eligio Antonio Blanco Pe\u00f1a (El Pai).  Finaliza una larga lucha revolucionaria<\/a><\/blockquote><iframe loading=\"lazy\" class=\"wp-embedded-content\" sandbox=\"allow-scripts\" security=\"restricted\" style=\"position: absolute; visibility: hidden;\" title=\"\u00abFallece Eligio Antonio Blanco Pe\u00f1a (El Pai).  Finaliza una larga lucha revolucionaria\u00bb \u2014 Diario Dominicano\" src=\"https:\/\/diariodominicano.com\/?p=610737&#038;embed=true#?secret=vgSRN5WnoW#?secret=uFj6pRlb3Q\" data-secret=\"uFj6pRlb3Q\" width=\"600\" height=\"338\" frameborder=\"0\" marginwidth=\"0\" marginheight=\"0\" scrolling=\"no\"><\/iframe>\n<\/div><\/figure>\n\n\n\n<figure class=\"wp-block-embed is-type-wp-embed is-provider-diario-dominicano wp-block-embed-diario-dominicano\"><div class=\"wp-block-embed__wrapper\">\n<blockquote class=\"wp-embedded-content\" data-secret=\"u6CXj8GuE7\"><a href=\"https:\/\/diariodominicano.com\/\"><\/a><\/blockquote><iframe loading=\"lazy\" class=\"wp-embedded-content\" sandbox=\"allow-scripts\" security=\"restricted\" style=\"position: absolute; visibility: hidden;\" title=\"\u00ab\u00bb \u2014 Diario Dominicano\" src=\"https:\/\/diariodominicano.com\/?embed=true#?secret=3bgZpDY2d2#?secret=u6CXj8GuE7\" data-secret=\"u6CXj8GuE7\" width=\"600\" height=\"338\" frameborder=\"0\" marginwidth=\"0\" marginheight=\"0\" scrolling=\"no\"><\/iframe>\n<\/div><\/figure>\n\n\n\n<p><\/p>\n","protected":false},"excerpt":{"rendered":"<p>Eligi\u00f3 Antonio Blanco Pe\u00f1a ( El Pay ) Rafael P\u00e9rez Modesto ( Rafa) El reconocimiento al inconmensurable compa\u00f1ero Eligi\u00f3 Antonio Blanco Pe\u00f1a ( El Pay ) no solo es merecido, sino justo y siempre ser\u00e1 corto, para lo que represent\u00f3 ese tit\u00e1n de la lucha revolucionaria.&nbsp; Blanco Pe\u00f1a fue ejemplo de firmeza, valor, esp\u00edritu solidario, [&hellip;]<\/p>\n","protected":false},"author":28,"featured_media":610821,"comment_status":"closed","ping_status":"closed","sticky":false,"template":"","format":"standard","meta":{"footnotes":""},"categories":[36,26],"tags":[],"class_list":["post-610820","post","type-post","status-publish","format-standard","has-post-thumbnail","hentry","category-hombresmujeresycosas","category-efemerides"],"_links":{"self":[{"href":"https:\/\/diariodominicano.com\/index.php?rest_route=\/wp\/v2\/posts\/610820","targetHints":{"allow":["GET"]}}],"collection":[{"href":"https:\/\/diariodominicano.com\/index.php?rest_route=\/wp\/v2\/posts"}],"about":[{"href":"https:\/\/diariodominicano.com\/index.php?rest_route=\/wp\/v2\/types\/post"}],"author":[{"embeddable":true,"href":"https:\/\/diariodominicano.com\/index.php?rest_route=\/wp\/v2\/users\/28"}],"replies":[{"embeddable":true,"href":"https:\/\/diariodominicano.com\/index.php?rest_route=%2Fwp%2Fv2%2Fcomments&post=610820"}],"version-history":[{"count":3,"href":"https:\/\/diariodominicano.com\/index.php?rest_route=\/wp\/v2\/posts\/610820\/revisions"}],"predecessor-version":[{"id":610826,"href":"https:\/\/diariodominicano.com\/index.php?rest_route=\/wp\/v2\/posts\/610820\/revisions\/610826"}],"wp:featuredmedia":[{"embeddable":true,"href":"https:\/\/diariodominicano.com\/index.php?rest_route=\/wp\/v2\/media\/610821"}],"wp:attachment":[{"href":"https:\/\/diariodominicano.com\/index.php?rest_route=%2Fwp%2Fv2%2Fmedia&parent=610820"}],"wp:term":[{"taxonomy":"category","embeddable":true,"href":"https:\/\/diariodominicano.com\/index.php?rest_route=%2Fwp%2Fv2%2Fcategories&post=610820"},{"taxonomy":"post_tag","embeddable":true,"href":"https:\/\/diariodominicano.com\/index.php?rest_route=%2Fwp%2Fv2%2Ftags&post=610820"}],"curies":[{"name":"wp","href":"https:\/\/api.w.org\/{rel}","templated":true}]}}