{"id":610765,"date":"2025-04-20T01:43:05","date_gmt":"2025-04-20T05:43:05","guid":{"rendered":"https:\/\/diariodominicano.com\/?p=610765"},"modified":"2025-04-20T01:43:09","modified_gmt":"2025-04-20T05:43:09","slug":"fallece-en-cuba-destacado-diplomatico-abelardo-moreno","status":"publish","type":"post","link":"https:\/\/diariodominicano.com\/?p=610765","title":{"rendered":"Fallece en Cuba destacado diplom\u00e1tico Abelardo Moreno"},"content":{"rendered":"\n<p>La Habana, 19 abr (Prensa Latina) El destacado diplom\u00e1tico cubano Abelardo Moreno Fern\u00e1ndez falleci\u00f3 hoy aqu\u00ed, inform\u00f3 el Ministerio de Relaciones Exteriores (Minrex).<\/p>\n\n\n\n<ul class=\"wp-block-list\">\n<li><a href=\"https:\/\/www.prensa-latina.cu\/2025\/04\/19\/\"><time>abril 19, 2025 | 17:42<\/time><\/a><\/li>\n<\/ul>\n\n\n\n<ul class=\"wp-block-list\">\n<li><a href=\"https:\/\/www.prensa-latina.cu\/2025\/04\/19\/fallece-en-cuba-destacado-diplomatico-abelardo-moreno\/#\"><\/a><\/li>\n\n\n\n<li><a href=\"https:\/\/www.prensa-latina.cu\/2025\/04\/19\/fallece-en-cuba-destacado-diplomatico-abelardo-moreno\/#\"><\/a><\/li>\n\n\n\n<li><a href=\"https:\/\/www.prensa-latina.cu\/2025\/04\/19\/fallece-en-cuba-destacado-diplomatico-abelardo-moreno\/#\"><\/a><\/li>\n\n\n\n<li><a href=\"https:\/\/www.prensa-latina.cu\/2025\/04\/19\/fallece-en-cuba-destacado-diplomatico-abelardo-moreno\/#\"><\/a><\/li>\n<\/ul>\n\n\n\n<p>En el momento de su deceso, laboraba como asesor del canciller Bruno Rodr\u00edguez.<\/p>\n\n\n\n<p>La vicetitular de esa cartera, Josefina Vidal, expres\u00f3 en la red social X que Moreno Fern\u00e1ndez es reconocido como uno de los grandes de la diplomacia revolucionaria cubana, no solo por sus colegas, sino por los diplom\u00e1ticos del mundo en quienes dej\u00f3 una profunda huella \u201cpor su talento inigualable y su gracia sin par\u201d.<\/p>\n\n\n\n<p>Maestro de generaciones de diplom\u00e1ticos, nos deja como gran legado sus ense\u00f1anzas y experiencias, muchas de ellas plasmadas en su obra de referencia sobre el arte y la ciencia de \u00abLa Negociaci\u00f3n Internacional\u00bb y en su monumental historia de \u00abEl Movimiento de Pa\u00edses No Alineados\u00bb. Gracias Abelardo\u201d, agreg\u00f3.<\/p>\n\n\n\n<p>Abelardo, como le llamaban sus colegas, inici\u00f3 sus labores en el Minrex en 1961, y tuvo una ascendente y meritoria trayectoria que lo llev\u00f3 a ocupar diversas responsabilidades en los servicios interno y externo, hasta ser designado viceministro de Relaciones Exteriores (2000-2019).<\/p>\n\n\n\n<p>Cumpli\u00f3 misiones permanentes en las representaciones de Cuba ante los Organismos Internacionales con sede en Ginebra, y ante la Organizaci\u00f3n de las Naciones Unidas en Nueva York, siendo Embajador y Representante Permanente en esta \u00faltima.<\/p>\n\n\n\n<p>Represent\u00f3 a su pa\u00eds en numerosas reuniones internacionales y condujo complejos procesos negociadores, por lo que fue reconocido y respetado por sus compa\u00f1eros de trabajo y colegas de todo el mundo.<\/p>\n\n\n\n<p>Entre sus aportes destaca su contribuci\u00f3n al \u00e9xito de la XIV Cumbre del MNOAL, en 2006, y de la II Cumbre de la Celac, en 2014, y las presidencias de Cuba de esos importantes mecanismos, que aportaron a la proyecci\u00f3n internacional de esta naci\u00f3n caribe\u00f1a y su liderazgo a nivel global y regional.<\/p>\n\n\n\n<p>Maestro de varias generaciones de diplom\u00e1ticos cubanos, ostenta el t\u00edtulo Doctor Honoris Causa del Instituto Superior de Relaciones Internacionales \u201cRa\u00fal Roa Garc\u00eda\u201d, del que fue Profesor Invitado.<\/p>\n\n\n\n<p>Public\u00f3 libros y art\u00edculos sobre diversos t\u00f3picos de las relaciones internacionales; destacando \u201cLa negociaci\u00f3n internacional: arte y ciencia del proceso negociador, 2021 y \u201cEl Movimiento de Pa\u00edses No Alineados. Fundamentos, historia e identidad. Visi\u00f3n Cubana, 2023\u201d, se\u00f1al\u00f3 el Minrex.<\/p>\n\n\n\n<p>jcm\/evm<\/p>\n\n\n\n<ul class=\"wp-block-list\">\n<li>#<a href=\"https:\/\/www.prensa-latina.cu\/etiqueta\/abelardo-moreno\/\">Abelardo Moreno<\/a>\u00a0#<a href=\"https:\/\/www.prensa-latina.cu\/etiqueta\/cuba\/\">cuba<\/a>\u00a0#<a href=\"https:\/\/www.prensa-latina.cu\/etiqueta\/deceso\/\">deceso<\/a><\/li>\n<\/ul>\n","protected":false},"excerpt":{"rendered":"<p>La Habana, 19 abr (Prensa Latina) El destacado diplom\u00e1tico cubano Abelardo Moreno Fern\u00e1ndez falleci\u00f3 hoy aqu\u00ed, inform\u00f3 el Ministerio de Relaciones Exteriores (Minrex). En el momento de su deceso, laboraba como asesor del canciller Bruno Rodr\u00edguez. La vicetitular de esa cartera, Josefina Vidal, expres\u00f3 en la red social X que Moreno Fern\u00e1ndez es reconocido como [&hellip;]<\/p>\n","protected":false},"author":28,"featured_media":610766,"comment_status":"closed","ping_status":"closed","sticky":false,"template":"","format":"standard","meta":{"footnotes":""},"categories":[26,23],"tags":[],"class_list":["post-610765","post","type-post","status-publish","format-standard","has-post-thumbnail","hentry","category-efemerides","category-internacional"],"_links":{"self":[{"href":"https:\/\/diariodominicano.com\/index.php?rest_route=\/wp\/v2\/posts\/610765","targetHints":{"allow":["GET"]}}],"collection":[{"href":"https:\/\/diariodominicano.com\/index.php?rest_route=\/wp\/v2\/posts"}],"about":[{"href":"https:\/\/diariodominicano.com\/index.php?rest_route=\/wp\/v2\/types\/post"}],"author":[{"embeddable":true,"href":"https:\/\/diariodominicano.com\/index.php?rest_route=\/wp\/v2\/users\/28"}],"replies":[{"embeddable":true,"href":"https:\/\/diariodominicano.com\/index.php?rest_route=%2Fwp%2Fv2%2Fcomments&post=610765"}],"version-history":[{"count":1,"href":"https:\/\/diariodominicano.com\/index.php?rest_route=\/wp\/v2\/posts\/610765\/revisions"}],"predecessor-version":[{"id":610767,"href":"https:\/\/diariodominicano.com\/index.php?rest_route=\/wp\/v2\/posts\/610765\/revisions\/610767"}],"wp:featuredmedia":[{"embeddable":true,"href":"https:\/\/diariodominicano.com\/index.php?rest_route=\/wp\/v2\/media\/610766"}],"wp:attachment":[{"href":"https:\/\/diariodominicano.com\/index.php?rest_route=%2Fwp%2Fv2%2Fmedia&parent=610765"}],"wp:term":[{"taxonomy":"category","embeddable":true,"href":"https:\/\/diariodominicano.com\/index.php?rest_route=%2Fwp%2Fv2%2Fcategories&post=610765"},{"taxonomy":"post_tag","embeddable":true,"href":"https:\/\/diariodominicano.com\/index.php?rest_route=%2Fwp%2Fv2%2Ftags&post=610765"}],"curies":[{"name":"wp","href":"https:\/\/api.w.org\/{rel}","templated":true}]}}