{"id":610737,"date":"2025-04-20T01:05:50","date_gmt":"2025-04-20T05:05:50","guid":{"rendered":"https:\/\/diariodominicano.com\/?p=610737"},"modified":"2025-04-20T01:11:54","modified_gmt":"2025-04-20T05:11:54","slug":"fallece-eligio-antonio-blanco-pena-el-pai-finaliza-una-larga-lucha-revolucionaria","status":"publish","type":"post","link":"https:\/\/diariodominicano.com\/?p=610737","title":{"rendered":"Fallece Eligio Antonio Blanco Pe\u00f1a (El Pai).  Finaliza una larga lucha revolucionaria"},"content":{"rendered":"\n<p>Eligio Antonio Blanco\u00a0Pe\u00f1a\u00a0(EPD) Foto de autor no registrado<\/p>\n\n\n\n<p>20 de abril de 2025<\/p>\n\n\n\n<p><strong>Ser\u00e1 velado el lunes de 9 de la ma\u00f1ana a 3 de la tarde en Jard\u00edn Memorial, de la avenida 27 de Febrero esquina avenida Jos\u00e9 N\u00fa\u00f1ez de C\u00e1ceres, de Santo Domingo.<\/strong><\/p>\n\n\n\n<figure class=\"wp-block-image size-large\"><img loading=\"lazy\" decoding=\"async\" width=\"1024\" height=\"680\" src=\"https:\/\/diariodominicano.com\/wp-content\/uploads\/2025\/04\/Blanco-Pena-a-la-derecha.-Foto-de-archivo-Chino-Bujosa-1024x680.jpg\" alt=\"\" class=\"wp-image-610740\" srcset=\"https:\/\/diariodominicano.com\/wp-content\/uploads\/2025\/04\/Blanco-Pena-a-la-derecha.-Foto-de-archivo-Chino-Bujosa-1024x680.jpg 1024w, https:\/\/diariodominicano.com\/wp-content\/uploads\/2025\/04\/Blanco-Pena-a-la-derecha.-Foto-de-archivo-Chino-Bujosa-300x199.jpg 300w, https:\/\/diariodominicano.com\/wp-content\/uploads\/2025\/04\/Blanco-Pena-a-la-derecha.-Foto-de-archivo-Chino-Bujosa-768x510.jpg 768w, https:\/\/diariodominicano.com\/wp-content\/uploads\/2025\/04\/Blanco-Pena-a-la-derecha.-Foto-de-archivo-Chino-Bujosa-1536x1020.jpg 1536w, https:\/\/diariodominicano.com\/wp-content\/uploads\/2025\/04\/Blanco-Pena-a-la-derecha.-Foto-de-archivo-Chino-Bujosa-816x542.jpg 816w, https:\/\/diariodominicano.com\/wp-content\/uploads\/2025\/04\/Blanco-Pena-a-la-derecha.-Foto-de-archivo-Chino-Bujosa.jpg 2048w\" sizes=\"auto, (max-width: 1024px) 100vw, 1024px\" \/><\/figure>\n\n\n\n<p>En el extremo derecho, el comandante de Abril Eligio Antonio Blanco Pe\u00f1a, en un tribunal del Palacio de Justicia de Ciudad Nueva, acusado de conspirar contra el gobierno del dictador Joaqu\u00edn Balaguer. Con lentes y bigote, Chino Bujosa, Rom\u00e1n y Lourdes Gonz\u00e1lez, estudiante de la UASD.\u00a0(Foto: Archivo Jos\u00e9 y Sagrada Bujosa Mieses)<\/p>\n\n\n\n<p><strong>Jos\u00e9 Rafael Sosa<\/strong><\/p>\n\n\n\n<p>SANTO DOMINGO.&nbsp;Con la partida de este mundo de Eligio Antonio Blanco Pe\u00f1a (El Pai), se concluye una extendida relaci\u00f3n de lucha revolucionaria y social que incluy\u00f3 su papel como antitrujillista, combatiente constitucionalista y defensor de los campesinos. El Pai expir\u00f3 a consecuencia de condiciones de salud, producto de su edad.<\/p>\n\n\n\n<p>Su velatorio se realizar\u00e1 el lunes en Funeraria del Jard\u00edn Memorial de la Avenida 27 de Febrero con Avenida N\u00fa\u00f1ez de C\u00e1ceres, de nueve de la ma\u00f1ana a tres de la tarde. Una parte de sus hijos est\u00e1 viajando desde el exterior para acudir a las exequias.<\/p>\n\n\n\n<figure class=\"wp-block-image size-large\"><img loading=\"lazy\" decoding=\"async\" width=\"1024\" height=\"1024\" src=\"https:\/\/diariodominicano.com\/wp-content\/uploads\/2025\/04\/Eligio-Antonio-Blanco-Pena-y-Claudio-Caamano-Jr-1024x1024.jpg\" alt=\"\" class=\"wp-image-610742\" srcset=\"https:\/\/diariodominicano.com\/wp-content\/uploads\/2025\/04\/Eligio-Antonio-Blanco-Pena-y-Claudio-Caamano-Jr-1024x1024.jpg 1024w, https:\/\/diariodominicano.com\/wp-content\/uploads\/2025\/04\/Eligio-Antonio-Blanco-Pena-y-Claudio-Caamano-Jr-300x300.jpg 300w, https:\/\/diariodominicano.com\/wp-content\/uploads\/2025\/04\/Eligio-Antonio-Blanco-Pena-y-Claudio-Caamano-Jr-150x150.jpg 150w, https:\/\/diariodominicano.com\/wp-content\/uploads\/2025\/04\/Eligio-Antonio-Blanco-Pena-y-Claudio-Caamano-Jr-768x768.jpg 768w, https:\/\/diariodominicano.com\/wp-content\/uploads\/2025\/04\/Eligio-Antonio-Blanco-Pena-y-Claudio-Caamano-Jr-88x88.jpg 88w, https:\/\/diariodominicano.com\/wp-content\/uploads\/2025\/04\/Eligio-Antonio-Blanco-Pena-y-Claudio-Caamano-Jr-816x816.jpg 816w, https:\/\/diariodominicano.com\/wp-content\/uploads\/2025\/04\/Eligio-Antonio-Blanco-Pena-y-Claudio-Caamano-Jr.jpg 1440w\" sizes=\"auto, (max-width: 1024px) 100vw, 1024px\" \/><\/figure>\n\n\n\n<p>Eligio Antonio Blanco Pe\u00f1a con Claudio Caama\u00f1o Jr.<\/p>\n\n\n\n<p>Blanco Pe\u00f1a, naci\u00f3 el 21 de noviembre de 1931, en Moca, provincia Espaillat, hijo de Andr\u00e9s Avelino Blanco y de la se\u00f1ora Teolinda Pe\u00f1a de Blanco. Desde muy temprano en la vida, se sinti\u00f3 tocado por la crueldad de la dictadura trujillista, porque se integr\u00f3 a aviones subversivos, por lo cual fue detenido, torturado y reprimido de muchas formas;<\/p>\n\n\n\n<p>Fue hecho preso en 1959, a los 19 a\u00f1os, y fue llevado a la c\u00e1rcel de La Victoria. Luego del derrocamiento de la dictadura, volvi\u00f3 a su hogar y las luchas sociales para, en 1965, participar en la Revoluci\u00f3n de Abril, siendo apresado en San Francisco de Macor\u00eds, a donde fue enviado por su partido 14 de junio a intentar extender la revuelta constitucionalista, intento que fracas\u00f3. Era dirigente del 14 de junio desde la \u00e9poca trujillista.<\/p>\n\n\n\n<p>Blanco Pe\u00f1a era parte de un grupo con el objetivo de tomar el cuartel policial de San Francisco de Macor\u00eds y la Fortaleza del Ej\u00e9rcito a fin de extender la revuelta constitucionalista a determinadas provincias principales.<\/p>\n\n\n\n<p>Fueron sus compa\u00f1eros de lucha en esa jornada, entre otros: Virgilio Perdomo, Franklin Rancier, Marcelo de la Cruz, Eligio Antonio Blanco Pe\u00f1a, Luis Sostenes Pe\u00f1a Jacquez, Rodrigo Lozada, Gilberto Dom\u00ednguez, Luis Parris, Prandy (La Chuta), Arnulfo Reyes, Titico Cer\u00f3n, Ulises Cer\u00f3n, Sagrada Bujosa, Ivelisse Acevedo, Cristinita D\u00edaz. M\u00e1s dos hombres rana designados por el jefe del Ej\u00e9rcito Constitucionalista, Juan Mar\u00eda Lora Fern\u00e1ndez.<\/p>\n\n\n\n<p>Durante la revuelta constitucionalista, fue comandante de un comando desde el cual traz\u00f3 una trayectoria de firme lucha primero contra los efectivos del Gobierno de Reconstrucci\u00f3n Nacional que ten\u00eda sede en la Base A\u00e9rea de San Isidro, y luego contra las tropas norteamericanas, cuando adquiri\u00f3 perfil de Guerra Patri\u00f3tica.<\/p>\n\n\n\n<p>Posteriormente, durante el primer gobierno del doctor Joaqu\u00edn Balaguer, iniciado en 1966, volvi\u00f3 a ser apresado, por sus actividades revolucionarias, regres\u00f3 a la penitenciaria de La Victoria.<\/p>\n\n\n\n<p>Durante su estancia en prisi\u00f3n, se transform\u00f3 en un s\u00edmbolo de la resistencia de izquierda y un patriarca de los presos pol\u00edticos, mediando en conflictos entre las autoridades y los presos pol\u00edticos, solicitando atenciones para los presos comunes y orientando a familiares y visitantes de los reclusos por razones pol\u00edticas, lo cual hacia con una eternamente calmada voz. Su nombre era sin\u00f3nimo de respeto aun cuando no se comulgara con sus ideas revolucionarias, gracias a la coherencia y respeto con que se desenvolv\u00eda con las dem\u00e1s personas,<\/p>\n\n\n\n<p>En La Victoria, desarroll\u00f3 su capacidad artesanal produciendo obras en madera, alambres, j\u00edcaras de coco y otros materiales, los cuales regalaba y vend\u00eda para obtener recursos para su familia.<\/p>\n\n\n\n<p>Su apariencia siempre fue impecable: ropas limpias, cuerpo aseado con disciplina y unos bigotes recortados con precisi\u00f3n y elegancia. Cuando logr\u00f3 salir de prisi\u00f3n, se reintegr\u00f3 a su casa, en el sector Respaldo Ensanche La Fe, en las inmediaciones del diario El Nacional, en la avenida San Mart\u00edn.<\/p>\n\n\n\n<p>A lo largo de su vida, su trabajo social y revolucionario fue reconocido por diversas instituciones, incluyendo la Academia de Ciencias de la Rep\u00fablica Dominicana (ACRD), el Senado de la Rep\u00fablica, diversas alcald\u00edas, sectores de la Iglesia Cat\u00f3lica.<\/p>\n\n\n\n<p>Jose Rafael Paula Sosa<\/p>\n\n\n\n<p>Jose Rafael Paula Sosa (De tus contactos de Google)<\/p>\n\n\n\n<p><a target=\"_blank\" href=\"mailto:joserafael.sosa@gmail.com\" rel=\"noreferrer noopener\">joserafael.sosa@gmail.com<\/a><\/p>\n","protected":false},"excerpt":{"rendered":"<p>Eligio Antonio Blanco\u00a0Pe\u00f1a\u00a0(EPD) Foto de autor no registrado 20 de abril de 2025 Ser\u00e1 velado el lunes de 9 de la ma\u00f1ana a 3 de la tarde en Jard\u00edn Memorial, de la avenida 27 de Febrero esquina avenida Jos\u00e9 N\u00fa\u00f1ez de C\u00e1ceres, de Santo Domingo. En el extremo derecho, el comandante de Abril Eligio Antonio [&hellip;]<\/p>\n","protected":false},"author":28,"featured_media":610738,"comment_status":"closed","ping_status":"closed","sticky":false,"template":"","format":"standard","meta":{"footnotes":""},"categories":[36,26,27],"tags":[],"class_list":["post-610737","post","type-post","status-publish","format-standard","has-post-thumbnail","hentry","category-hombresmujeresycosas","category-efemerides","category-portada"],"_links":{"self":[{"href":"https:\/\/diariodominicano.com\/index.php?rest_route=\/wp\/v2\/posts\/610737","targetHints":{"allow":["GET"]}}],"collection":[{"href":"https:\/\/diariodominicano.com\/index.php?rest_route=\/wp\/v2\/posts"}],"about":[{"href":"https:\/\/diariodominicano.com\/index.php?rest_route=\/wp\/v2\/types\/post"}],"author":[{"embeddable":true,"href":"https:\/\/diariodominicano.com\/index.php?rest_route=\/wp\/v2\/users\/28"}],"replies":[{"embeddable":true,"href":"https:\/\/diariodominicano.com\/index.php?rest_route=%2Fwp%2Fv2%2Fcomments&post=610737"}],"version-history":[{"count":2,"href":"https:\/\/diariodominicano.com\/index.php?rest_route=\/wp\/v2\/posts\/610737\/revisions"}],"predecessor-version":[{"id":610743,"href":"https:\/\/diariodominicano.com\/index.php?rest_route=\/wp\/v2\/posts\/610737\/revisions\/610743"}],"wp:featuredmedia":[{"embeddable":true,"href":"https:\/\/diariodominicano.com\/index.php?rest_route=\/wp\/v2\/media\/610738"}],"wp:attachment":[{"href":"https:\/\/diariodominicano.com\/index.php?rest_route=%2Fwp%2Fv2%2Fmedia&parent=610737"}],"wp:term":[{"taxonomy":"category","embeddable":true,"href":"https:\/\/diariodominicano.com\/index.php?rest_route=%2Fwp%2Fv2%2Fcategories&post=610737"},{"taxonomy":"post_tag","embeddable":true,"href":"https:\/\/diariodominicano.com\/index.php?rest_route=%2Fwp%2Fv2%2Ftags&post=610737"}],"curies":[{"name":"wp","href":"https:\/\/api.w.org\/{rel}","templated":true}]}}