{"id":610677,"date":"2025-04-19T11:38:39","date_gmt":"2025-04-19T15:38:39","guid":{"rendered":"https:\/\/diariodominicano.com\/?p=610677"},"modified":"2025-04-19T11:38:49","modified_gmt":"2025-04-19T15:38:49","slug":"presidente-diaz-canel-conmemora-en-giron-64-anos-de-victoria-de-cuba","status":"publish","type":"post","link":"https:\/\/diariodominicano.com\/?p=610677","title":{"rendered":"Presidente D\u00edaz-Canel conmemora en Gir\u00f3n 64 a\u00f1os de victoria de Cuba"},"content":{"rendered":"\n<p>Matanzas, Cuba, 19 abr (Prensa Latina) El presidente de Cuba, Miguel D\u00edaz-Canel, encabez\u00f3 hoy la conmemoraci\u00f3n en Playa Gir\u00f3n, territorio de esta provincia occidental, por el aniversario 64 de la primera gran derrota del imperialismo estadounidense en Am\u00e9rica.<\/p>\n\n\n\n<ul class=\"wp-block-list\">\n<li><a href=\"https:\/\/www.prensa-latina.cu\/2025\/04\/19\/\"><time>abril 19, 2025 | 10:01<\/time><\/a><\/li>\n<\/ul>\n\n\n\n<ul class=\"wp-block-list\">\n<li><a href=\"https:\/\/www.prensa-latina.cu\/2025\/04\/19\/presidente-diaz-canel-conmemora-en-giron-64-anos-de-victoria-de-cuba\/#\"><\/a><\/li>\n\n\n\n<li><a href=\"https:\/\/www.prensa-latina.cu\/2025\/04\/19\/presidente-diaz-canel-conmemora-en-giron-64-anos-de-victoria-de-cuba\/#\"><\/a><\/li>\n\n\n\n<li><a href=\"https:\/\/www.prensa-latina.cu\/2025\/04\/19\/presidente-diaz-canel-conmemora-en-giron-64-anos-de-victoria-de-cuba\/#\"><\/a><\/li>\n\n\n\n<li><a href=\"https:\/\/www.prensa-latina.cu\/2025\/04\/19\/presidente-diaz-canel-conmemora-en-giron-64-anos-de-victoria-de-cuba\/#\"><\/a><\/li>\n<\/ul>\n\n\n\n<p>\u201cEstamos en Playa Gir\u00f3n, sin\u00f3nimo de primera resistencia y de victoria, celebrando 64 a\u00f1os de la primera gran derrota del imperialismo en Am\u00e9rica. La consigna sigue siendo \u00abMuerte al Invasor\u201d, escribi\u00f3 el mandatario de la naci\u00f3n caribe\u00f1a en su cuenta oficial en X.<\/p>\n\n\n\n<p>D\u00edaz-Canel asisti\u00f3 a la ceremonia militar y de ofrendas florales en homenaje a los ca\u00eddos durante duros combates contra unos mil 500 mercenarios que tres d\u00edas antes desembarcaron por esa zona de la Ci\u00e9naga de Zapata.<\/p>\n\n\n\n<p>Fuerzas del Ej\u00e9rcito Rebelde, la Polic\u00eda Nacional Revolucionaria y las milicias populares derrotaron a los invasores.<\/p>\n\n\n\n<p>Para conmemorar la victoria, este s\u00e1bado tuvo lugar en la explanada frente al Museo de Gir\u00f3n, en la Ci\u00e9naga de Zapata, que resguarda la historia de la epopeya, la gala pol\u00edtico-cultural a la cual asistieron otras autoridades del pa\u00eds como el secretario de organizaci\u00f3n del Comit\u00e9 Central del Partido Comunista de Cuba, Roberto Morales Ojeda.<\/p>\n\n\n\n<p>Morales tambi\u00e9n signific\u00f3 la relevancia de la victoria de Gir\u00f3n y agradeci\u00f3 a quienes participaron en la batalla.<\/p>\n\n\n\n<p>\u201cLlegamos a Gir\u00f3n, lugar que simboliza la entereza de este pueblo. En el acto para conmemorar la victoria participaron protagonistas de aquella gesta. A ellos el agradecimiento eterno y el compromiso de defender Cuba a cualquier precio\u201d, asever\u00f3 en su cuenta en X.<\/p>\n\n\n\n<p>La agresi\u00f3n por Playa Gir\u00f3n form\u00f3 parte de la Operaci\u00f3n Pluto, de la Agencia Central de Inteligencia de Estados Unidos, y emple\u00f3 a exmilitares del derrocado r\u00e9gimen de Fulgencio Batista (1952-1958) y otros simpatizantes de la dictadura, con el prop\u00f3sito de propiciar la intervenci\u00f3n norteamericana.<\/p>\n\n\n\n<p>Con anterioridad, los complotados contra la naciente Revoluci\u00f3n cubana, bombardearon los aeropuertos de Ciudad Libertad, San Antonio de los Ba\u00f1os y Santiago de Cuba, con B-26 estadounidenses, camuflados con insignias de la fuerza a\u00e9rea nacional.<\/p>\n\n\n\n<p>arc\/cdg<\/p>\n\n\n\n<ul class=\"wp-block-list\">\n<li>#<a href=\"https:\/\/www.prensa-latina.cu\/etiqueta\/cuba\/\">cuba<\/a>\u00a0#<a href=\"https:\/\/www.prensa-latina.cu\/etiqueta\/playa\/\">playa<\/a>\u00a0#<a href=\"https:\/\/www.prensa-latina.cu\/etiqueta\/victoria\/\">victoria<\/a><\/li>\n<\/ul>\n","protected":false},"excerpt":{"rendered":"<p>Matanzas, Cuba, 19 abr (Prensa Latina) El presidente de Cuba, Miguel D\u00edaz-Canel, encabez\u00f3 hoy la conmemoraci\u00f3n en Playa Gir\u00f3n, territorio de esta provincia occidental, por el aniversario 64 de la primera gran derrota del imperialismo estadounidense en Am\u00e9rica. \u201cEstamos en Playa Gir\u00f3n, sin\u00f3nimo de primera resistencia y de victoria, celebrando 64 a\u00f1os de la primera [&hellip;]<\/p>\n","protected":false},"author":28,"featured_media":610678,"comment_status":"closed","ping_status":"closed","sticky":false,"template":"","format":"standard","meta":{"footnotes":""},"categories":[26,23,27],"tags":[],"class_list":["post-610677","post","type-post","status-publish","format-standard","has-post-thumbnail","hentry","category-efemerides","category-internacional","category-portada"],"_links":{"self":[{"href":"https:\/\/diariodominicano.com\/index.php?rest_route=\/wp\/v2\/posts\/610677","targetHints":{"allow":["GET"]}}],"collection":[{"href":"https:\/\/diariodominicano.com\/index.php?rest_route=\/wp\/v2\/posts"}],"about":[{"href":"https:\/\/diariodominicano.com\/index.php?rest_route=\/wp\/v2\/types\/post"}],"author":[{"embeddable":true,"href":"https:\/\/diariodominicano.com\/index.php?rest_route=\/wp\/v2\/users\/28"}],"replies":[{"embeddable":true,"href":"https:\/\/diariodominicano.com\/index.php?rest_route=%2Fwp%2Fv2%2Fcomments&post=610677"}],"version-history":[{"count":1,"href":"https:\/\/diariodominicano.com\/index.php?rest_route=\/wp\/v2\/posts\/610677\/revisions"}],"predecessor-version":[{"id":610679,"href":"https:\/\/diariodominicano.com\/index.php?rest_route=\/wp\/v2\/posts\/610677\/revisions\/610679"}],"wp:featuredmedia":[{"embeddable":true,"href":"https:\/\/diariodominicano.com\/index.php?rest_route=\/wp\/v2\/media\/610678"}],"wp:attachment":[{"href":"https:\/\/diariodominicano.com\/index.php?rest_route=%2Fwp%2Fv2%2Fmedia&parent=610677"}],"wp:term":[{"taxonomy":"category","embeddable":true,"href":"https:\/\/diariodominicano.com\/index.php?rest_route=%2Fwp%2Fv2%2Fcategories&post=610677"},{"taxonomy":"post_tag","embeddable":true,"href":"https:\/\/diariodominicano.com\/index.php?rest_route=%2Fwp%2Fv2%2Ftags&post=610677"}],"curies":[{"name":"wp","href":"https:\/\/api.w.org\/{rel}","templated":true}]}}