{"id":610674,"date":"2025-04-19T11:29:45","date_gmt":"2025-04-19T15:29:45","guid":{"rendered":"https:\/\/diariodominicano.com\/?p=610674"},"modified":"2025-04-19T11:29:46","modified_gmt":"2025-04-19T15:29:46","slug":"recuerdan-en-cuba-victoria-sobre-mercenarios-en-playa-giron","status":"publish","type":"post","link":"https:\/\/diariodominicano.com\/?p=610674","title":{"rendered":"Recuerdan en Cuba victoria sobre mercenarios en Playa Gir\u00f3n"},"content":{"rendered":"\n<p>La Habana, 19 abr (Prensa Latina) El ministro de Relaciones Exteriores Bruno Rodr\u00edguez celebr\u00f3 hoy en la red social X el aniversario 64 de la derrota de la invasi\u00f3n mercenaria auspiciada por Estados Unidos, que pretendi\u00f3 derrocar a la naciente Revoluci\u00f3n cubana, en 1961.<\/p>\n\n\n\n<ul class=\"wp-block-list\">\n<li><a href=\"https:\/\/www.prensa-latina.cu\/2025\/04\/19\/\"><time>abril 19, 2025 | 07:53<\/time><\/a><\/li>\n<\/ul>\n\n\n\n<ul class=\"wp-block-list\">\n<li><a href=\"https:\/\/www.prensa-latina.cu\/2025\/04\/19\/recuerdan-en-cuba-victoria-sobre-mercenarios-en-playa-giron\/#\"><\/a><\/li>\n\n\n\n<li><a href=\"https:\/\/www.prensa-latina.cu\/2025\/04\/19\/recuerdan-en-cuba-victoria-sobre-mercenarios-en-playa-giron\/#\"><\/a><\/li>\n\n\n\n<li><a href=\"https:\/\/www.prensa-latina.cu\/2025\/04\/19\/recuerdan-en-cuba-victoria-sobre-mercenarios-en-playa-giron\/#\"><\/a><\/li>\n\n\n\n<li><a href=\"https:\/\/www.prensa-latina.cu\/2025\/04\/19\/recuerdan-en-cuba-victoria-sobre-mercenarios-en-playa-giron\/#\"><\/a><\/li>\n<\/ul>\n\n\n\n<p>Record\u00f3 que la decisi\u00f3n de Patria o Muerte y la voluntad de construir una naci\u00f3n socialista de los humildes, por los humildes y para los humildes fueron inspiraci\u00f3n de miles de soldados y milicianos que heroicamente vencieron a la invasi\u00f3n mercenaria en menos de 72 horas.<\/p>\n\n\n\n<p>La victoria de las fuerzas del Ej\u00e9rcito Rebelde, la Polic\u00eda Nacional Revolucionaria y las milicias populares es considerada en la historiograf\u00eda como la primera gran derrota del imperialismo estadounidense en Am\u00e9rica Latina.<\/p>\n\n\n\n<p>Esa agresi\u00f3n form\u00f3 parte de la Operaci\u00f3n Pluto, de la Agencia Central de Inteligencia, y emple\u00f3 a exmilitares del derrocado r\u00e9gimen de Fulgencio Batista y otros simpatizantes de la dictadura, con el prop\u00f3sito de propiciar la intervenci\u00f3n norteamericana en la isla.<\/p>\n\n\n\n<p>Con anterioridad, los complotados contra la naciente Revoluci\u00f3n cubana, bombardearon tres aeropuertos: Ciudad Libertad, San Antonio de los Ba\u00f1os y Santiago de Cuba, con B-26 estadounidenses, camuflados con insignias de la fuerza a\u00e9rea nacional.<\/p>\n\n\n\n<p>La misi\u00f3n persigui\u00f3 crear confusi\u00f3n y destruir en tierra la aviaci\u00f3n de combate de la isla para facilitar el desembarco naval de unos mil 500 mercenarios por la Ci\u00e9naga de Zapata, en la occidental provincia de Matanzas.<\/p>\n\n\n\n<p>El bombardeo dej\u00f3 como saldo siete muertos y m\u00e1s de 50 heridos.<\/p>\n\n\n\n<p>Un d\u00eda despu\u00e9s, en el sepelio de los ca\u00eddos en defensa de la naci\u00f3n; Fidel Castro, frente a la poblaci\u00f3n congregada en la c\u00e9ntrica esquina capitalina de 23 y 12, proclam\u00f3 ante el mundo el car\u00e1cter socialista de la naciente Revoluci\u00f3n cubana.<\/p>\n\n\n\n<p>arc\/evm<\/p>\n\n\n\n<ul class=\"wp-block-list\">\n<li>#<a href=\"https:\/\/www.prensa-latina.cu\/etiqueta\/aniversario\/\">aniversario<\/a>\u00a0#<a href=\"https:\/\/www.prensa-latina.cu\/etiqueta\/canciller\/\">canciller<\/a>\u00a0#<a href=\"https:\/\/www.prensa-latina.cu\/etiqueta\/cuba\/\">cuba<\/a>\u00a0#<a href=\"https:\/\/www.prensa-latina.cu\/etiqueta\/victoria\/\">victoria<\/a><\/li>\n<\/ul>\n","protected":false},"excerpt":{"rendered":"<p>La Habana, 19 abr (Prensa Latina) El ministro de Relaciones Exteriores Bruno Rodr\u00edguez celebr\u00f3 hoy en la red social X el aniversario 64 de la derrota de la invasi\u00f3n mercenaria auspiciada por Estados Unidos, que pretendi\u00f3 derrocar a la naciente Revoluci\u00f3n cubana, en 1961. Record\u00f3 que la decisi\u00f3n de Patria o Muerte y la voluntad [&hellip;]<\/p>\n","protected":false},"author":28,"featured_media":610675,"comment_status":"closed","ping_status":"closed","sticky":false,"template":"","format":"standard","meta":{"footnotes":""},"categories":[26],"tags":[],"class_list":["post-610674","post","type-post","status-publish","format-standard","has-post-thumbnail","hentry","category-efemerides"],"_links":{"self":[{"href":"https:\/\/diariodominicano.com\/index.php?rest_route=\/wp\/v2\/posts\/610674","targetHints":{"allow":["GET"]}}],"collection":[{"href":"https:\/\/diariodominicano.com\/index.php?rest_route=\/wp\/v2\/posts"}],"about":[{"href":"https:\/\/diariodominicano.com\/index.php?rest_route=\/wp\/v2\/types\/post"}],"author":[{"embeddable":true,"href":"https:\/\/diariodominicano.com\/index.php?rest_route=\/wp\/v2\/users\/28"}],"replies":[{"embeddable":true,"href":"https:\/\/diariodominicano.com\/index.php?rest_route=%2Fwp%2Fv2%2Fcomments&post=610674"}],"version-history":[{"count":1,"href":"https:\/\/diariodominicano.com\/index.php?rest_route=\/wp\/v2\/posts\/610674\/revisions"}],"predecessor-version":[{"id":610676,"href":"https:\/\/diariodominicano.com\/index.php?rest_route=\/wp\/v2\/posts\/610674\/revisions\/610676"}],"wp:featuredmedia":[{"embeddable":true,"href":"https:\/\/diariodominicano.com\/index.php?rest_route=\/wp\/v2\/media\/610675"}],"wp:attachment":[{"href":"https:\/\/diariodominicano.com\/index.php?rest_route=%2Fwp%2Fv2%2Fmedia&parent=610674"}],"wp:term":[{"taxonomy":"category","embeddable":true,"href":"https:\/\/diariodominicano.com\/index.php?rest_route=%2Fwp%2Fv2%2Fcategories&post=610674"},{"taxonomy":"post_tag","embeddable":true,"href":"https:\/\/diariodominicano.com\/index.php?rest_route=%2Fwp%2Fv2%2Ftags&post=610674"}],"curies":[{"name":"wp","href":"https:\/\/api.w.org\/{rel}","templated":true}]}}