{"id":610507,"date":"2025-04-18T00:58:24","date_gmt":"2025-04-18T04:58:24","guid":{"rendered":"https:\/\/diariodominicano.com\/?p=610507"},"modified":"2025-04-18T00:58:25","modified_gmt":"2025-04-18T04:58:25","slug":"destacan-fuerza-moral-de-cuba-contra-invasion-mercenaria-desde-eeuu","status":"publish","type":"post","link":"https:\/\/diariodominicano.com\/?p=610507","title":{"rendered":"Destacan fuerza moral de Cuba contra invasi\u00f3n mercenaria desde EEUU"},"content":{"rendered":"\n<p>La Habana, 17 abr (Prensa Latina) El presidente Miguel D\u00edaz-Canel valor\u00f3 hoy la fuerza moral de los cubanos que enfrentaron la invasi\u00f3n mercenaria por Playa Gir\u00f3n en 1961, considerada la primera gran derrota del imperialismo estadounidense en Am\u00e9rica.<\/p>\n\n\n\n<ul class=\"wp-block-list\">\n<li><a href=\"https:\/\/www.prensa-latina.cu\/2025\/04\/17\/\"><time>abril 17, 2025 | 12:47<\/time><\/a><\/li>\n<\/ul>\n\n\n\n<ul class=\"wp-block-list\">\n<li><a href=\"https:\/\/www.prensa-latina.cu\/2025\/04\/17\/destacan-fuerza-moral-de-cuba-contra-invasion-mercenaria-desde-eeuu\/#\"><\/a><\/li>\n\n\n\n<li><a href=\"https:\/\/www.prensa-latina.cu\/2025\/04\/17\/destacan-fuerza-moral-de-cuba-contra-invasion-mercenaria-desde-eeuu\/#\"><\/a><\/li>\n\n\n\n<li><a href=\"https:\/\/www.prensa-latina.cu\/2025\/04\/17\/destacan-fuerza-moral-de-cuba-contra-invasion-mercenaria-desde-eeuu\/#\"><\/a><\/li>\n\n\n\n<li><a href=\"https:\/\/www.prensa-latina.cu\/2025\/04\/17\/destacan-fuerza-moral-de-cuba-contra-invasion-mercenaria-desde-eeuu\/#\"><\/a><\/li>\n<\/ul>\n\n\n\n<p>\u201cVen\u00edan con abundante armamento, el m\u00e1s moderno, con entrenamiento del ej\u00e9rcito estadounidense y apoyo de barcos del imperio. Pero carec\u00edan de tres armas decisivas: moral, ideales, coraje. En menos de 72 horas se rindieron ante la moral, los ideales y el coraje del pueblo cubano\u201d, escribi\u00f3 el mandatario en X.<\/p>\n\n\n\n<p>En menos de 72 horas de intensos combates, la naci\u00f3n caribe\u00f1a logr\u00f3 derrotar la agresi\u00f3n, que comenz\u00f3 el 17 de abril, ejecutada por mercenarios entrenados por la Agencia Central de Inteligencia de Estados Unidos (CIA, por sus siglas en ingl\u00e9s).<\/p>\n\n\n\n<p>M\u00e1s de mil 500 mercenarios entrenados, armados y equipados por la CIA y el Pent\u00e1gono, agrupados en siete batallones, y el apoyo directo del Ej\u00e9rcito estadounidense, desembarcaron por la Ci\u00e9naga de Zapata, como parte de la Operaci\u00f3n Pluto, aprobada por el presidente Dwight D. Eisenhower, el a\u00f1o precedente.<\/p>\n\n\n\n<p>El zarpazo pretend\u00eda ocupar una cabeza de playa para establecer un gobierno provisional que solicitar\u00eda inmediatamente el reconocimiento y la intervenci\u00f3n de Estados Unidos y la Organizaci\u00f3n de Estados Americanos.<\/p>\n\n\n\n<p>Previamente al desembarco por ese punto del centro sur de la isla, ocho aviones B-26 camuflados con falsas insignias de la Fuerza A\u00e9rea Revolucionaria atacaron simult\u00e1neamente en La Habana, la base a\u00e9rea de San Antonio de los Ba\u00f1os y la pista de Ciudad Libertad, as\u00ed como el aeropuerto de Santiago de Cuba.<\/p>\n\n\n\n<p>ro\/lld<\/p>\n\n\n\n<ul class=\"wp-block-list\">\n<li>#<a href=\"https:\/\/www.prensa-latina.cu\/etiqueta\/cuba\/\">cuba<\/a>\u00a0#<a href=\"https:\/\/www.prensa-latina.cu\/etiqueta\/imperialismo\/\">imperialismo<\/a><\/li>\n<\/ul>\n","protected":false},"excerpt":{"rendered":"<p>La Habana, 17 abr (Prensa Latina) El presidente Miguel D\u00edaz-Canel valor\u00f3 hoy la fuerza moral de los cubanos que enfrentaron la invasi\u00f3n mercenaria por Playa Gir\u00f3n en 1961, considerada la primera gran derrota del imperialismo estadounidense en Am\u00e9rica. \u201cVen\u00edan con abundante armamento, el m\u00e1s moderno, con entrenamiento del ej\u00e9rcito estadounidense y apoyo de barcos del [&hellip;]<\/p>\n","protected":false},"author":28,"featured_media":610508,"comment_status":"closed","ping_status":"closed","sticky":false,"template":"","format":"standard","meta":{"footnotes":""},"categories":[26],"tags":[],"class_list":["post-610507","post","type-post","status-publish","format-standard","has-post-thumbnail","hentry","category-efemerides"],"_links":{"self":[{"href":"https:\/\/diariodominicano.com\/index.php?rest_route=\/wp\/v2\/posts\/610507","targetHints":{"allow":["GET"]}}],"collection":[{"href":"https:\/\/diariodominicano.com\/index.php?rest_route=\/wp\/v2\/posts"}],"about":[{"href":"https:\/\/diariodominicano.com\/index.php?rest_route=\/wp\/v2\/types\/post"}],"author":[{"embeddable":true,"href":"https:\/\/diariodominicano.com\/index.php?rest_route=\/wp\/v2\/users\/28"}],"replies":[{"embeddable":true,"href":"https:\/\/diariodominicano.com\/index.php?rest_route=%2Fwp%2Fv2%2Fcomments&post=610507"}],"version-history":[{"count":1,"href":"https:\/\/diariodominicano.com\/index.php?rest_route=\/wp\/v2\/posts\/610507\/revisions"}],"predecessor-version":[{"id":610509,"href":"https:\/\/diariodominicano.com\/index.php?rest_route=\/wp\/v2\/posts\/610507\/revisions\/610509"}],"wp:featuredmedia":[{"embeddable":true,"href":"https:\/\/diariodominicano.com\/index.php?rest_route=\/wp\/v2\/media\/610508"}],"wp:attachment":[{"href":"https:\/\/diariodominicano.com\/index.php?rest_route=%2Fwp%2Fv2%2Fmedia&parent=610507"}],"wp:term":[{"taxonomy":"category","embeddable":true,"href":"https:\/\/diariodominicano.com\/index.php?rest_route=%2Fwp%2Fv2%2Fcategories&post=610507"},{"taxonomy":"post_tag","embeddable":true,"href":"https:\/\/diariodominicano.com\/index.php?rest_route=%2Fwp%2Fv2%2Ftags&post=610507"}],"curies":[{"name":"wp","href":"https:\/\/api.w.org\/{rel}","templated":true}]}}