{"id":610333,"date":"2025-04-17T04:37:29","date_gmt":"2025-04-17T08:37:29","guid":{"rendered":"https:\/\/diariodominicano.com\/?p=610333"},"modified":"2025-04-17T04:37:41","modified_gmt":"2025-04-17T08:37:41","slug":"no-se-pueden-justificar-crimenes-de-la-dictadura-advierten-en-chile","status":"publish","type":"post","link":"https:\/\/diariodominicano.com\/?p=610333","title":{"rendered":"No se pueden justificar cr\u00edmenes de la dictadura, advierten en Chile"},"content":{"rendered":"\n<p>Santiago de Chile, 17 abr (Prensa Latina) Repudio e indignaci\u00f3n provocan hoy en Chile las declaraciones de la candidata presidencial de la derecha Evelyn Matthei, quien justific\u00f3 el golpe de Estado de 1973 y la represi\u00f3n de la dictadura de Augusto Pinochet.<\/p>\n\n\n\n<ul class=\"wp-block-list\">\n<li><a href=\"https:\/\/www.prensa-latina.cu\/2025\/04\/17\/\"><time>abril 17, 2025 | 00:05<\/time><\/a><\/li>\n<\/ul>\n\n\n\n<ul class=\"wp-block-list\">\n<li><a href=\"https:\/\/www.prensa-latina.cu\/2025\/04\/17\/no-se-pueden-justificar-crimenes-de-la-dictadura-advierten-en-chile\/#\"><\/a><\/li>\n\n\n\n<li><a href=\"https:\/\/www.prensa-latina.cu\/2025\/04\/17\/no-se-pueden-justificar-crimenes-de-la-dictadura-advierten-en-chile\/#\"><\/a><\/li>\n\n\n\n<li><a href=\"https:\/\/www.prensa-latina.cu\/2025\/04\/17\/no-se-pueden-justificar-crimenes-de-la-dictadura-advierten-en-chile\/#\"><\/a><\/li>\n\n\n\n<li><a href=\"https:\/\/www.prensa-latina.cu\/2025\/04\/17\/no-se-pueden-justificar-crimenes-de-la-dictadura-advierten-en-chile\/#\"><\/a><\/li>\n<\/ul>\n\n\n\n<p>En una entrevista con Radio Agricultura, Matthei dijo que el cuartelazo contra el gobierno de Salvador Allende \u201cera necesario\u201d y que \u201cno hab\u00eda otra alternativa\u201d.<\/p>\n\n\n\n<p>\u201cConsiderar que el golpe de Estado fue necesario es avalar la persecuci\u00f3n pol\u00edtica, la tortura, el asesinato y la desaparici\u00f3n forzada de miles de trabajadores, estudiantes y familias que sufrieron los m\u00e1s cruentos atentados contra la vida y la dignidad humana\u201d.<\/p>\n\n\n\n<p>As\u00ed lo se\u00f1al\u00f3 en un comunicado la Coordinadora Nacional de Agrupaciones de Familiares de Detenidos Desaparecidos y Ejecutados Pol\u00edticos, la cual exigi\u00f3 a la presidenciable de la alianza Chile Vamos retractarse y pedir disculpas p\u00fablicas.<\/p>\n\n\n\n<p>Mientras, el Partido Socialista (PS), al cual pertenec\u00eda Allende, expres\u00f3 su m\u00e1s en\u00e9rgico rechazo a las declaraciones de Matthei, quien ha relativizado y justificado las violaciones de los derechos humanos durante el r\u00e9gimen militar.<\/p>\n\n\n\n<p>\u201cNinguna raz\u00f3n pol\u00edtica, ideol\u00f3gica o de contexto hist\u00f3rico puede jam\u00e1s validar el horror vivido por miles de chilenas y chilenos\u201d, se\u00f1ala el PS en una declaraci\u00f3n donde recuerda la existencia de campos de concentraci\u00f3n en todo el pa\u00eds.<\/p>\n\n\n\n<p>Afirma el partido que durante los primeros meses de la dictadura miles de personas fueron asesinadas, otras privadas de libertad, sometidas a tratos crueles e inhumanos y muchas a\u00fan permanecen desaparecidas.<\/p>\n\n\n\n<p>\u201cLo vivido en Chile no puede ser banalizado, menos a\u00fan reivindicado\u201d, se\u00f1ala el PS.<\/p>\n\n\n\n<p>Matthei, quien encabeza todas las encuestas de intenci\u00f3n de voto rumbo al palacio de La Moneda, expres\u00f3 en la radio que \u201cprobablemente al principio, en 1973 y 1974, era bien inevitable que hubiese muertos, porque est\u00e1bamos en una guerra civil\u201d.<\/p>\n\n\n\n<p>\u201cLa candidata, con sus declaraciones, viola y ofende la conciencia democr\u00e1tica del pa\u00eds\u201d, dijo el actual ministro de Seguridad P\u00fablica, Luis Cordero, quien cit\u00f3 entre los ejemplos el de los 38 campesinos de Paine asesinados.<\/p>\n\n\n\n<p>\u201cEllos fueron detenidos sin armas, muchos se presentaron voluntariamente. Ellos no participaban de ninguna guerra civil\u201d, record\u00f3.<\/p>\n\n\n\n<p>La tambi\u00e9n militante de la Uni\u00f3n Dem\u00f3crata Independiente es hija de Fernando Matthei, quien fue un alto dirigente de la Junta Militar y comandante en jefe de la Fuerza A\u00e9rea durante la dictadura.<\/p>\n\n\n\n<p>\u201cEs impresentable que una negacionista, de una familia golpista, sea hoy d\u00eda candidata a la presidencia de la Rep\u00fablica\u201d, dijo la diputada Lorena Pizarro.<\/p>\n\n\n\n<p>En un video en su cuenta de X, a\u00f1adi\u00f3 que \u201cel pa\u00eds est\u00e1 en riesgo, cuando quienes defienden y justifican golpes de Estado pretenden conducir los destinos de Chile\u201d.<\/p>\n\n\n\n<p>El senador de la Democracia Cristiana Iv\u00e1n Flores advirti\u00f3 que \u201cen pol\u00edtica no todo vale. Las violaciones a los derechos humanos y los delitos de lesa humanidad son y seguir\u00e1n siendo siempre inaceptables e injustificables\u201d.<\/p>\n\n\n\n<p>Seg\u00fan informes de la Comisi\u00f3n de la Verdad, durante los 17 a\u00f1os de la dictadura (1973-1990) se registraron aqu\u00ed m\u00e1s de 40 mil v\u00edctimas, sin contar los 200 mil exiliados.<\/p>\n\n\n\n<p>nmr\/car<\/p>\n\n\n\n<ul class=\"wp-block-list\">\n<li>#<a href=\"https:\/\/www.prensa-latina.cu\/etiqueta\/chile\/\">Chile<\/a>\u00a0#<a href=\"https:\/\/www.prensa-latina.cu\/etiqueta\/dictadura\/\">dictadura<\/a>\u00a0#<a href=\"https:\/\/www.prensa-latina.cu\/etiqueta\/repudio\/\">repudio<\/a><\/li>\n<\/ul>\n","protected":false},"excerpt":{"rendered":"<p>Santiago de Chile, 17 abr (Prensa Latina) Repudio e indignaci\u00f3n provocan hoy en Chile las declaraciones de la candidata presidencial de la derecha Evelyn Matthei, quien justific\u00f3 el golpe de Estado de 1973 y la represi\u00f3n de la dictadura de Augusto Pinochet. En una entrevista con Radio Agricultura, Matthei dijo que el cuartelazo contra el [&hellip;]<\/p>\n","protected":false},"author":28,"featured_media":610334,"comment_status":"closed","ping_status":"closed","sticky":false,"template":"","format":"standard","meta":{"footnotes":""},"categories":[36,26,23,27],"tags":[],"class_list":["post-610333","post","type-post","status-publish","format-standard","has-post-thumbnail","hentry","category-hombresmujeresycosas","category-efemerides","category-internacional","category-portada"],"_links":{"self":[{"href":"https:\/\/diariodominicano.com\/index.php?rest_route=\/wp\/v2\/posts\/610333","targetHints":{"allow":["GET"]}}],"collection":[{"href":"https:\/\/diariodominicano.com\/index.php?rest_route=\/wp\/v2\/posts"}],"about":[{"href":"https:\/\/diariodominicano.com\/index.php?rest_route=\/wp\/v2\/types\/post"}],"author":[{"embeddable":true,"href":"https:\/\/diariodominicano.com\/index.php?rest_route=\/wp\/v2\/users\/28"}],"replies":[{"embeddable":true,"href":"https:\/\/diariodominicano.com\/index.php?rest_route=%2Fwp%2Fv2%2Fcomments&post=610333"}],"version-history":[{"count":1,"href":"https:\/\/diariodominicano.com\/index.php?rest_route=\/wp\/v2\/posts\/610333\/revisions"}],"predecessor-version":[{"id":610335,"href":"https:\/\/diariodominicano.com\/index.php?rest_route=\/wp\/v2\/posts\/610333\/revisions\/610335"}],"wp:featuredmedia":[{"embeddable":true,"href":"https:\/\/diariodominicano.com\/index.php?rest_route=\/wp\/v2\/media\/610334"}],"wp:attachment":[{"href":"https:\/\/diariodominicano.com\/index.php?rest_route=%2Fwp%2Fv2%2Fmedia&parent=610333"}],"wp:term":[{"taxonomy":"category","embeddable":true,"href":"https:\/\/diariodominicano.com\/index.php?rest_route=%2Fwp%2Fv2%2Fcategories&post=610333"},{"taxonomy":"post_tag","embeddable":true,"href":"https:\/\/diariodominicano.com\/index.php?rest_route=%2Fwp%2Fv2%2Ftags&post=610333"}],"curies":[{"name":"wp","href":"https:\/\/api.w.org\/{rel}","templated":true}]}}