{"id":610237,"date":"2025-04-16T17:51:06","date_gmt":"2025-04-16T21:51:06","guid":{"rendered":"https:\/\/diariodominicano.com\/?p=610237"},"modified":"2025-04-16T17:51:08","modified_gmt":"2025-04-16T21:51:08","slug":"ministerio-de-trabajo-conani-y-superate-fortalecen-la-lucha-para-prevenir-y-erradicar-el-trabajo-infantil","status":"publish","type":"post","link":"https:\/\/diariodominicano.com\/?p=610237","title":{"rendered":"Ministerio de Trabajo, CONANI y Sup\u00e9rate fortalecen la lucha para prevenir y erradicar el trabajo infantil"},"content":{"rendered":"\n<p>Santo Domingo. El ministro de Trabajo, Eddy Olivares Ortega, expres\u00f3 que la instituci\u00f3n que encabeza, junto al Consejo Nacional para la Ni\u00f1ez y Adolescencia (CONANI) y Sup\u00e9rate, fortalecen la lucha para prevenir y erradicar el trabajo infantil en el pa\u00eds.<\/p>\n\n\n\n<p>Al encabezar la apertura del taller M\u00e9todo Dar-Ce (Detecci\u00f3n, Acci\u00f3n, Reflexi\u00f3n y Compromiso \u00c9tico) dirigido a instructores, Olivares Ortega, afirm\u00f3 que las pol\u00edticas aplicadas desde el Gobierno del presidente Luis Abinader van dirigidas a transformar las realidades de ni\u00f1os, ni\u00f1as y adolescentes que puedan encontrarse en condiciones de vulnerabilidad.<\/p>\n\n\n\n<figure class=\"wp-block-image size-large\"><img loading=\"lazy\" decoding=\"async\" width=\"1024\" height=\"653\" src=\"https:\/\/diariodominicano.com\/wp-content\/uploads\/2025\/04\/Ministerio-de-Trabajo-CONANI-y-Superate-fortalecen-la-lucha-para-prevenir-y-erradicar-el-trabajo-infantil-1024x653.jpg\" alt=\"\" class=\"wp-image-610258\" srcset=\"https:\/\/diariodominicano.com\/wp-content\/uploads\/2025\/04\/Ministerio-de-Trabajo-CONANI-y-Superate-fortalecen-la-lucha-para-prevenir-y-erradicar-el-trabajo-infantil-1024x653.jpg 1024w, https:\/\/diariodominicano.com\/wp-content\/uploads\/2025\/04\/Ministerio-de-Trabajo-CONANI-y-Superate-fortalecen-la-lucha-para-prevenir-y-erradicar-el-trabajo-infantil-300x191.jpg 300w, https:\/\/diariodominicano.com\/wp-content\/uploads\/2025\/04\/Ministerio-de-Trabajo-CONANI-y-Superate-fortalecen-la-lucha-para-prevenir-y-erradicar-el-trabajo-infantil-768x490.jpg 768w, https:\/\/diariodominicano.com\/wp-content\/uploads\/2025\/04\/Ministerio-de-Trabajo-CONANI-y-Superate-fortalecen-la-lucha-para-prevenir-y-erradicar-el-trabajo-infantil-816x520.jpg 816w, https:\/\/diariodominicano.com\/wp-content\/uploads\/2025\/04\/Ministerio-de-Trabajo-CONANI-y-Superate-fortalecen-la-lucha-para-prevenir-y-erradicar-el-trabajo-infantil.jpg 1101w\" sizes=\"auto, (max-width: 1024px) 100vw, 1024px\" \/><\/figure>\n\n\n\n<p>\u201cEstos talleres se desarrollan en las diferentes instituciones que conforman el Comit\u00e9 Directivo Nacional de Lucha Contra el Trabajo Infantil para sensibilizar y accionar de manera conjunta a la ciudadan\u00eda y a las familias, de la necesidad de garantizar el cumplimiento de los derechos de los ni\u00f1os, ni\u00f1as y adolescentes y las normativas internacionales de las cuales la Rep\u00fablica Dominicana es signataria\u201d, agreg\u00f3 Olivares.<\/p>\n\n\n\n<p>De su lado, Hilaria Hilario B\u00e1ez, directora de Pol\u00edtica de Prevenci\u00f3n y Erradicaci\u00f3n de Trabajo Infantil, indic\u00f3 que este taller busca dotar a los directores y servidores de herramientas para identificar, actuar y reflexionar sobre el compromiso de erradicar esta problem\u00e1tica que roba a los ni\u00f1os su infancia, su salud y sus oportunidades.<br>En tanto que, Fel\u00edn Hern\u00e1ndez, de CONANI, enfatiz\u00f3 que la instituci\u00f3n que representa, lucha por el fiel cumplimiento de los derechos de la ni\u00f1ez junto a las dem\u00e1s instituciones que forman el Gabinete de la Ni\u00f1ez y Adolescencia, que encabeza la primera dama, Raquel Arbaje, con el objetivo de erradicar el Trabajo Infantil en el pa\u00eds, como lo establece la Organizaci\u00f3n Internacional del Trabajo (OIT).<br>Asimismo, Angela Michell Sandoval, de Sup\u00e9rate, enfoc\u00f3 su participaci\u00f3n en reflexionar sobre las actitudes y pr\u00e1cticas sociales que identifican el trabajo infantil.<\/p>\n\n\n\n<p>En el taller impartido, participaron como facilitadores los t\u00e9cnicos del Ministerio de Trabajo, Santiago Nues\u00ed y Massiel N\u00fa\u00f1ez, quienes explicaron los riesgos del trabajo infantil y el peligro f\u00edsico que puede afectar su rendimiento escolar, el desarrollo f\u00edsico y emocional de los ni\u00f1os.<\/p>\n\n\n\n<p>Tambi\u00e9n participaron las viceministras Mayrenis Corniel Garc\u00eda, de Sectores Vulnerables; Sabrina de la Cruz Vargas, de Asuntos Sindicales y Empresariales; y Enemencio Federico Gomera, director del Sistema Nacional de Inspecci\u00f3n.<br>Direcci\u00f3n de Comunicaciones<\/p>\n\n\n\n<p>Ministerio de Trabajo Prensa <a href=\"mailto:ministeriodetrabajoprensa@mt.gob.do\">ministeriodetrabajoprensa@mt.gob.do<\/a><\/p>\n","protected":false},"excerpt":{"rendered":"<p>Santo Domingo. El ministro de Trabajo, Eddy Olivares Ortega, expres\u00f3 que la instituci\u00f3n que encabeza, junto al Consejo Nacional para la Ni\u00f1ez y Adolescencia (CONANI) y Sup\u00e9rate, fortalecen la lucha para prevenir y erradicar el trabajo infantil en el pa\u00eds. Al encabezar la apertura del taller M\u00e9todo Dar-Ce (Detecci\u00f3n, Acci\u00f3n, Reflexi\u00f3n y Compromiso \u00c9tico) dirigido [&hellip;]<\/p>\n","protected":false},"author":7,"featured_media":610259,"comment_status":"closed","ping_status":"closed","sticky":false,"template":"","format":"standard","meta":{"footnotes":""},"categories":[36],"tags":[1029,488,388],"class_list":["post-610237","post","type-post","status-publish","format-standard","has-post-thumbnail","hentry","category-hombresmujeresycosas","tag-conani","tag-ministerio-de-trabajo","tag-superate"],"_links":{"self":[{"href":"https:\/\/diariodominicano.com\/index.php?rest_route=\/wp\/v2\/posts\/610237","targetHints":{"allow":["GET"]}}],"collection":[{"href":"https:\/\/diariodominicano.com\/index.php?rest_route=\/wp\/v2\/posts"}],"about":[{"href":"https:\/\/diariodominicano.com\/index.php?rest_route=\/wp\/v2\/types\/post"}],"author":[{"embeddable":true,"href":"https:\/\/diariodominicano.com\/index.php?rest_route=\/wp\/v2\/users\/7"}],"replies":[{"embeddable":true,"href":"https:\/\/diariodominicano.com\/index.php?rest_route=%2Fwp%2Fv2%2Fcomments&post=610237"}],"version-history":[{"count":1,"href":"https:\/\/diariodominicano.com\/index.php?rest_route=\/wp\/v2\/posts\/610237\/revisions"}],"predecessor-version":[{"id":610260,"href":"https:\/\/diariodominicano.com\/index.php?rest_route=\/wp\/v2\/posts\/610237\/revisions\/610260"}],"wp:featuredmedia":[{"embeddable":true,"href":"https:\/\/diariodominicano.com\/index.php?rest_route=\/wp\/v2\/media\/610259"}],"wp:attachment":[{"href":"https:\/\/diariodominicano.com\/index.php?rest_route=%2Fwp%2Fv2%2Fmedia&parent=610237"}],"wp:term":[{"taxonomy":"category","embeddable":true,"href":"https:\/\/diariodominicano.com\/index.php?rest_route=%2Fwp%2Fv2%2Fcategories&post=610237"},{"taxonomy":"post_tag","embeddable":true,"href":"https:\/\/diariodominicano.com\/index.php?rest_route=%2Fwp%2Fv2%2Ftags&post=610237"}],"curies":[{"name":"wp","href":"https:\/\/api.w.org\/{rel}","templated":true}]}}