{"id":610216,"date":"2025-04-16T16:34:59","date_gmt":"2025-04-16T20:34:59","guid":{"rendered":"https:\/\/diariodominicano.com\/?p=610216"},"modified":"2025-04-16T16:38:53","modified_gmt":"2025-04-16T20:38:53","slug":"ismael-reyes-invita-a-reflexionar-sobre-el-pais-que-merecemos","status":"publish","type":"post","link":"https:\/\/diariodominicano.com\/?p=610216","title":{"rendered":"Ismael Reyes invita a reflexionar sobre el pa\u00eds que merecemos"},"content":{"rendered":"\n<p>El presidente del Partido Dem\u00f3crata Institucional (PDI), Ismael Reyes, llam\u00f3 al recogimiento, a la conciencia c\u00edvica y a la responsabilidad colectiva, en un momento en que la Rep\u00fablica Dominicana atraviesa uno de los duelos m\u00e1s profundos de su historia reciente.<\/p>\n\n\n\n<p>\u201cEsta Semana Santa llega con un pa\u00eds emocionalmente herido. Venimos de una tragedia que nos ha golpeado a todos como sociedad. Y ante tanto dolor, lo m\u00ednimo que podemos hacer es detenernos a reflexionar sobre el pa\u00eds que merecemos y que tan seguro debe ser para todos\u201d, expres\u00f3 Reyes, aludiendo a la cat\u00e1strofe ocurrida en la discoteca Jet Set, que ha conmocionado a la naci\u00f3n.<\/p>\n\n\n\n<p>El tambi\u00e9n diputado al Parlamento Centro Americano (Parlacen) afirm\u00f3 que esta \u00e9poca, adem\u00e1s del descanso y la devoci\u00f3n religiosa, debe convertirse en una oportunidad para mirar hacia adentro, como ciudadanos y como naci\u00f3n. \u201cReflexionar sobre el pa\u00eds que merecemos tambi\u00e9n es preguntarnos qu\u00e9 estamos dispuestos a hacer para construirlo, desde el respeto por la vida, a la prudencia en nuestras acciones\u201d, se\u00f1al\u00f3.<\/p>\n\n\n\n<p>El excandidato presidencial destac\u00f3 que la Rep\u00fablica Dominicana tiene con qu\u00e9 salir adelante, pero necesita direcci\u00f3n, honestidad y prop\u00f3sito. En ese sentido, insisti\u00f3 en que la pol\u00edtica no puede limitarse a la b\u00fasqueda de poder, sino que debe parecerse a lo mejor del pueblo dominicano: su capacidad de trabajar, cuidar, educar y resistir con dignidad.<\/p>\n\n\n\n<p>El presidente del PDI tambi\u00e9n hizo un llamado a la prudencia en las carreteras, a la moderaci\u00f3n en el consumo y a la solidaridad entre los ciudadanos. \u201cCada decisi\u00f3n cuenta. Detr\u00e1s de cada imprudencia hay una familia que podr\u00eda quedar marcada para siempre\u201d, advirti\u00f3.<\/p>\n\n\n\n<p>Reyes reafirm\u00f3 el compromiso del Partido Dem\u00f3crata Institucional -PDI- con una pol\u00edtica digna, \u00e9tica y enfocada en el largo plazo. \u201cEste pa\u00eds no est\u00e1 perdido. Solo necesita direcci\u00f3n. Aprovechemos esta Semana Santa para recordarlo y para actuar en consecuencia\u201d.<\/p>\n\n\n\n<p>Carmen Estevez <a href=\"mailto:estevezc119@gmail.com\">estevezc119@gmail.com<\/a><\/p>\n","protected":false},"excerpt":{"rendered":"<p>El presidente del Partido Dem\u00f3crata Institucional (PDI), Ismael Reyes, llam\u00f3 al recogimiento, a la conciencia c\u00edvica y a la responsabilidad colectiva, en un momento en que la Rep\u00fablica Dominicana atraviesa uno de los duelos m\u00e1s profundos de su historia reciente. \u201cEsta Semana Santa llega con un pa\u00eds emocionalmente herido. Venimos de una tragedia que nos [&hellip;]<\/p>\n","protected":false},"author":7,"featured_media":610228,"comment_status":"closed","ping_status":"closed","sticky":false,"template":"","format":"standard","meta":{"footnotes":""},"categories":[16],"tags":[2199,2290],"class_list":["post-610216","post","type-post","status-publish","format-standard","has-post-thumbnail","hentry","category-opiniones","tag-ismael-reyes","tag-pdi"],"_links":{"self":[{"href":"https:\/\/diariodominicano.com\/index.php?rest_route=\/wp\/v2\/posts\/610216","targetHints":{"allow":["GET"]}}],"collection":[{"href":"https:\/\/diariodominicano.com\/index.php?rest_route=\/wp\/v2\/posts"}],"about":[{"href":"https:\/\/diariodominicano.com\/index.php?rest_route=\/wp\/v2\/types\/post"}],"author":[{"embeddable":true,"href":"https:\/\/diariodominicano.com\/index.php?rest_route=\/wp\/v2\/users\/7"}],"replies":[{"embeddable":true,"href":"https:\/\/diariodominicano.com\/index.php?rest_route=%2Fwp%2Fv2%2Fcomments&post=610216"}],"version-history":[{"count":1,"href":"https:\/\/diariodominicano.com\/index.php?rest_route=\/wp\/v2\/posts\/610216\/revisions"}],"predecessor-version":[{"id":610229,"href":"https:\/\/diariodominicano.com\/index.php?rest_route=\/wp\/v2\/posts\/610216\/revisions\/610229"}],"wp:featuredmedia":[{"embeddable":true,"href":"https:\/\/diariodominicano.com\/index.php?rest_route=\/wp\/v2\/media\/610228"}],"wp:attachment":[{"href":"https:\/\/diariodominicano.com\/index.php?rest_route=%2Fwp%2Fv2%2Fmedia&parent=610216"}],"wp:term":[{"taxonomy":"category","embeddable":true,"href":"https:\/\/diariodominicano.com\/index.php?rest_route=%2Fwp%2Fv2%2Fcategories&post=610216"},{"taxonomy":"post_tag","embeddable":true,"href":"https:\/\/diariodominicano.com\/index.php?rest_route=%2Fwp%2Fv2%2Ftags&post=610216"}],"curies":[{"name":"wp","href":"https:\/\/api.w.org\/{rel}","templated":true}]}}