{"id":610215,"date":"2025-04-16T16:28:42","date_gmt":"2025-04-16T20:28:42","guid":{"rendered":"https:\/\/diariodominicano.com\/?p=610215"},"modified":"2025-04-16T16:28:44","modified_gmt":"2025-04-16T20:28:44","slug":"el-director-del-infotep-llama-a-vivir-una-semana-santa-de-reflexion-recogimiento-y-paz","status":"publish","type":"post","link":"https:\/\/diariodominicano.com\/?p=610215","title":{"rendered":"El director del INFOTEP llama a vivir una Semana Santa de reflexi\u00f3n, recogimiento y paz"},"content":{"rendered":"\n<p>Rafael Santos Bad\u00eda exhorta a los dominicanos a desconectarse del ruido, evitar excesos y reencontrarse con los valores espirituales.<\/p>\n\n\n\n<p>Santo Domingo. \u2013 En v\u00edsperas de la Semana Santa, el director general del Instituto Nacional de Formaci\u00f3n T\u00e9cnico Profesional (INFOTEP), Rafael Santos Bad\u00eda, hizo un llamado al pueblo dominicano a vivir este tiempo sagrado con profunda reflexi\u00f3n, serenidad y paz espiritual. En medio de un escenario nacional marcado por el dolor colectivo, exhort\u00f3 a cada ciudadano a buscar la calma, alejarse del bullicio y reencontrarse con los valores esenciales del ser humano.<\/p>\n\n\n\n<p>\u201cEl coraz\u00f3n del dominicano no resiste m\u00e1s tristeza. Esta Semana Santa debe ser un alto en el camino, un momento para reencontrarnos con nosotros mismos, con nuestras familias y con Dios. No hay espacio para m\u00e1s angustias. Necesitamos un respiro del alma\u201d, afirm\u00f3 Santos Bad\u00eda con emotividad.<\/p>\n\n\n\n<p>El funcionario record\u00f3 que la Semana Mayor no es simplemente un per\u00edodo de vacaciones, sino una oportunidad invaluable para reflexionar sobre el sentido de la vida, el sacrificio y la esperanza que representa Jesucristo en la tradici\u00f3n cristiana.<\/p>\n\n\n\n<p>\u201cLa pasi\u00f3n, muerte y resurrecci\u00f3n de Cristo no es un episodio religioso m\u00e1s. Es una historia de amor y redenci\u00f3n que nos invita al perd\u00f3n, al servicio, a la reconciliaci\u00f3n y a la esperanza\u201d, expres\u00f3.<\/p>\n\n\n\n<p>Santos Bad\u00eda tambi\u00e9n dirigi\u00f3 su mensaje especialmente a los j\u00f3venes, motiv\u00e1ndolos a vivir estos d\u00edas con conciencia, respeto y prudencia.<\/p>\n\n\n\n<p>\u201cEviten los excesos, piensen en sus familias, valoren la vida. La paz no es solo ausencia de conflicto, es una actitud interior que se cultiva desde lo espiritual\u201d, subray\u00f3.<\/p>\n\n\n\n<p>En su llamado a la naci\u00f3n, pidi\u00f3 solidaridad con quienes est\u00e1n de duelo o atravesando momentos dif\u00edciles.<\/p>\n\n\n\n<p>\u201cMuchos hogares est\u00e1n heridos, muchas familias han perdido a seres queridos. La Semana Santa debe ser un espacio de recogimiento, pero tambi\u00e9n de oraci\u00f3n por los dem\u00e1s, de actos sencillos que reconforten al otro\u201d, se\u00f1al\u00f3.<\/p>\n\n\n\n<p>Finalmente, invit\u00f3 a la poblaci\u00f3n a desconectarse del ruido exterior y reencontrarse con lo esencial. \u201cVivamos estos d\u00edas con humildad, con esp\u00edritu de reconciliaci\u00f3n. Que no pase esta Semana Santa sin que hayamos reflexionado sobre nuestro rol como seres humanos y como ciudadanos. El pa\u00eds necesita paz, y esa paz empieza en el coraz\u00f3n de cada uno\u201d.<\/p>\n\n\n\n<p>Prensa INFOTEP <a href=\"mailto:prensainfotep@infotep.gob.do\">prensainfotep@infotep.gob.do<\/a><\/p>\n","protected":false},"excerpt":{"rendered":"<p>Rafael Santos Bad\u00eda exhorta a los dominicanos a desconectarse del ruido, evitar excesos y reencontrarse con los valores espirituales. Santo Domingo. \u2013 En v\u00edsperas de la Semana Santa, el director general del Instituto Nacional de Formaci\u00f3n T\u00e9cnico Profesional (INFOTEP), Rafael Santos Bad\u00eda, hizo un llamado al pueblo dominicano a vivir este tiempo sagrado con profunda [&hellip;]<\/p>\n","protected":false},"author":7,"featured_media":610225,"comment_status":"closed","ping_status":"closed","sticky":false,"template":"","format":"standard","meta":{"footnotes":""},"categories":[21],"tags":[94],"class_list":["post-610215","post","type-post","status-publish","format-standard","has-post-thumbnail","hentry","category-cultura","tag-infotep"],"_links":{"self":[{"href":"https:\/\/diariodominicano.com\/index.php?rest_route=\/wp\/v2\/posts\/610215","targetHints":{"allow":["GET"]}}],"collection":[{"href":"https:\/\/diariodominicano.com\/index.php?rest_route=\/wp\/v2\/posts"}],"about":[{"href":"https:\/\/diariodominicano.com\/index.php?rest_route=\/wp\/v2\/types\/post"}],"author":[{"embeddable":true,"href":"https:\/\/diariodominicano.com\/index.php?rest_route=\/wp\/v2\/users\/7"}],"replies":[{"embeddable":true,"href":"https:\/\/diariodominicano.com\/index.php?rest_route=%2Fwp%2Fv2%2Fcomments&post=610215"}],"version-history":[{"count":1,"href":"https:\/\/diariodominicano.com\/index.php?rest_route=\/wp\/v2\/posts\/610215\/revisions"}],"predecessor-version":[{"id":610226,"href":"https:\/\/diariodominicano.com\/index.php?rest_route=\/wp\/v2\/posts\/610215\/revisions\/610226"}],"wp:featuredmedia":[{"embeddable":true,"href":"https:\/\/diariodominicano.com\/index.php?rest_route=\/wp\/v2\/media\/610225"}],"wp:attachment":[{"href":"https:\/\/diariodominicano.com\/index.php?rest_route=%2Fwp%2Fv2%2Fmedia&parent=610215"}],"wp:term":[{"taxonomy":"category","embeddable":true,"href":"https:\/\/diariodominicano.com\/index.php?rest_route=%2Fwp%2Fv2%2Fcategories&post=610215"},{"taxonomy":"post_tag","embeddable":true,"href":"https:\/\/diariodominicano.com\/index.php?rest_route=%2Fwp%2Fv2%2Ftags&post=610215"}],"curies":[{"name":"wp","href":"https:\/\/api.w.org\/{rel}","templated":true}]}}