{"id":610133,"date":"2025-04-16T03:42:13","date_gmt":"2025-04-16T07:42:13","guid":{"rendered":"https:\/\/diariodominicano.com\/?p=610133"},"modified":"2025-04-16T03:42:19","modified_gmt":"2025-04-16T07:42:19","slug":"cuba-conmemora-aniversario-64-de-proclamacion-de-caracter-socialista","status":"publish","type":"post","link":"https:\/\/diariodominicano.com\/?p=610133","title":{"rendered":"Cuba conmemora aniversario 64 de proclamaci\u00f3n de car\u00e1cter socialista"},"content":{"rendered":"\n<p>La Habana, 16 abr (Prensa Latina) Los cubanos evocan hoy el aniversario 64 de la proclamaci\u00f3n del car\u00e1cter socialista de la Revoluci\u00f3n, un hecho que marc\u00f3 el camino en la construcci\u00f3n de un proceso social basado en el humanismo y la equidad.<\/p>\n\n\n\n<ul class=\"wp-block-list\">\n<li><a href=\"https:\/\/www.prensa-latina.cu\/2025\/04\/16\/\"><time>abril 16, 2025 | 02:09<\/time><\/a><\/li>\n<\/ul>\n\n\n\n<ul class=\"wp-block-list\">\n<li><a href=\"https:\/\/www.prensa-latina.cu\/2025\/04\/16\/cuba-conmemora-aniversario-64-de-proclamacion-de-caracter-socialista\/#\"><\/a><\/li>\n\n\n\n<li><a href=\"https:\/\/www.prensa-latina.cu\/2025\/04\/16\/cuba-conmemora-aniversario-64-de-proclamacion-de-caracter-socialista\/#\"><\/a><\/li>\n\n\n\n<li><a href=\"https:\/\/www.prensa-latina.cu\/2025\/04\/16\/cuba-conmemora-aniversario-64-de-proclamacion-de-caracter-socialista\/#\"><\/a><\/li>\n\n\n\n<li><a href=\"https:\/\/www.prensa-latina.cu\/2025\/04\/16\/cuba-conmemora-aniversario-64-de-proclamacion-de-caracter-socialista\/#\"><\/a><\/li>\n<\/ul>\n\n\n\n<p>Dicha proclamaci\u00f3n ocurri\u00f3 el 16 de abril de 1961 en las honras f\u00fanebres de las v\u00edctimas de los bombardeos estadounidenses contra las bases a\u00e9reas de Ciudad Libertad, San Antonio de los Ba\u00f1os y Santiago de Cuba.<\/p>\n\n\n\n<p>Durante el sepelio a los ca\u00eddos el l\u00edder hist\u00f3rico, Fidel Castro, habl\u00f3 a un pueblo congregado en la c\u00e9ntrica esquina de 23 y 12 en la capitalina barriada del Vedado y ratific\u00f3 ante el mundo el car\u00e1cter socialista de la naciente Revoluci\u00f3n cubana.<\/p>\n\n\n\n<p>En esa ocasi\u00f3n expres\u00f3 \u201c\u2026y que hayamos hecho una revoluci\u00f3n socialista en las propias narices de los Estados Unidos, y que esa revoluci\u00f3n socialista la defendemos con esos fusiles, y que esa revoluci\u00f3n socialista la defendemos con el valor con que ayer nuestros artilleros antia\u00e9reos acribillaron a balazos a los aviones agresores\u201d.<\/p>\n\n\n\n<p>Soldados y milicianos con fusiles en alto junto a trabajadores y pueblo en general aprobaron las palabras del destacado l\u00edder, y ratificaron su disposici\u00f3n de defender el proceso social iniciado en 1959 hasta la \u00faltima gota de sangre.<\/p>\n\n\n\n<p>Fidel Castro denunci\u00f3 tambi\u00e9n la inminente invasi\u00f3n a la isla, organizada por el gobierno de Estados Unidos.<\/p>\n\n\n\n<p>Precisamente, en la madrugada del 17 de abril de 1961 un grupo entrenado, pertrechado y financiado por la Casa Blanca desembarc\u00f3 por Playa Gir\u00f3n y Playa Larga.<\/p>\n\n\n\n<p>Luego de 60 horas de duros combates fueron derrotados los mercenarios, que se rindieron en Playa Gir\u00f3n al atardecer del d\u00eda 19, y esta acci\u00f3n represent\u00f3 \u201cla primera gran derrota del imperialismo en Am\u00e9rica Latina\u201d.<\/p>\n\n\n\n<p>oda\/mks<\/p>\n\n\n\n<ul class=\"wp-block-list\">\n<li>#<a href=\"https:\/\/www.prensa-latina.cu\/etiqueta\/cuba\/\">cuba<\/a>\u00a0#<a href=\"https:\/\/www.prensa-latina.cu\/etiqueta\/socialismo\/\">socialismo<\/a><\/li>\n<\/ul>\n","protected":false},"excerpt":{"rendered":"<p>La Habana, 16 abr (Prensa Latina) Los cubanos evocan hoy el aniversario 64 de la proclamaci\u00f3n del car\u00e1cter socialista de la Revoluci\u00f3n, un hecho que marc\u00f3 el camino en la construcci\u00f3n de un proceso social basado en el humanismo y la equidad. Dicha proclamaci\u00f3n ocurri\u00f3 el 16 de abril de 1961 en las honras f\u00fanebres [&hellip;]<\/p>\n","protected":false},"author":28,"featured_media":610134,"comment_status":"closed","ping_status":"closed","sticky":false,"template":"","format":"standard","meta":{"footnotes":""},"categories":[26,23],"tags":[],"class_list":["post-610133","post","type-post","status-publish","format-standard","has-post-thumbnail","hentry","category-efemerides","category-internacional"],"_links":{"self":[{"href":"https:\/\/diariodominicano.com\/index.php?rest_route=\/wp\/v2\/posts\/610133","targetHints":{"allow":["GET"]}}],"collection":[{"href":"https:\/\/diariodominicano.com\/index.php?rest_route=\/wp\/v2\/posts"}],"about":[{"href":"https:\/\/diariodominicano.com\/index.php?rest_route=\/wp\/v2\/types\/post"}],"author":[{"embeddable":true,"href":"https:\/\/diariodominicano.com\/index.php?rest_route=\/wp\/v2\/users\/28"}],"replies":[{"embeddable":true,"href":"https:\/\/diariodominicano.com\/index.php?rest_route=%2Fwp%2Fv2%2Fcomments&post=610133"}],"version-history":[{"count":1,"href":"https:\/\/diariodominicano.com\/index.php?rest_route=\/wp\/v2\/posts\/610133\/revisions"}],"predecessor-version":[{"id":610135,"href":"https:\/\/diariodominicano.com\/index.php?rest_route=\/wp\/v2\/posts\/610133\/revisions\/610135"}],"wp:featuredmedia":[{"embeddable":true,"href":"https:\/\/diariodominicano.com\/index.php?rest_route=\/wp\/v2\/media\/610134"}],"wp:attachment":[{"href":"https:\/\/diariodominicano.com\/index.php?rest_route=%2Fwp%2Fv2%2Fmedia&parent=610133"}],"wp:term":[{"taxonomy":"category","embeddable":true,"href":"https:\/\/diariodominicano.com\/index.php?rest_route=%2Fwp%2Fv2%2Fcategories&post=610133"},{"taxonomy":"post_tag","embeddable":true,"href":"https:\/\/diariodominicano.com\/index.php?rest_route=%2Fwp%2Fv2%2Ftags&post=610133"}],"curies":[{"name":"wp","href":"https:\/\/api.w.org\/{rel}","templated":true}]}}