{"id":609945,"date":"2025-04-15T15:18:00","date_gmt":"2025-04-15T19:18:00","guid":{"rendered":"https:\/\/diariodominicano.com\/?p=609945"},"modified":"2025-04-15T15:18:02","modified_gmt":"2025-04-15T19:18:02","slug":"ministerio-de-la-mujer-realizara-jornadas-de-orientacion-en-esta-semana-santa-2025","status":"publish","type":"post","link":"https:\/\/diariodominicano.com\/?p=609945","title":{"rendered":"Ministerio de la Mujer realizar\u00e1 jornadas de orientaci\u00f3n en esta Semana Santa 2025\u00a0"},"content":{"rendered":"\n<p><em>Para este a\u00f1o, la meta es impactar a m\u00e1s de 600,000 personas con <\/em><em>orientaciones sobre los servicios disponibles de prevenci\u00f3n y atenci\u00f3n a la violencia de g\u00e9nero e intrafamiliar.<\/em><\/p>\n\n\n\n<p><strong>Santo Domingo<\/strong>. El Ministerio de la Mujer, <strong>por cuarto a\u00f1o consecutivo, <\/strong>desarrollar\u00e1 jornadas de sensibilizaci\u00f3n y orientaci\u00f3n sobre la violencia de g\u00e9nero e intrafamiliar, como parte de una pol\u00edtica que procura dar respuesta a este flagelo que est\u00e1 presente en la sociedad dominicana, as\u00ed como promover una cultura de paz que permita la convivencia arm\u00f3nica y civilizada entre hombres y mujeres.<\/p>\n\n\n\n<figure class=\"wp-block-gallery has-nested-images columns-default is-cropped wp-block-gallery-1 is-layout-flex wp-block-gallery-is-layout-flex\">\n<figure class=\"wp-block-image size-large\"><img loading=\"lazy\" decoding=\"async\" width=\"1024\" height=\"681\" data-id=\"609953\" src=\"https:\/\/diariodominicano.com\/wp-content\/uploads\/2025\/04\/Ministerio-de-la-Mujer-realizara-jornadas-orientacion-en-esta-Semana-Santa-2025-1024x681.jpeg\" alt=\"\" class=\"wp-image-609953\" srcset=\"https:\/\/diariodominicano.com\/wp-content\/uploads\/2025\/04\/Ministerio-de-la-Mujer-realizara-jornadas-orientacion-en-esta-Semana-Santa-2025-1024x681.jpeg 1024w, https:\/\/diariodominicano.com\/wp-content\/uploads\/2025\/04\/Ministerio-de-la-Mujer-realizara-jornadas-orientacion-en-esta-Semana-Santa-2025-300x200.jpeg 300w, https:\/\/diariodominicano.com\/wp-content\/uploads\/2025\/04\/Ministerio-de-la-Mujer-realizara-jornadas-orientacion-en-esta-Semana-Santa-2025-768x511.jpeg 768w, https:\/\/diariodominicano.com\/wp-content\/uploads\/2025\/04\/Ministerio-de-la-Mujer-realizara-jornadas-orientacion-en-esta-Semana-Santa-2025-1536x1022.jpeg 1536w, https:\/\/diariodominicano.com\/wp-content\/uploads\/2025\/04\/Ministerio-de-la-Mujer-realizara-jornadas-orientacion-en-esta-Semana-Santa-2025-2048x1362.jpeg 2048w, https:\/\/diariodominicano.com\/wp-content\/uploads\/2025\/04\/Ministerio-de-la-Mujer-realizara-jornadas-orientacion-en-esta-Semana-Santa-2025-816x543.jpeg 816w\" sizes=\"auto, (max-width: 1024px) 100vw, 1024px\" \/><\/figure>\n\n\n\n<figure class=\"wp-block-image size-large\"><img loading=\"lazy\" decoding=\"async\" width=\"1024\" height=\"681\" data-id=\"609954\" src=\"https:\/\/diariodominicano.com\/wp-content\/uploads\/2025\/04\/Ministerio-de-la-Mujer-realizara-jornadas-de-orientacion-en-esta-Semana-Santa-2025-1024x681.jpeg\" alt=\"\" class=\"wp-image-609954\" srcset=\"https:\/\/diariodominicano.com\/wp-content\/uploads\/2025\/04\/Ministerio-de-la-Mujer-realizara-jornadas-de-orientacion-en-esta-Semana-Santa-2025-1024x681.jpeg 1024w, https:\/\/diariodominicano.com\/wp-content\/uploads\/2025\/04\/Ministerio-de-la-Mujer-realizara-jornadas-de-orientacion-en-esta-Semana-Santa-2025-300x200.jpeg 300w, https:\/\/diariodominicano.com\/wp-content\/uploads\/2025\/04\/Ministerio-de-la-Mujer-realizara-jornadas-de-orientacion-en-esta-Semana-Santa-2025-768x511.jpeg 768w, https:\/\/diariodominicano.com\/wp-content\/uploads\/2025\/04\/Ministerio-de-la-Mujer-realizara-jornadas-de-orientacion-en-esta-Semana-Santa-2025-1536x1022.jpeg 1536w, https:\/\/diariodominicano.com\/wp-content\/uploads\/2025\/04\/Ministerio-de-la-Mujer-realizara-jornadas-de-orientacion-en-esta-Semana-Santa-2025-2048x1362.jpeg 2048w, https:\/\/diariodominicano.com\/wp-content\/uploads\/2025\/04\/Ministerio-de-la-Mujer-realizara-jornadas-de-orientacion-en-esta-Semana-Santa-2025-816x543.jpeg 816w\" sizes=\"auto, (max-width: 1024px) 100vw, 1024px\" \/><\/figure>\n<\/figure>\n\n\n\n<p>Esta iniciativa, se enmarca en el Plan Estrat\u00e9gico \u201cPor una Vida Libre de Violencia para las Mujeres\u201d, principal pol\u00edtica p\u00fablica de la Republica Dominicana para enfrentar el flagelo de la violencia y lograr su erradicaci\u00f3n, la cual, a partir de sus ejes de acci\u00f3n, busca transformar desde la prevenci\u00f3n integral, aquellos sentidos y pr\u00e1cticas sociales internalizados en la cultura, que promueven la desigualdad y la reproducci\u00f3n de la violencia contra las mujeres, as\u00ed como tambi\u00e9n, fortalecer la articulaci\u00f3n interinstitucional e intersectorial del sistema de protecci\u00f3n a las v\u00edctimas de la violencia, para garantizar una respuesta oportuna y eficaz a esta problem\u00e1tica compleja, estructural y multidimensional.<\/p>\n\n\n\n<p>Estas jornadas se estar\u00e1n realizando, <strong>durante la Semana Santa<\/strong>, en 80 puntos estrat\u00e9gicos del pa\u00eds, tales como estaciones de peajes, paradas de transporte p\u00fablico, playas, r\u00edos y balnearios. Este a\u00f1o en particular, se desarrollar\u00e1n en un contexto en el que el pa\u00eds est\u00e1 consternado por la lamentable y dolorosa tragedia ocurrida en la madrugada del pasado martes, que ha enlutado al pa\u00eds y que ha afectado profundamente a toda la poblaci\u00f3n.<\/p>\n\n\n\n<p>\u201cNos solidarizamos, desde lo m\u00e1s profundo de nuestros corazones, con todas las familias y personas allegadas de las v\u00edctimas. Estamos trabajando parta prevenir la ocurrencia de otros hechos lamentables que tambi\u00e9n enlutan a las familias, como los feminicidios y las muertes violentas de mujeres\u201d, se\u00f1al\u00f3 la ministra de la Mujer, Mayra Jim\u00e9nez.<\/p>\n\n\n\n<p>Con estas jornadas, el Ministerio de la Mujer se une al operativo \u201cConciencia por la Vida\u201d,&nbsp; que lleva adelante el Centro de Operaciones de Emergencia (COE) y Defensa Civil, entre otros organismos del Estado, los cuales cada a\u00f1o trabajan sin descanso, para asegurar durante estas fechas, la seguridad y la protecci\u00f3n de toda la poblaci\u00f3n dominicana, agreg\u00f3 la ministra.<\/p>\n\n\n\n<p>Durante estas jornadas se estar\u00e1 orientando sobre c\u00f3mo detectar casos de violencia, c\u00f3mo acceder a servicios disponibles y se distribuir\u00e1n materiales informativos sobre acciones de sensibilizaci\u00f3n y formaci\u00f3n, asistencia legal y psicol\u00f3gica, casas de acogida o refugios, orientados a la prevenci\u00f3n y atenci\u00f3n a la violencia de g\u00e9nero e intrafamiliar.<\/p>\n\n\n\n<p>El Ministerio de la Mujer, recuerda a la poblaci\u00f3n que su <strong>L\u00ednea de Emergencia *212<\/strong> se mantiene disponible en todo el territorio nacional, las 24 horas del d\u00eda, de manera gratuita y confidencial e invita a la poblaci\u00f3n a denunciar cualquier caso de violencia contra la mujer de la que tenga informaci\u00f3n, consciente de que con esa acci\u00f3n puede salvar una vida en alto riesgo.<\/p>\n\n\n\n<p>Para este 2025, la meta es alcanzar a 600,000 personas con la participaci\u00f3n del personal del Ministerio de la Mujer, quienes brindar\u00e1n orientaci\u00f3n sobre c\u00f3mo proceder ante situaciones de violencia y los servicios de atenci\u00f3n que ofrece el Ministerio de la Mujer.&nbsp;<\/p>\n\n\n\n<p>Entre otras estrategias de impacto a la poblaci\u00f3n, las empresas de telecomunicaciones Altice y Viva enviar\u00e1n mensajes de texto a toda su base de clientes, con informaci\u00f3n preventiva de la L\u00ednea de Emergencia *212. Asimismo, las Farmacias GBC ha colocado materiales del Ministerio de la Mujer en todas sus sucursales a nivel nacional, as\u00ed como tambi\u00e9n se distribuir\u00e1n a trav\u00e9s de sus servicios de entrega a domicilio. Al igual que, las principales cadenas de supermercados del pa\u00eds.&nbsp;<\/p>\n\n\n\n<p>La jornada inicia el <strong>jueves 17 <\/strong>de abril, con presencia en 39 paradas de autobuses y cuatro estaciones de peaje: Saman\u00e1, Km. 32 Autopista Duarte, Las Am\u00e9ricas y 6 de Noviembre.<\/p>\n\n\n\n<p><strong>El viernes 18,<\/strong> en playas y r\u00edos de Puerto Plata, Montecristi, Mar\u00eda Trinidad S\u00e1nchez, Santo Domingo, San Pedro de Macor\u00eds, La Romana, Saman\u00e1, El Seibo, La Altagracia, San Crist\u00f3bal, Barahona y Hato Mayor.<\/p>\n\n\n\n<p><strong>El s\u00e1bado 19<\/strong>, la cobertura se ampl\u00eda a r\u00edos, playas y balnearios de Dajab\u00f3n, Monse\u00f1or Nouel, Espaillat, La Vega, Montecristi, Santiago Rodr\u00edguez, Puerto Plata, Santo Domingo, Mar\u00eda Trinidad S\u00e1nchez, San Pedro de Macor\u00eds, La Romana, Saman\u00e1, La Altagracia, El Seibo, Barahona, Azua, San Crist\u00f3bal, Pedernales, San Juan de la Maguana, Independencia, Bahoruco, El\u00edas Pi\u00f1a, Peravia, Santiago, S\u00e1nchez Ram\u00edrez y Hato Mayor.<\/p>\n\n\n\n<p><strong>El domingo 20<\/strong>, el equipo del Ministerio de la Mujer estar\u00e1 nuevamente presente en los peajes de Saman\u00e1, Km. 32 Autopista Duarte, Las Am\u00e9ricas y 6 de Noviembre, as\u00ed como en r\u00edos, playas y balnearios de Dajab\u00f3n, Monse\u00f1or Nouel, Espaillat, La Vega, S\u00e1nchez Ram\u00edrez, Montecristi, Santiago Rodr\u00edguez, Puerto Plata, Santo Domingo, Mar\u00eda Trinidad S\u00e1nchez, San Pedro de Macor\u00eds, La Romana, Saman\u00e1, La Altagracia, Barahona, Azua, San Crist\u00f3bal, Pedernales, San Juan de la Maguana, Independencia, Bahoruco, El\u00edas Pi\u00f1a, Peravia, Santiago, Hato Mayor y El Seibo.<br>Prensa Ministerio de la Mujer &lt;<a href=\"mailto:prensa@mujergobdo.onmicrosoft.com\">prensa@mujergobdo.onmicrosoft.com<\/a>&gt;<\/p>\n","protected":false},"excerpt":{"rendered":"<p>Para este a\u00f1o, la meta es impactar a m\u00e1s de 600,000 personas con orientaciones sobre los servicios disponibles de prevenci\u00f3n y atenci\u00f3n a la violencia de g\u00e9nero e intrafamiliar. Santo Domingo. El Ministerio de la Mujer, por cuarto a\u00f1o consecutivo, desarrollar\u00e1 jornadas de sensibilizaci\u00f3n y orientaci\u00f3n sobre la violencia de g\u00e9nero e intrafamiliar, como parte [&hellip;]<\/p>\n","protected":false},"author":7,"featured_media":609952,"comment_status":"closed","ping_status":"closed","sticky":false,"template":"","format":"standard","meta":{"footnotes":""},"categories":[36],"tags":[188],"class_list":["post-609945","post","type-post","status-publish","format-standard","has-post-thumbnail","hentry","category-hombresmujeresycosas","tag-ministerio-de-la-mujer"],"_links":{"self":[{"href":"https:\/\/diariodominicano.com\/index.php?rest_route=\/wp\/v2\/posts\/609945","targetHints":{"allow":["GET"]}}],"collection":[{"href":"https:\/\/diariodominicano.com\/index.php?rest_route=\/wp\/v2\/posts"}],"about":[{"href":"https:\/\/diariodominicano.com\/index.php?rest_route=\/wp\/v2\/types\/post"}],"author":[{"embeddable":true,"href":"https:\/\/diariodominicano.com\/index.php?rest_route=\/wp\/v2\/users\/7"}],"replies":[{"embeddable":true,"href":"https:\/\/diariodominicano.com\/index.php?rest_route=%2Fwp%2Fv2%2Fcomments&post=609945"}],"version-history":[{"count":1,"href":"https:\/\/diariodominicano.com\/index.php?rest_route=\/wp\/v2\/posts\/609945\/revisions"}],"predecessor-version":[{"id":609966,"href":"https:\/\/diariodominicano.com\/index.php?rest_route=\/wp\/v2\/posts\/609945\/revisions\/609966"}],"wp:featuredmedia":[{"embeddable":true,"href":"https:\/\/diariodominicano.com\/index.php?rest_route=\/wp\/v2\/media\/609952"}],"wp:attachment":[{"href":"https:\/\/diariodominicano.com\/index.php?rest_route=%2Fwp%2Fv2%2Fmedia&parent=609945"}],"wp:term":[{"taxonomy":"category","embeddable":true,"href":"https:\/\/diariodominicano.com\/index.php?rest_route=%2Fwp%2Fv2%2Fcategories&post=609945"},{"taxonomy":"post_tag","embeddable":true,"href":"https:\/\/diariodominicano.com\/index.php?rest_route=%2Fwp%2Fv2%2Ftags&post=609945"}],"curies":[{"name":"wp","href":"https:\/\/api.w.org\/{rel}","templated":true}]}}