{"id":609886,"date":"2025-04-15T04:50:21","date_gmt":"2025-04-15T08:50:21","guid":{"rendered":"https:\/\/diariodominicano.com\/?p=609886"},"modified":"2025-04-15T04:55:01","modified_gmt":"2025-04-15T08:55:01","slug":"presidente-abinader-participa-del-acto-memorial-por-los-fallecidos-en-la-tragedia-del-jet-set","status":"publish","type":"post","link":"https:\/\/diariodominicano.com\/?p=609886","title":{"rendered":"El Presidente Abinader participa del acto memorial por los fallecidos en la tragedia del Jet Set"},"content":{"rendered":"\n<p>13 de Abril 2025 | 15:16<\/p>\n\n\n\n<figure class=\"wp-block-image\"><img decoding=\"async\" src=\"https:\/\/platform-cdn.sharethis.com\/img\/sharethis.svg\" alt=\"sharethis sharing button\"\/><\/figure>\n\n\n\n<p>Haina., RD-\u00a0<strong>El presidente Luis Abinader<\/strong>, en compa\u00f1\u00eda de la\u00a0<strong>primera dama Raquel Arbaje<\/strong>\u00a0y la\u00a0<strong>vicepresidenta Raquel Pe\u00f1a,<\/strong>\u00a0particip\u00f3 del\u00a0<strong>acto memorial<\/strong>\u00a0celebrado por los\u00a0 fallecidos en la tragedia de la\u00a0<strong>discoteca Jet Set<\/strong>, ocurrida la madrugada del\u00a0<strong>pasado martes.<\/strong>\u00a0<\/p>\n\n\n\n<p>La ceremonia se realiz\u00f3 en este municipio, de donde eran oriundos muchos de&nbsp; los fallecidos. Las autoridades provinciales confirmaron que&nbsp;<strong>52 de las v\u00edctimas mortales<\/strong>&nbsp;resid\u00edan en los municipios&nbsp;<strong>Haina, San Crist\u00f3bal y Yaguate<\/strong>.&nbsp;<\/p>\n\n\n\n<p>Como parte del acto, el ex grandes ligas&nbsp;<strong>David Ortiz<\/strong>, quien por muchos a\u00f1os residi\u00f3 en Haina, se dirigi\u00f3 a los presentes para manifestar el dolor que sienten<strong>&nbsp;los dominicanos<\/strong>&nbsp;por la tragedia y llam\u00f3 a no cuestionar a Dios por el suceso y m\u00e1s bien les pidi\u00f3&nbsp;<strong>confiar en su misericordia.<\/strong>&nbsp;<\/p>\n\n\n\n<p>Destac\u00f3 la&nbsp;<strong>entrega y dedicaci\u00f3n<\/strong>&nbsp;del presidente Abinader, de quien dijo, que&nbsp;<strong>desde muy temprano<\/strong>&nbsp;en la ma\u00f1ana estuvo apoyando a su gente, d\u00e1ndole cari\u00f1o, respondiendo por su gente, y eso es muy digno de admirar, expres\u00f3 en torno a las&nbsp;<strong>acciones del gobernante<\/strong>&nbsp;ante el tr\u00e1gico suceso.&nbsp;<\/p>\n\n\n\n<p>Tambi\u00e9n resalt\u00f3 la presencia de la primera dama&nbsp;<strong>Raquel Arbaje<\/strong>&nbsp;y de la vicepresidenta&nbsp;<strong>Raquel Pe\u00f1a<\/strong>.&nbsp;<\/p>\n\n\n\n<p>Ortiz tambi\u00e9n agradeci\u00f3 la&nbsp;<strong>gran labor<\/strong>&nbsp;realizada por los&nbsp;<strong>organismos oficiales<\/strong>&nbsp;&nbsp;<em>\u00aben este momento tan dif\u00edcil\u00bb.&nbsp;<\/em><\/p>\n\n\n\n<figure class=\"wp-block-image\"><img decoding=\"async\" src=\"https:\/\/presidencia.gob.do\/sites\/default\/files\/inline-images\/71f64a36-d571-4b2e-8a35-1e5a57ae78da.jpeg\" alt=\"\"\/><\/figure>\n\n\n\n<p>El pastor&nbsp;<strong>Germ\u00e1n Joseph<\/strong>, de la iglesia pentecostal de los&nbsp;<strong>Bajos de Haina,<\/strong>&nbsp;manifest\u00f3 que esa&nbsp; comunidad cristiana est\u00e1 adolorida por la tragedia y clama a Dios porque el pueblo se vuelva a levantar como en ocasiones anteriores&nbsp;<em>\u00abporque lo que le ha pasado es muy doloroso\u00bb<\/em>. De los fallecidos,&nbsp;<strong>25 eran del municipio de Haina<\/strong>.<\/p>\n\n\n\n<p>La parte eucar\u00edstica, realizada en el&nbsp;&nbsp;<strong>polideportivo de Haina, San Crist\u00f3bal<\/strong>, la ofici\u00f3 el&nbsp;<strong>padre Pedro Rivas,<\/strong>&nbsp;cura p\u00e1rroco de la&nbsp;<strong>iglesia San Agust\u00edn,<\/strong>&nbsp;de los Bajos de Haina.&nbsp;<\/p>\n\n\n\n<p>El presb\u00edtero manifest\u00f3 que los participantes del ceremonial creen que cada una de las v\u00edctimas mora en la&nbsp;<strong>presencia del Se\u00f1or<\/strong>&nbsp;y si no creyeran en<strong>&nbsp;la resurrecci\u00f3n<\/strong>&nbsp;no estuvieran all\u00ed.&nbsp;<\/p>\n\n\n\n<p>En la parte final del memorial,&nbsp;<strong>Adonay Fabal&nbsp;<\/strong>interpret\u00f3 parte de dos canciones que inmortalizaron a&nbsp;<strong>Rubby P\u00e9rez,<\/strong>&nbsp;quien amenizaba la fiesta al momento del siniestro y era&nbsp;<strong>oriundo de Haina.<\/strong>&nbsp;<\/p>\n\n\n\n<p>Estuvieron en el acto la gobernadora de San Crist\u00f3bal,&nbsp;<strong>Pura Casilla<\/strong>; el senador de la provincia,&nbsp;<em>Gustavo Salazar;<\/em>&nbsp;el ministro de Cultura,&nbsp;<strong>Roberto \u00c1ngel Salcedo<\/strong>; los alcaldes, de los municipios Bajos de Haina,&nbsp;<strong>Osvaldo Rodr\u00edguez,&nbsp;<\/strong>y de San Crist\u00f3bal,&nbsp;<strong>Nelson de la Rosa.<\/strong>&nbsp;<\/p>\n\n\n\n<p>Los directores de los consejos nacionales, para la Discapacidad (Conadis),&nbsp;<strong>Benny Metz,<\/strong>&nbsp;y del VIH y el Sida (Conavihsida),&nbsp;<strong>Enrique Gonz\u00e1lez,<\/strong>&nbsp;y el administrador de la Empresa de Generaci\u00f3n Hidroel\u00e9ctrica (Egehid),&nbsp;<strong>Rafael Salazar.<\/strong><\/p>\n","protected":false},"excerpt":{"rendered":"<p>13 de Abril 2025 | 15:16 Haina., RD-\u00a0El presidente Luis Abinader, en compa\u00f1\u00eda de la\u00a0primera dama Raquel Arbaje\u00a0y la\u00a0vicepresidenta Raquel Pe\u00f1a,\u00a0particip\u00f3 del\u00a0acto memorial\u00a0celebrado por los\u00a0 fallecidos en la tragedia de la\u00a0discoteca Jet Set, ocurrida la madrugada del\u00a0pasado martes.\u00a0 La ceremonia se realiz\u00f3 en este municipio, de donde eran oriundos muchos de&nbsp; los fallecidos. Las autoridades [&hellip;]<\/p>\n","protected":false},"author":28,"featured_media":609887,"comment_status":"closed","ping_status":"closed","sticky":false,"template":"","format":"standard","meta":{"footnotes":""},"categories":[20,26],"tags":[],"class_list":["post-609886","post","type-post","status-publish","format-standard","has-post-thumbnail","hentry","category-dominicana-hoy","category-efemerides"],"_links":{"self":[{"href":"https:\/\/diariodominicano.com\/index.php?rest_route=\/wp\/v2\/posts\/609886","targetHints":{"allow":["GET"]}}],"collection":[{"href":"https:\/\/diariodominicano.com\/index.php?rest_route=\/wp\/v2\/posts"}],"about":[{"href":"https:\/\/diariodominicano.com\/index.php?rest_route=\/wp\/v2\/types\/post"}],"author":[{"embeddable":true,"href":"https:\/\/diariodominicano.com\/index.php?rest_route=\/wp\/v2\/users\/28"}],"replies":[{"embeddable":true,"href":"https:\/\/diariodominicano.com\/index.php?rest_route=%2Fwp%2Fv2%2Fcomments&post=609886"}],"version-history":[{"count":2,"href":"https:\/\/diariodominicano.com\/index.php?rest_route=\/wp\/v2\/posts\/609886\/revisions"}],"predecessor-version":[{"id":609892,"href":"https:\/\/diariodominicano.com\/index.php?rest_route=\/wp\/v2\/posts\/609886\/revisions\/609892"}],"wp:featuredmedia":[{"embeddable":true,"href":"https:\/\/diariodominicano.com\/index.php?rest_route=\/wp\/v2\/media\/609887"}],"wp:attachment":[{"href":"https:\/\/diariodominicano.com\/index.php?rest_route=%2Fwp%2Fv2%2Fmedia&parent=609886"}],"wp:term":[{"taxonomy":"category","embeddable":true,"href":"https:\/\/diariodominicano.com\/index.php?rest_route=%2Fwp%2Fv2%2Fcategories&post=609886"},{"taxonomy":"post_tag","embeddable":true,"href":"https:\/\/diariodominicano.com\/index.php?rest_route=%2Fwp%2Fv2%2Ftags&post=609886"}],"curies":[{"name":"wp","href":"https:\/\/api.w.org\/{rel}","templated":true}]}}