{"id":609846,"date":"2025-04-15T03:44:19","date_gmt":"2025-04-15T07:44:19","guid":{"rendered":"https:\/\/diariodominicano.com\/?p=609846"},"modified":"2025-04-15T03:44:21","modified_gmt":"2025-04-15T07:44:21","slug":"dia-de-las-americas-un-llamado-a-la-unidad-y-la-cooperacion-continental","status":"publish","type":"post","link":"https:\/\/diariodominicano.com\/?p=609846","title":{"rendered":"D\u00eda de las Am\u00e9ricas: Un Llamado a la Unidad y la Cooperaci\u00f3n Continental"},"content":{"rendered":"\n<p>Por Araceli Aguilar Salgado<\/p>\n\n\n\n<p><strong><em>\u201cHoy celebramos una Am\u00e9rica unida, diversa y llena de vida\u201d.<\/em><\/strong><\/p>\n\n\n\n<p>Cada a\u00f1o, el 14 de abril, las naciones del continente americano celebran el D\u00eda de las Am\u00e9ricas, una fecha emblem\u00e1tica que simboliza la uni\u00f3n, la solidaridad y la cooperaci\u00f3n entre los pa\u00edses del hemisferio occidental. Desde su instalaci\u00f3n en 1890, en la Primera Conferencia Internacional Americana, este d\u00eda ha servido para recordar el compromiso de los gobiernos y sus ciudadanos con la paz, la soberan\u00eda&nbsp;y el respeto a los derechos humanos.<\/p>\n\n\n\n<figure class=\"wp-block-image size-full\"><img loading=\"lazy\" decoding=\"async\" width=\"259\" height=\"194\" src=\"https:\/\/diariodominicano.com\/wp-content\/uploads\/2025\/04\/AMERICA-4.jpg\" alt=\"\" class=\"wp-image-609848\"\/><\/figure>\n\n\n\n<p>Este d\u00eda se rinde homenaje al sue\u00f1o de una Am\u00e9rica unida, una visi\u00f3n que inspir\u00f3 a figuras como Sim\u00f3n Bol\u00edvar en el siglo XIX. Su legado de integraci\u00f3n e igualdad sigue vivo en esta jornada, que celebra nuestras ra\u00edces comunes, nuestras diferencias culturales y el deseo de construir un continente americano solidario y en paz.<\/p>\n\n\n\n<p><strong>Un legado de integraci\u00f3n y cooperaci\u00f3n<\/strong><\/p>\n\n\n\n<p>La creaci\u00f3n de la Uni\u00f3n Internacional de Rep\u00fablicas Americanas marc\u00f3 un hito en la historia del continente, al establecer un espacio de di\u00e1logo y colaboraci\u00f3n entre las naciones americanas. Con el paso del tiempo, esta iniciativa evolucion\u00f3 hasta convertirse en la Organizaci\u00f3n de los Estados Americanos (OEA) en 1948, organismo que hoy sigue trabajando para fortalecer la democracia, la seguridad y el desarrollo sostenible en la regi\u00f3n.<\/p>\n\n\n\n<figure class=\"wp-block-image size-full\"><img loading=\"lazy\" decoding=\"async\" width=\"683\" height=\"977\" src=\"https:\/\/diariodominicano.com\/wp-content\/uploads\/2025\/04\/AMERICA-2.jpg\" alt=\"\" class=\"wp-image-609849\" srcset=\"https:\/\/diariodominicano.com\/wp-content\/uploads\/2025\/04\/AMERICA-2.jpg 683w, https:\/\/diariodominicano.com\/wp-content\/uploads\/2025\/04\/AMERICA-2-210x300.jpg 210w\" sizes=\"auto, (max-width: 683px) 100vw, 683px\" \/><\/figure>\n\n\n\n<p>A pesar de los avances logrados, el continente enfrenta diversos retos que dificultan la plena materializaci\u00f3n de los ideales de sus fundadores. La corrupci\u00f3n, la violencia, la desigualdad y las crisis econ\u00f3micas contin\u00faan afectando a millones de personas, por lo que el D\u00eda de las Am\u00e9ricas se presenta como una oportunidad para reflexionar sobre c\u00f3mo enfrentar estos desaf\u00edos de manera conjunta.<\/p>\n\n\n\n<p><strong>Retos y oportunidades para Am\u00e9rica<\/strong><\/p>\n\n\n\n<p>En la actualidad, la celebraci\u00f3n del D\u00eda de las Am\u00e9ricas cobra especial relevancia ante los desaf\u00edos que enfrenta el continente, entre ellos:<\/p>\n\n\n\n<ul class=\"wp-block-list\">\n<li>El fortalecimiento de las instituciones democr\u00e1ticas\u00a0, clave para garantizar la estabilidad pol\u00edtica y social.<\/li>\n\n\n\n<li>La reducci\u00f3n de la pobreza y la desigualdad\u00a0, aspectos fundamentales para promover el desarrollo econ\u00f3mico y social.<\/li>\n\n\n\n<li>El combate a la corrupci\u00f3n y el crimen organizado\u00a0, que afecta la seguridad y el bienestar de los ciudadanos.<\/li>\n\n\n\n<li>La cooperaci\u00f3n interamericana ante el cambio clim\u00e1tico\u00a0, una de las principales amenazas para el futuro del planeta.<\/li>\n<\/ul>\n\n\n\n<p>Este a\u00f1o, gobiernos, organizaciones y ciudadanos han expresado la necesidad de trabajar en conjunto para fortalecer la identidad continental, fomentando el respeto a la diversidad cultural y la construcci\u00f3n de sociedades m\u00e1s inclusivas y equitativas.<\/p>\n\n\n\n<p><strong>La importancia de recordar la historia.<\/strong><\/p>\n\n\n\n<p>El D\u00eda de las Am\u00e9ricas tambi\u00e9n es un recordatorio de la lucha hist\u00f3rica por la libertad y la identidad de los pueblos del continente. Desde la resistencia de los pueblos originarios hasta la consolidaci\u00f3n de los estados nacionales, esta fecha simboliza la determinaci\u00f3n de los ciudadanos para construir un futuro basado en el respeto, la justicia y la paz.<\/p>\n\n\n\n<p>Hoy, 135 a\u00f1os despu\u00e9s de la Primera Conferencia Internacional Americana, el D\u00eda de las Am\u00e9ricas sigue siendo un llamado a la unidad ya la cooperaci\u00f3n, record\u00e1ndonos que s\u00f3lo a trav\u00e9s del trabajo conjunto podremos superar los desaf\u00edos y consolidar un continente m\u00e1s pr\u00f3spero y solidario.<\/p>\n\n\n\n<p>En este 14 de abril, el D\u00eda de las Am\u00e9ricas nos invita a reflexionar sobre la importancia de la soberan\u00eda, la autodeterminaci\u00f3n y el respeto a los derechos humanos, reafirmando el compromiso de las naciones con la paz y el desarrollo. La celebraci\u00f3n de este d\u00eda no es solo un acto simb\u00f3lico, sino un recordatorio de que la unidad y la solidaridad son fundamentales para el bienestar de los pueblos del continente.<\/p>\n\n\n\n<p>El D\u00eda de las Am\u00e9ricas no es solo una celebraci\u00f3n, es una oportunidad para reflexionar sobre lo que nos une como pueblos latinoamericanos y americanos. Es un recordatorio de que, en la diversidad, est\u00e1 nuestra fortaleza.<\/p>\n\n\n\n<p>Hoy, m\u00e1s que nunca, celebraremos con respeto, con amor, con compromiso hacia un continente m\u00e1s inclusivo y unido.<\/p>\n\n\n\n<p><strong><em>\u00abQue la historia nos inspire a construir un futuro de esperanza y cooperaci\u00f3n.\u00bb<\/em><\/strong><\/p>\n\n\n\n<p>Araceli Aguilar Salgado Periodista, Abogada, Ingeniera, Escritora, Analista y comentarista mexicana, del Estado de Guerrero Correo electr\u00f3nico&nbsp;<a href=\"mailto:periodistaaaguilar@gmail.com\" target=\"_blank\" rel=\"noreferrer noopener\">periodistaaaguilar@gmail.com<\/a><\/p>\n","protected":false},"excerpt":{"rendered":"<p>Por Araceli Aguilar Salgado \u201cHoy celebramos una Am\u00e9rica unida, diversa y llena de vida\u201d. Cada a\u00f1o, el 14 de abril, las naciones del continente americano celebran el D\u00eda de las Am\u00e9ricas, una fecha emblem\u00e1tica que simboliza la uni\u00f3n, la solidaridad y la cooperaci\u00f3n entre los pa\u00edses del hemisferio occidental. Desde su instalaci\u00f3n en 1890, en [&hellip;]<\/p>\n","protected":false},"author":28,"featured_media":609847,"comment_status":"closed","ping_status":"closed","sticky":false,"template":"","format":"standard","meta":{"footnotes":""},"categories":[21,26],"tags":[],"class_list":["post-609846","post","type-post","status-publish","format-standard","has-post-thumbnail","hentry","category-cultura","category-efemerides"],"_links":{"self":[{"href":"https:\/\/diariodominicano.com\/index.php?rest_route=\/wp\/v2\/posts\/609846","targetHints":{"allow":["GET"]}}],"collection":[{"href":"https:\/\/diariodominicano.com\/index.php?rest_route=\/wp\/v2\/posts"}],"about":[{"href":"https:\/\/diariodominicano.com\/index.php?rest_route=\/wp\/v2\/types\/post"}],"author":[{"embeddable":true,"href":"https:\/\/diariodominicano.com\/index.php?rest_route=\/wp\/v2\/users\/28"}],"replies":[{"embeddable":true,"href":"https:\/\/diariodominicano.com\/index.php?rest_route=%2Fwp%2Fv2%2Fcomments&post=609846"}],"version-history":[{"count":1,"href":"https:\/\/diariodominicano.com\/index.php?rest_route=\/wp\/v2\/posts\/609846\/revisions"}],"predecessor-version":[{"id":609850,"href":"https:\/\/diariodominicano.com\/index.php?rest_route=\/wp\/v2\/posts\/609846\/revisions\/609850"}],"wp:featuredmedia":[{"embeddable":true,"href":"https:\/\/diariodominicano.com\/index.php?rest_route=\/wp\/v2\/media\/609847"}],"wp:attachment":[{"href":"https:\/\/diariodominicano.com\/index.php?rest_route=%2Fwp%2Fv2%2Fmedia&parent=609846"}],"wp:term":[{"taxonomy":"category","embeddable":true,"href":"https:\/\/diariodominicano.com\/index.php?rest_route=%2Fwp%2Fv2%2Fcategories&post=609846"},{"taxonomy":"post_tag","embeddable":true,"href":"https:\/\/diariodominicano.com\/index.php?rest_route=%2Fwp%2Fv2%2Ftags&post=609846"}],"curies":[{"name":"wp","href":"https:\/\/api.w.org\/{rel}","templated":true}]}}