{"id":609638,"date":"2025-04-14T15:55:34","date_gmt":"2025-04-14T19:55:34","guid":{"rendered":"https:\/\/diariodominicano.com\/?p=609638"},"modified":"2025-04-14T15:55:36","modified_gmt":"2025-04-14T19:55:36","slug":"pnud-pucmm-y-fundacion-popular-capacitan-a-mas-de-80-lideres-empresariales-en-sostenibilidad","status":"publish","type":"post","link":"https:\/\/diariodominicano.com\/?p=609638","title":{"rendered":"PNUD, PUCMM y Fundaci\u00f3n Popular capacitan a m\u00e1s de 80 l\u00edderes empresariales en sostenibilidad"},"content":{"rendered":"\n<p>Iniciativa busca fortalecer la contribuci\u00f3n del sector privado a los Objetivos de Desarrollo Sostenible (ODS)<\/p>\n\n\n\n<p>Santo Domingo, DN \u2013 El Programa de las Naciones Unidas para el Desarrollo (PNUD), la Pontificia Universidad Cat\u00f3lica Madre y Maestra (PUCMM), y la Fundaci\u00f3n Popular, a trav\u00e9s de su C\u00e1tedra de Sostenibilidad \u201cAlejandro E. Grull\u00f3n E.\u201d, capacitaron a 88 representantes del sector empresarial dominicano en los talleres sobre \u201cGesti\u00f3n y Medici\u00f3n de Impacto para la Sostenibilidad\u201d.<\/p>\n\n\n\n<p>La iniciativa, realizada con el apoyo de la Agencia Espa\u00f1ola de Cooperaci\u00f3n Internacional para el Desarrollo (AECID) y la Agencia Noruega de Cooperaci\u00f3n para el Desarrollo, tuvo como prop\u00f3sito fortalecer la capacidad de las organizaciones para integrar criterios de sostenibilidad en la toma de decisiones, aumentando su contribuci\u00f3n al desarrollo sostenible del pa\u00eds mediante acciones que generen un impacto positivo en las personas y el planeta.<\/p>\n\n\n\n<figure class=\"wp-block-image\"><img decoding=\"async\" src=\"https:\/\/diariodominicano.com\/wp-content\/uploads\/2025\/04\/PNUD-PUCMM-y-Fundacion-Popular-capacitan-mas-de-80-lideres-empresariales-en-sostenibilidad-1024x415.jpg\" alt=\"\"\/><\/figure>\n\n\n\n<p>Estos talleres se enmarcan en los esfuerzos del Ministerio de Econom\u00eda, Planificaci\u00f3n y Desarrollo (MEPyD) para dise\u00f1ar un marco de financiamiento nacional integrado (INFF), que permita a la Rep\u00fablica Dominicana alinear sus fuentes de financiaci\u00f3n p\u00fablica y privada con las prioridades de desarrollo sostenible.<\/p>\n\n\n\n<p>La capacitaci\u00f3n estuvo a cargo de Belissa Rojas y Diego Pereira, expertos internacionales en impacto y finanzas sostenibles, con el apoyo local de los especialistas del PNUD, Melisa Bret\u00f3n y V\u00edctor Rodr\u00edguez.<\/p>\n\n\n\n<p>El enfoque ense\u00f1ado permitir\u00e1 a las empresas evaluar y gestionar los efectos de sus actividades, optimizar recursos, mejorar decisiones, promover la innovaci\u00f3n y elaborar informes m\u00e1s precisos, alineando sus operaciones con los Objetivos de Desarrollo Sostenible (ODS).<\/p>\n\n\n\n<p>Fortaleciendo capacidades para el impacto sostenible<\/p>\n\n\n\n<p>Al respecto, Angye Rinc\u00f3n, directora de la C\u00e1tedra de Sostenibilidad \u201cAlejandro E. Grull\u00f3n E.\u201d, afirm\u00f3 que \u201cesta capacitaci\u00f3n de la mano de expertos del PNUD en alianza con otras entidades y gremios empresariales busca transitar de las afirmaciones a la medici\u00f3n efectiva del impacto promoviendo una cultura de transparencia y rendici\u00f3n de cuentas en todos los sectores\u201d.<\/p>\n\n\n\n<p>Sanja Bojanic, representante residente adjunta del PNUD, se\u00f1al\u00f3 que en la Rep\u00fablica Dominicana, cada vez m\u00e1s empresas se han comprometido con esta misi\u00f3n, realizando acciones clave para mitigar riesgos y transformar sus modelos de negocio. Sin embargo, existen importantes retos para maximizar estas contribuciones, sobre todo entre las micro, peque\u00f1as y medianas empresas, quienes impactan en un 32% el PIB nacional.<\/p>\n\n\n\n<p>En tanto, Dabeida Agramonte, gerente de la Divisi\u00f3n de Proyectos de la Fundaci\u00f3n Popular resalt\u00f3 que \u201cnos encontramos en un punto de transformaci\u00f3n de las pr\u00e1cticas empresariales y la inversi\u00f3n, las decisiones financieras ya no tienen que separarse del impacto social y ambiental, medir y gesti\u00f3n el impacto es hoy un pilar fundamental para la sostenibilidad y la competitividad\u201d.<\/p>\n\n\n\n<p>julia.ramirez@undp.org<\/p>\n\n\n\n<p><\/p>\n\n\n\n<p><\/p>\n","protected":false},"excerpt":{"rendered":"<p>Iniciativa busca fortalecer la contribuci\u00f3n del sector privado a los Objetivos de Desarrollo Sostenible (ODS) Santo Domingo, DN \u2013 El Programa de las Naciones Unidas para el Desarrollo (PNUD), la Pontificia Universidad Cat\u00f3lica Madre y Maestra (PUCMM), y la Fundaci\u00f3n Popular, a trav\u00e9s de su C\u00e1tedra de Sostenibilidad \u201cAlejandro E. Grull\u00f3n E.\u201d, capacitaron a 88 [&hellip;]<\/p>\n","protected":false},"author":7,"featured_media":609644,"comment_status":"closed","ping_status":"closed","sticky":false,"template":"","format":"standard","meta":{"footnotes":""},"categories":[18],"tags":[223,2244,830],"class_list":["post-609638","post","type-post","status-publish","format-standard","has-post-thumbnail","hentry","category-economia","tag-fundacion-popular","tag-pnud","tag-pucmm"],"_links":{"self":[{"href":"https:\/\/diariodominicano.com\/index.php?rest_route=\/wp\/v2\/posts\/609638","targetHints":{"allow":["GET"]}}],"collection":[{"href":"https:\/\/diariodominicano.com\/index.php?rest_route=\/wp\/v2\/posts"}],"about":[{"href":"https:\/\/diariodominicano.com\/index.php?rest_route=\/wp\/v2\/types\/post"}],"author":[{"embeddable":true,"href":"https:\/\/diariodominicano.com\/index.php?rest_route=\/wp\/v2\/users\/7"}],"replies":[{"embeddable":true,"href":"https:\/\/diariodominicano.com\/index.php?rest_route=%2Fwp%2Fv2%2Fcomments&post=609638"}],"version-history":[{"count":1,"href":"https:\/\/diariodominicano.com\/index.php?rest_route=\/wp\/v2\/posts\/609638\/revisions"}],"predecessor-version":[{"id":609646,"href":"https:\/\/diariodominicano.com\/index.php?rest_route=\/wp\/v2\/posts\/609638\/revisions\/609646"}],"wp:featuredmedia":[{"embeddable":true,"href":"https:\/\/diariodominicano.com\/index.php?rest_route=\/wp\/v2\/media\/609644"}],"wp:attachment":[{"href":"https:\/\/diariodominicano.com\/index.php?rest_route=%2Fwp%2Fv2%2Fmedia&parent=609638"}],"wp:term":[{"taxonomy":"category","embeddable":true,"href":"https:\/\/diariodominicano.com\/index.php?rest_route=%2Fwp%2Fv2%2Fcategories&post=609638"},{"taxonomy":"post_tag","embeddable":true,"href":"https:\/\/diariodominicano.com\/index.php?rest_route=%2Fwp%2Fv2%2Ftags&post=609638"}],"curies":[{"name":"wp","href":"https:\/\/api.w.org\/{rel}","templated":true}]}}