{"id":609572,"date":"2025-04-14T09:11:23","date_gmt":"2025-04-14T13:11:23","guid":{"rendered":"https:\/\/diariodominicano.com\/?p=609572"},"modified":"2025-04-14T09:14:11","modified_gmt":"2025-04-14T13:14:11","slug":"xi-asiste-a-ceremonia-de-bienvenida-ofrecida-por-to-lam-de-vietnam","status":"publish","type":"post","link":"https:\/\/diariodominicano.com\/?p=609572","title":{"rendered":"Xi asiste a ceremonia de bienvenida ofrecida por To Lam de Vietnam"},"content":{"rendered":"\n<p><em>spanish.news.cn<\/em>|<em>&nbsp;2025-04-14 17:09:45<\/em>|<\/p>\n\n\n\n<p>(Xinhua\/Yan Yan)<\/p>\n\n\n\n<p>HANOI, 14 abr (Xinhua) &#8212; Xi Jinping, secretario general del Comit\u00e9 Central del Partido Comunista de China y presidente de China, asisti\u00f3 el lunes a una ceremonia de bienvenida ofrecida por To Lam, secretario general del Comit\u00e9 Central del Partido Comunista de Vietnam.<\/p>\n\n\n\n<p>Xi lleg\u00f3 con anterioridad el mismo d\u00eda para realizar una visita de Estado al pa\u00eds vecino.<\/p>\n\n\n\n<figure class=\"wp-block-image\"><img decoding=\"async\" src=\"https:\/\/spanish.xinhuanet.com\/20250414\/a78e3a72023649b88fb6f7035c169b3f\/UXTV7djlBzjvcj43.jpeg\" alt=\"\"\/><\/figure>\n\n\n\n<p>(Xinhua\/Yang Yijun)<\/p>\n\n\n\n<figure class=\"wp-block-image\"><img decoding=\"async\" src=\"https:\/\/spanish.xinhuanet.com\/20250414\/a78e3a72023649b88fb6f7035c169b3f\/PUTBDntw7HFRJBGj.jpeg\" alt=\"\"\/><\/figure>\n\n\n\n<p>(Xinhua\/Yin Bogu)<\/p>\n\n\n\n<figure class=\"wp-block-image\"><img decoding=\"async\" src=\"https:\/\/spanish.xinhuanet.com\/20250414\/a78e3a72023649b88fb6f7035c169b3f\/DyltrcQqDxWqCseX.jpeg\" alt=\"\"\/><\/figure>\n\n\n\n<p>(Xinhua\/Yan Yan)<\/p>\n\n\n\n<figure class=\"wp-block-image\"><img decoding=\"async\" src=\"https:\/\/spanish.xinhuanet.com\/20250414\/a78e3a72023649b88fb6f7035c169b3f\/4TrfkFY1iq6VgcWu.jpeg\" alt=\"\"\/><\/figure>\n\n\n\n<p>(Xinhua\/Yin Bogu)<\/p>\n\n\n\n<figure class=\"wp-block-image\"><img decoding=\"async\" src=\"https:\/\/spanish.xinhuanet.com\/20250414\/a78e3a72023649b88fb6f7035c169b3f\/d1tflrA4iOnvAEYh.jpeg\" alt=\"\"\/><\/figure>\n\n\n\n<p>(Xinhua\/Zheng Kaijun)<\/p>\n\n\n\n<p><a href=\"https:\/\/www.facebook.com\/sharer\/sharer.php?u=https:\/\/spanish.xinhuanet.com\/20250414\/a78e3a72023649b88fb6f7035c169b3f\/c.html\" target=\"_blank\" rel=\"noreferrer noopener\"><\/a>&nbsp;<a href=\"https:\/\/twitter.com\/intent\/tweet?text=%0A%20%20%20%20%20%20%20%20%20%20%20%20%20%20%20%20%20%20%20%20Xi%20asiste%20a%20ceremonia%20de%20bienvenida%20ofrecida%20por%20To%20Lam%20de%20Vietnam%0A%20%20%20%20%20%20%20%20%20%20%20%20%20%20%20%20&amp;url=https:\/\/spanish.xinhuanet.com\/20250414\/a78e3a72023649b88fb6f7035c169b3f\/c.html\" target=\"_blank\" rel=\"noreferrer noopener\"><\/a>&nbsp;<a target=\"_blank\" href=\"https:\/\/service.weibo.com\/share\/share.php?title=%0A%20%20%20%20%20%20%20%20%20%20%20%20%20%20%20%20%20%20%20%20Xi%20asiste%20a%20ceremonia%20de%20bienvenida%20ofrecida%20por%20To%20Lam%20de%20Vietnam%0A%20%20%20%20%20%20%20%20%20%20%20%20%20%20%20%20&amp;url=https:\/\/spanish.xinhuanet.com\/20250414\/a78e3a72023649b88fb6f7035c169b3f\/c.html\" rel=\"noreferrer noopener\"><\/a>&nbsp;<a><\/a><\/p>\n\n\n\n<figure class=\"wp-block-image\"><img decoding=\"async\" src=\"https:\/\/imgs.news.cn\/res\/xhwimg\/spanish\/20170522\/img\/jc-xfa.png\" alt=\"\"\/><\/figure>\n","protected":false},"excerpt":{"rendered":"<p>spanish.news.cn|&nbsp;2025-04-14 17:09:45| (Xinhua\/Yan Yan) HANOI, 14 abr (Xinhua) &#8212; Xi Jinping, secretario general del Comit\u00e9 Central del Partido Comunista de China y presidente de China, asisti\u00f3 el lunes a una ceremonia de bienvenida ofrecida por To Lam, secretario general del Comit\u00e9 Central del Partido Comunista de Vietnam. Xi lleg\u00f3 con anterioridad el mismo d\u00eda para [&hellip;]<\/p>\n","protected":false},"author":28,"featured_media":609573,"comment_status":"closed","ping_status":"closed","sticky":false,"template":"","format":"standard","meta":{"footnotes":""},"categories":[36,26,23,27],"tags":[],"class_list":["post-609572","post","type-post","status-publish","format-standard","has-post-thumbnail","hentry","category-hombresmujeresycosas","category-efemerides","category-internacional","category-portada"],"_links":{"self":[{"href":"https:\/\/diariodominicano.com\/index.php?rest_route=\/wp\/v2\/posts\/609572","targetHints":{"allow":["GET"]}}],"collection":[{"href":"https:\/\/diariodominicano.com\/index.php?rest_route=\/wp\/v2\/posts"}],"about":[{"href":"https:\/\/diariodominicano.com\/index.php?rest_route=\/wp\/v2\/types\/post"}],"author":[{"embeddable":true,"href":"https:\/\/diariodominicano.com\/index.php?rest_route=\/wp\/v2\/users\/28"}],"replies":[{"embeddable":true,"href":"https:\/\/diariodominicano.com\/index.php?rest_route=%2Fwp%2Fv2%2Fcomments&post=609572"}],"version-history":[{"count":2,"href":"https:\/\/diariodominicano.com\/index.php?rest_route=\/wp\/v2\/posts\/609572\/revisions"}],"predecessor-version":[{"id":609576,"href":"https:\/\/diariodominicano.com\/index.php?rest_route=\/wp\/v2\/posts\/609572\/revisions\/609576"}],"wp:featuredmedia":[{"embeddable":true,"href":"https:\/\/diariodominicano.com\/index.php?rest_route=\/wp\/v2\/media\/609573"}],"wp:attachment":[{"href":"https:\/\/diariodominicano.com\/index.php?rest_route=%2Fwp%2Fv2%2Fmedia&parent=609572"}],"wp:term":[{"taxonomy":"category","embeddable":true,"href":"https:\/\/diariodominicano.com\/index.php?rest_route=%2Fwp%2Fv2%2Fcategories&post=609572"},{"taxonomy":"post_tag","embeddable":true,"href":"https:\/\/diariodominicano.com\/index.php?rest_route=%2Fwp%2Fv2%2Ftags&post=609572"}],"curies":[{"name":"wp","href":"https:\/\/api.w.org\/{rel}","templated":true}]}}