{"id":609508,"date":"2025-04-14T00:15:49","date_gmt":"2025-04-14T04:15:49","guid":{"rendered":"https:\/\/diariodominicano.com\/?p=609508"},"modified":"2025-04-14T00:15:54","modified_gmt":"2025-04-14T04:15:54","slug":"cuba-recuerda-a-victima-del-terrorismo-de-estado","status":"publish","type":"post","link":"https:\/\/diariodominicano.com\/?p=609508","title":{"rendered":"Cuba recuerda a v\u00edctima del terrorismo de Estado"},"content":{"rendered":"\n<p>La Habana, 13 abr (Prensa Latina) Los cubanos recuerdan hoy el sabotaje a la tienda el Encanto que provoc\u00f3 la muerte de Fe del Valle, v\u00edctima del terrorismo de Estado contra el pa\u00eds caribe\u00f1o.<\/p>\n\n\n\n<ul class=\"wp-block-list\">\n<li><a href=\"https:\/\/www.prensa-latina.cu\/2025\/04\/13\/\"><time>abril 13, 2025 | 12:08<\/time><\/a><\/li>\n<\/ul>\n\n\n\n<ul class=\"wp-block-list\">\n<li><a href=\"https:\/\/www.prensa-latina.cu\/2025\/04\/13\/cuba-recuerda-a-victima-del-terrorismo-de-estado\/#\"><\/a><\/li>\n\n\n\n<li><a href=\"https:\/\/www.prensa-latina.cu\/2025\/04\/13\/cuba-recuerda-a-victima-del-terrorismo-de-estado\/#\"><\/a><\/li>\n\n\n\n<li><a href=\"https:\/\/www.prensa-latina.cu\/2025\/04\/13\/cuba-recuerda-a-victima-del-terrorismo-de-estado\/#\"><\/a><\/li>\n\n\n\n<li><a href=\"https:\/\/www.prensa-latina.cu\/2025\/04\/13\/cuba-recuerda-a-victima-del-terrorismo-de-estado\/#\"><\/a><\/li>\n<\/ul>\n\n\n\n<p>En esta fecha en el a\u00f1o 1961, el Encanto, uno de los mayores comercios del pa\u00eds y de los primeros en ser nacionalizados por el gobierno revolucionario ardi\u00f3 hasta consumirse llev\u00e1ndose adem\u00e1s la vida de una de sus trabajadoras, como consecuencia de un atentado perpetrado con el auspicio de la Agencia Central de Inteligencia (CIA, por sus siglas en ingl\u00e9s).<\/p>\n\n\n\n<p>Fe del Valle, conocida por su apoyo a la causa de la triunfante Revoluci\u00f3n, muri\u00f3 en el siniestro mientras trataba de rescatar la recaudaci\u00f3n de una delegaci\u00f3n de la Federaci\u00f3n de Mujeres Cubanas que all\u00ed se guardaba.<\/p>\n\n\n\n<p>A prop\u00f3sito de la fecha, el secretario de Organizaci\u00f3n del Partido Comunista de Cuba, Roberto Morales, resalt\u00f3 en la plataforma X que las mujeres cubanas se inspiran en el ejemplo de Fe del Valle, \u201cv\u00edctima de un atroz acto terrorista en v\u00edsperas de la invasi\u00f3n mercenaria por Gir\u00f3n\u201d.<\/p>\n\n\n\n<p>El autor del atentado al Encanto formaba parte del grupo terrorista Movimiento de Recuperaci\u00f3n del Pueblo, con probados v\u00ednculos con la estaci\u00f3n en Miami de los servicios secretos estadounidenses.<\/p>\n\n\n\n<p>A la espera de sus c\u00f3mplices qued\u00f3 en una playa, donde fue apresado por los milicianos, a quienes confesar\u00eda su implicaci\u00f3n en los hechos.<\/p>\n\n\n\n<p>Fuentes cubanas precisan que entre octubre de 1960 y abril de 1961 la CIA introdujo en Cuba 75 toneladas de explosivos y 45 de armas, realiz\u00f3 110 atentados dinamiteros, hizo estallar 200 bombas, descarril\u00f3 seis trenes e incendi\u00f3 m\u00e1s de un centenar de f\u00e1bricas y ca\u00f1averales.<\/p>\n\n\n\n<p>El prop\u00f3sito de estas acciones era sembrar el p\u00e1nico y el caos en las ciudades cubanas y preparar las condiciones para una invasi\u00f3n que se producir\u00eda por Playa Gir\u00f3n, en la occidental provincia de Matanzas, unos d\u00edas despu\u00e9s y ser\u00eda derrotada en menos de 72 horas.<\/p>\n\n\n\n<p>mem\/mks<\/p>\n\n\n\n<ul class=\"wp-block-list\">\n<li>#<a href=\"https:\/\/www.prensa-latina.cu\/etiqueta\/cuba\/\">cuba<\/a>\u00a0#<a href=\"https:\/\/www.prensa-latina.cu\/etiqueta\/el-encanto\/\">El Encanto<\/a>\u00a0#<a href=\"https:\/\/www.prensa-latina.cu\/etiqueta\/terrorismo-de-estado\/\">terrorismo de Estado<\/a><\/li>\n<\/ul>\n","protected":false},"excerpt":{"rendered":"<p>La Habana, 13 abr (Prensa Latina) Los cubanos recuerdan hoy el sabotaje a la tienda el Encanto que provoc\u00f3 la muerte de Fe del Valle, v\u00edctima del terrorismo de Estado contra el pa\u00eds caribe\u00f1o. En esta fecha en el a\u00f1o 1961, el Encanto, uno de los mayores comercios del pa\u00eds y de los primeros en [&hellip;]<\/p>\n","protected":false},"author":28,"featured_media":609509,"comment_status":"closed","ping_status":"closed","sticky":false,"template":"","format":"standard","meta":{"footnotes":""},"categories":[26,23],"tags":[],"class_list":["post-609508","post","type-post","status-publish","format-standard","has-post-thumbnail","hentry","category-efemerides","category-internacional"],"_links":{"self":[{"href":"https:\/\/diariodominicano.com\/index.php?rest_route=\/wp\/v2\/posts\/609508","targetHints":{"allow":["GET"]}}],"collection":[{"href":"https:\/\/diariodominicano.com\/index.php?rest_route=\/wp\/v2\/posts"}],"about":[{"href":"https:\/\/diariodominicano.com\/index.php?rest_route=\/wp\/v2\/types\/post"}],"author":[{"embeddable":true,"href":"https:\/\/diariodominicano.com\/index.php?rest_route=\/wp\/v2\/users\/28"}],"replies":[{"embeddable":true,"href":"https:\/\/diariodominicano.com\/index.php?rest_route=%2Fwp%2Fv2%2Fcomments&post=609508"}],"version-history":[{"count":1,"href":"https:\/\/diariodominicano.com\/index.php?rest_route=\/wp\/v2\/posts\/609508\/revisions"}],"predecessor-version":[{"id":609510,"href":"https:\/\/diariodominicano.com\/index.php?rest_route=\/wp\/v2\/posts\/609508\/revisions\/609510"}],"wp:featuredmedia":[{"embeddable":true,"href":"https:\/\/diariodominicano.com\/index.php?rest_route=\/wp\/v2\/media\/609509"}],"wp:attachment":[{"href":"https:\/\/diariodominicano.com\/index.php?rest_route=%2Fwp%2Fv2%2Fmedia&parent=609508"}],"wp:term":[{"taxonomy":"category","embeddable":true,"href":"https:\/\/diariodominicano.com\/index.php?rest_route=%2Fwp%2Fv2%2Fcategories&post=609508"},{"taxonomy":"post_tag","embeddable":true,"href":"https:\/\/diariodominicano.com\/index.php?rest_route=%2Fwp%2Fv2%2Ftags&post=609508"}],"curies":[{"name":"wp","href":"https:\/\/api.w.org\/{rel}","templated":true}]}}