{"id":609481,"date":"2025-04-13T23:42:24","date_gmt":"2025-04-14T03:42:24","guid":{"rendered":"https:\/\/diariodominicano.com\/?p=609481"},"modified":"2025-04-13T23:43:45","modified_gmt":"2025-04-14T03:43:45","slug":"daniel-noboa-reelecto-presidente-de-ecuador","status":"publish","type":"post","link":"https:\/\/diariodominicano.com\/?p=609481","title":{"rendered":"Daniel Noboa, reelecto presidente de Ecuador"},"content":{"rendered":"\n<p>Quito, 13 abr (Prensa Latina) El presidente de Ecuador, Daniel Noboa, fue proclamado hoy ganador de la segunda vuelta electoral frente a la candidata de la Revoluci\u00f3n Ciudadana, Luisa Gonz\u00e1lez, quien anunci\u00f3 que pedir\u00e1 un recuento de los votos.<\/p>\n\n\n\n<ul class=\"wp-block-list\">\n<li><a href=\"https:\/\/www.prensa-latina.cu\/2025\/04\/13\/\"><time>abril 13, 2025 | 21:54<\/time><\/a><\/li>\n<\/ul>\n\n\n\n<ul class=\"wp-block-list\">\n<li><a href=\"https:\/\/www.prensa-latina.cu\/2025\/04\/13\/daniel-noboa-reelecto-presidente-de-ecuador\/#\"><\/a><\/li>\n\n\n\n<li><a href=\"https:\/\/www.prensa-latina.cu\/2025\/04\/13\/daniel-noboa-reelecto-presidente-de-ecuador\/#\"><\/a><\/li>\n\n\n\n<li><a href=\"https:\/\/www.prensa-latina.cu\/2025\/04\/13\/daniel-noboa-reelecto-presidente-de-ecuador\/#\"><\/a><\/li>\n\n\n\n<li><a href=\"https:\/\/www.prensa-latina.cu\/2025\/04\/13\/daniel-noboa-reelecto-presidente-de-ecuador\/#\"><\/a><\/li>\n<\/ul>\n\n\n\n<p>La presidenta del Consejo Nacional Electoral (CNE), Diana Atamaint, se\u00f1al\u00f3 que una vez procesado m\u00e1s del 90 por ciento de actas se marca una tendencia irreversible y el binomio ganador es el de Acci\u00f3n Democr\u00e1tica Nacional(ADN), conformado por Noboa y Mar\u00eda Jos\u00e9 Pinto, como vicepresidenta.<\/p>\n\n\n\n<p>Desde la comuna Ol\u00f3n, provincia de Santa Elena, el mandatario se pronunci\u00f3 y calific\u00f3 esta como una victoria hist\u00f3rica, con m\u00e1s de 10 puntos de diferencia sobre su rival.<\/p>\n\n\n\n<p>Agradeci\u00f3 a quienes formaron parte de la campa\u00f1a contra un gobernante \u201cque buscaba el progreso, la justicia y la libertad para los ecuatorianos\u201d.<\/p>\n\n\n\n<p>Tambi\u00e9n agradeci\u00f3 a su esposa y a su madre por el apoyo, y a las bases de ADN, de gente joven que salieron a votar con \u201ccompromiso y patriotismo\u201d.<\/p>\n\n\n\n<p>\u201cEcuador est\u00e1 cambiando y escogi\u00f3 un camino diferente y escogi\u00f3 que las futuras generaciones tengan una vida m\u00e1s digna y justa\u201d, afirm\u00f3 el jefe de Estado reelecto. Se\u00f1al\u00f3 que ese \u201cno ser\u00e1 un camino f\u00e1cil\u201d.<\/p>\n\n\n\n<p>Con m\u00e1s del 90 por ciento de las actas escrutadas, el mandatario tiene el 55,92 por ciento de los votos v\u00e1lidos y venci\u00f3 a Luisa Gonz\u00e1lez, de la Revoluci\u00f3n Ciudadana, que tiene hasta el momento 44,08 por ciento.<\/p>\n\n\n\n<p>Gonz\u00e1lez ya se pronunci\u00f3 y afirm\u00f3 que desconoce los resultados, por lo cual pedir\u00e1 abrir las urnas para un recuento.<\/p>\n\n\n\n<p>Hemos presenciado el abuso del poder, porque Noboa nunca pidi\u00f3 licencia del cargo, atropell\u00f3 a la democracia y luego un nuevo estado de excepci\u00f3n para garantizar \u201cel m\u00e1s grotesco fraude electoral\u201d que estamos presenciando los ecuatorianos, asever\u00f3 la candidata.<\/p>\n\n\n\n<p>Las elecciones de este domingo tuvieron lugar en un escenario polarizado y en medio de las preocupaciones por decisiones como un nuevo decreto de estado de excepci\u00f3n.<\/p>\n\n\n\n<p>La participaci\u00f3n en los sufragios de este domingo fue del 83,76 por ciento, seg\u00fan el CNE.<\/p>\n\n\n\n<p>npg\/avr<\/p>\n\n\n\n<ul class=\"wp-block-list\">\n<li>#<a href=\"https:\/\/www.prensa-latina.cu\/etiqueta\/ecuador\/\">Ecuador<\/a><\/li>\n<\/ul>\n","protected":false},"excerpt":{"rendered":"<p>Quito, 13 abr (Prensa Latina) El presidente de Ecuador, Daniel Noboa, fue proclamado hoy ganador de la segunda vuelta electoral frente a la candidata de la Revoluci\u00f3n Ciudadana, Luisa Gonz\u00e1lez, quien anunci\u00f3 que pedir\u00e1 un recuento de los votos. La presidenta del Consejo Nacional Electoral (CNE), Diana Atamaint, se\u00f1al\u00f3 que una vez procesado m\u00e1s del [&hellip;]<\/p>\n","protected":false},"author":28,"featured_media":609482,"comment_status":"closed","ping_status":"closed","sticky":false,"template":"","format":"standard","meta":{"footnotes":""},"categories":[26,23,27],"tags":[],"class_list":["post-609481","post","type-post","status-publish","format-standard","has-post-thumbnail","hentry","category-efemerides","category-internacional","category-portada"],"_links":{"self":[{"href":"https:\/\/diariodominicano.com\/index.php?rest_route=\/wp\/v2\/posts\/609481","targetHints":{"allow":["GET"]}}],"collection":[{"href":"https:\/\/diariodominicano.com\/index.php?rest_route=\/wp\/v2\/posts"}],"about":[{"href":"https:\/\/diariodominicano.com\/index.php?rest_route=\/wp\/v2\/types\/post"}],"author":[{"embeddable":true,"href":"https:\/\/diariodominicano.com\/index.php?rest_route=\/wp\/v2\/users\/28"}],"replies":[{"embeddable":true,"href":"https:\/\/diariodominicano.com\/index.php?rest_route=%2Fwp%2Fv2%2Fcomments&post=609481"}],"version-history":[{"count":1,"href":"https:\/\/diariodominicano.com\/index.php?rest_route=\/wp\/v2\/posts\/609481\/revisions"}],"predecessor-version":[{"id":609483,"href":"https:\/\/diariodominicano.com\/index.php?rest_route=\/wp\/v2\/posts\/609481\/revisions\/609483"}],"wp:featuredmedia":[{"embeddable":true,"href":"https:\/\/diariodominicano.com\/index.php?rest_route=\/wp\/v2\/media\/609482"}],"wp:attachment":[{"href":"https:\/\/diariodominicano.com\/index.php?rest_route=%2Fwp%2Fv2%2Fmedia&parent=609481"}],"wp:term":[{"taxonomy":"category","embeddable":true,"href":"https:\/\/diariodominicano.com\/index.php?rest_route=%2Fwp%2Fv2%2Fcategories&post=609481"},{"taxonomy":"post_tag","embeddable":true,"href":"https:\/\/diariodominicano.com\/index.php?rest_route=%2Fwp%2Fv2%2Ftags&post=609481"}],"curies":[{"name":"wp","href":"https:\/\/api.w.org\/{rel}","templated":true}]}}