{"id":609442,"date":"2025-04-13T21:58:38","date_gmt":"2025-04-14T01:58:38","guid":{"rendered":"https:\/\/diariodominicano.com\/?p=609442"},"modified":"2025-04-13T21:58:40","modified_gmt":"2025-04-14T01:58:40","slug":"afirman-pais-se-posiciona-como-referente-regional-en-formacion-dual","status":"publish","type":"post","link":"https:\/\/diariodominicano.com\/?p=609442","title":{"rendered":"Afirman pa\u00eds se posiciona como referente regional en Formaci\u00f3n Dual\u00a0"},"content":{"rendered":"\n<ul class=\"wp-block-list\">\n<li><em>INFOTEP resalta logros durante presidencia de la Alianza para la Formaci\u00f3n Dual en Am\u00e9rica Latina y el Caribe<\/em><\/li>\n<\/ul>\n\n\n\n<p>Santo Domingo. \u2013 El Instituto Nacional de Formaci\u00f3n T\u00e9cnico Profesional (INFOTEP) transfiri\u00f3 la presidencia Pro Tempore de la Alianza para la Formaci\u00f3n Dual de Am\u00e9rica Latina y el Caribe, tras liderar durante m\u00e1s de un a\u00f1o (febrero 2024-marzo 2025) iniciativas clave que fortalecieron este modelo formativo en la regi\u00f3n.&nbsp;<\/p>\n\n\n\n<p>Durante su gesti\u00f3n, el organismo impuls\u00f3 la articulaci\u00f3n de pol\u00edticas p\u00fablicas, la formaci\u00f3n de instructores y la creaci\u00f3n de est\u00e1ndares regionales para la formaci\u00f3n dual.<\/p>\n\n\n\n<figure class=\"wp-block-image\"><img decoding=\"async\" src=\"https:\/\/diariodominicano.com\/wp-content\/uploads\/2025\/04\/Rafael-Santos-Badia-y-Maira-Morla-1024x683.jpg\" alt=\"\"\/><\/figure>\n\n\n\n<p>El liderazgo del INFOTEP permiti\u00f3 consolidar avances significativos en la implementaci\u00f3n de este sistema que combina aprendizaje te\u00f3rico con pr\u00e1ctica laboral, sentando las bases para su expansi\u00f3n en Am\u00e9rica Latina y el Caribe.<\/p>\n\n\n\n<p>El director general de INFOTEP, Rafael Santos Bad\u00eda, destac\u00f3 que este per\u00edodo permiti\u00f3 posicionar al pa\u00eds como referente regional en formaci\u00f3n dual, gracias a una gesti\u00f3n activa y estrat\u00e9gica.&nbsp;<\/p>\n\n\n\n<p>Entre los principales logros de esta etapa se encuentran la organizaci\u00f3n de la Conferencia Internacional \u201cPerspectivas Innovadoras: Nuevos Enfoques para un Futuro de Calidad en la Formaci\u00f3n Dual\u201d.<\/p>\n\n\n\n<p>En el evento participaron 28representantes de nueve pa\u00edses, y la realizaci\u00f3n de tres webinars especializados en temas clave como la inteligencia artificial en la planificaci\u00f3n de tareas, evaluaci\u00f3n formativa digital, y portafolios de evidencias de aprendizaje pr\u00e1ctico.<\/p>\n\n\n\n<figure class=\"wp-block-image\"><img decoding=\"async\" src=\"https:\/\/diariodominicano.com\/wp-content\/uploads\/2025\/04\/Representantes-de-la-Alianza-1024x1024.jpg\" alt=\"\"\/><\/figure>\n\n\n\n<p>Asimismo, se celebr\u00f3 el Primer Encuentro Nacional de Monitores de la Formaci\u00f3n Dual, y se inici\u00f3 la elaboraci\u00f3n de un estudio regional sobre los programas duales y sus buenas pr\u00e1cticas.<\/p>\n\n\n\n<p>Santos Bad\u00eda expres\u00f3 su agradecimiento a la OIT\/Cinterfor por la confianza depositada en el INFOTEP y al Instituto BIBB de Alemania por su respaldo t\u00e9cnico, al tiempo que reiter\u00f3 el compromiso del pa\u00eds con el fortalecimiento del aprendizaje dual a trav\u00e9s de pol\u00edticas p\u00fablicas, curr\u00edculas pertinentes y estructuras institucionales modernas.<\/p>\n\n\n\n<p>Tras este a\u00f1o de fruct\u00edfera gesti\u00f3n, la presidencia Pro Tempore fue traspasada al Servicio Nacional de Aprendizaje Comercial (SENAC) de Brasil, durante un acto semi virtual que cont\u00f3 con el respaldo un\u00e1nime de los pa\u00edses miembros.&nbsp;<\/p>\n\n\n\n<p>\u201cPor aclamaci\u00f3n le damos la bienvenida a SENAC, que a partir del d\u00eda de hoy ocupar\u00e1 la presidencia de esta alianza. Gracias colegas por todo este apoyo\u201d, expres\u00f3 Gonzalo Gra\u00f1a, Oficial de Programa de OIT\/Cinterfor.<\/p>\n\n\n\n<p>La Alianza para la Formaci\u00f3n Dual de Am\u00e9rica Latina y el Caribe fue creada en 2021 con el prop\u00f3sito de integrar a las instituciones de formaci\u00f3n t\u00e9cnica y profesional de la regi\u00f3n para el intercambio de conocimientos y buenas pr\u00e1cticas, promoviendo una formaci\u00f3n dual de calidad que responda a las necesidades del mercado laboral.<\/p>\n\n\n\n<p>El traspaso de la presidencia cont\u00f3 con la participaci\u00f3n de Elena Montobbio, directora de OitCiterfor, Ilona Medrikar, Instituto BIBB de Alemania, Ana Beatriz de Almeida Waehntldt, directora de educaci\u00f3n profesional del SENAC de Brasil.<\/p>\n\n\n\n<p>Maira Morla, subdirectora general del INFOTEP y Rayza Pichardo, directora de competitividad empresarial, as\u00ed como representantes de los pa\u00edses miembros.&nbsp;<\/p>\n\n\n\n<p><strong>Sobre la Alianza<\/strong><\/p>\n\n\n\n<p>Esta Alianza, integrada por 17 pa\u00edses, tiene como objetivo principal mejorar la empleabilidad juvenil, aumentar la productividad empresarial y contribuir a la reducci\u00f3n de la pobreza en la regi\u00f3n.&nbsp;&nbsp;<\/p>\n\n\n\n<p>Prensa INFOTEP &lt;<a href=\"mailto:prensainfotep@infotep.gob.do\">prensainfotep@infotep.gob.do<\/a>&gt;&nbsp;<\/p>\n","protected":false},"excerpt":{"rendered":"<p>Santo Domingo. \u2013 El Instituto Nacional de Formaci\u00f3n T\u00e9cnico Profesional (INFOTEP) transfiri\u00f3 la presidencia Pro Tempore de la Alianza para la Formaci\u00f3n Dual de Am\u00e9rica Latina y el Caribe, tras liderar durante m\u00e1s de un a\u00f1o (febrero 2024-marzo 2025) iniciativas clave que fortalecieron este modelo formativo en la regi\u00f3n.&nbsp; Durante su gesti\u00f3n, el organismo impuls\u00f3 [&hellip;]<\/p>\n","protected":false},"author":7,"featured_media":609462,"comment_status":"closed","ping_status":"closed","sticky":false,"template":"","format":"standard","meta":{"footnotes":""},"categories":[36],"tags":[94],"class_list":["post-609442","post","type-post","status-publish","format-standard","has-post-thumbnail","hentry","category-hombresmujeresycosas","tag-infotep"],"_links":{"self":[{"href":"https:\/\/diariodominicano.com\/index.php?rest_route=\/wp\/v2\/posts\/609442","targetHints":{"allow":["GET"]}}],"collection":[{"href":"https:\/\/diariodominicano.com\/index.php?rest_route=\/wp\/v2\/posts"}],"about":[{"href":"https:\/\/diariodominicano.com\/index.php?rest_route=\/wp\/v2\/types\/post"}],"author":[{"embeddable":true,"href":"https:\/\/diariodominicano.com\/index.php?rest_route=\/wp\/v2\/users\/7"}],"replies":[{"embeddable":true,"href":"https:\/\/diariodominicano.com\/index.php?rest_route=%2Fwp%2Fv2%2Fcomments&post=609442"}],"version-history":[{"count":1,"href":"https:\/\/diariodominicano.com\/index.php?rest_route=\/wp\/v2\/posts\/609442\/revisions"}],"predecessor-version":[{"id":609466,"href":"https:\/\/diariodominicano.com\/index.php?rest_route=\/wp\/v2\/posts\/609442\/revisions\/609466"}],"wp:featuredmedia":[{"embeddable":true,"href":"https:\/\/diariodominicano.com\/index.php?rest_route=\/wp\/v2\/media\/609462"}],"wp:attachment":[{"href":"https:\/\/diariodominicano.com\/index.php?rest_route=%2Fwp%2Fv2%2Fmedia&parent=609442"}],"wp:term":[{"taxonomy":"category","embeddable":true,"href":"https:\/\/diariodominicano.com\/index.php?rest_route=%2Fwp%2Fv2%2Fcategories&post=609442"},{"taxonomy":"post_tag","embeddable":true,"href":"https:\/\/diariodominicano.com\/index.php?rest_route=%2Fwp%2Fv2%2Ftags&post=609442"}],"curies":[{"name":"wp","href":"https:\/\/api.w.org\/{rel}","templated":true}]}}