{"id":609355,"date":"2025-04-12T14:17:00","date_gmt":"2025-04-12T18:17:00","guid":{"rendered":"https:\/\/diariodominicano.com\/?p=609355"},"modified":"2025-04-12T14:17:12","modified_gmt":"2025-04-12T18:17:12","slug":"noboa-vs-gonzalez-ecuador-se-alista-para-el-balotaje","status":"publish","type":"post","link":"https:\/\/diariodominicano.com\/?p=609355","title":{"rendered":"Noboa vs. Gonz\u00e1lez, Ecuador se alista para el balotaje"},"content":{"rendered":"\n<p>Quito, 12 abr (Prensa Latina) Ecuador se alista hoy para la cita electoral de este domingo, cuando m\u00e1s de 13,7 millones de ciudadanos elegir\u00e1n presidente entre el actual mandatario aspirante a la reelecci\u00f3n, Daniel Noboa, y Luisa Gonz\u00e1lez, de la Revoluci\u00f3n Ciudadana.<\/p>\n\n\n\n<ul class=\"wp-block-list\">\n<li><a href=\"https:\/\/www.prensa-latina.cu\/2025\/04\/12\/\"><time>abril 12, 2025 | 10:42<\/time><\/a><\/li>\n<\/ul>\n\n\n\n<ul class=\"wp-block-list\">\n<li><a href=\"https:\/\/www.prensa-latina.cu\/2025\/04\/12\/noboa-vs-gonzalez-ecuador-se-alista-para-el-balotaje\/#\"><\/a><\/li>\n\n\n\n<li><a href=\"https:\/\/www.prensa-latina.cu\/2025\/04\/12\/noboa-vs-gonzalez-ecuador-se-alista-para-el-balotaje\/#\"><\/a><\/li>\n\n\n\n<li><a href=\"https:\/\/www.prensa-latina.cu\/2025\/04\/12\/noboa-vs-gonzalez-ecuador-se-alista-para-el-balotaje\/#\"><\/a><\/li>\n\n\n\n<li><a href=\"https:\/\/www.prensa-latina.cu\/2025\/04\/12\/noboa-vs-gonzalez-ecuador-se-alista-para-el-balotaje\/#\"><\/a><\/li>\n<\/ul>\n\n\n\n<p>Este s\u00e1bado el Consejo Nacional Electoral (CNE) completar\u00e1 la distribuci\u00f3n de las papeletas y el material electoral para que ma\u00f1ana los ecuatorianos decidan su futuro entre dos modelos de gobierno diferentes.<\/p>\n\n\n\n<p>Por un lado est\u00e1 la continuidad de Noboa, que propone una profundizaci\u00f3n del neoliberalismo, o el retorno del corre\u00edsmo y sus pol\u00edticas encaminadas a la justicia social de la mano de Gonz\u00e1lez.<\/p>\n\n\n\n<p>Encuestadoras y analistas vaticinan un balotaje muy re\u00f1ido que refleja una sociedad dividida entre el desgaste de un gobierno en crisis y los recuerdos de una d\u00e9cada de Revoluci\u00f3n Ciudadana, con sus logros y tambi\u00e9n cr\u00edticas.<\/p>\n\n\n\n<p>Como trasfondo del proceso electoral est\u00e1 la oleada de violencia, que ha dejado un saldo en lo que va de a\u00f1o m\u00e1s de mil 500 muertes violentas, y una delicada situaci\u00f3n econ\u00f3mica, donde predomina la inestabilidad del empleo informal, desigualdad social, poca inversi\u00f3n y desequilibrio de finanzas p\u00fablicas.<\/p>\n\n\n\n<p>Son m\u00faltiples las urgencias en esta naci\u00f3n andina y cada uno de los candidatos propone resolverlas de maneras distintas.<\/p>\n\n\n\n<p>Gonz\u00e1lez afirma que reforzar\u00e1 el papel del Estado, con inversi\u00f3n p\u00fablica para impulsar la econom\u00eda y el desarrollo de diversos sectores, mientras el candidato a la reelecci\u00f3n aplica una pol\u00edtica neoliberal.<\/p>\n\n\n\n<p>De hecho, ya Noboa negoci\u00f3 un acuerdo con el Fondo Monetario Internacional que conlleva al aumento del Impuesto al Valor Agregado (IVA) del 12 al 15 por ciento, acord\u00f3 en medio de cr\u00edticas un tratado con Canad\u00e1 para impulsar la miner\u00eda, e intent\u00f3 concesionar el campo petrolero Sacha, el yacimiento m\u00e1s productivo del pa\u00eds.<\/p>\n\n\n\n<p>En cuanto a la seguridad existen tambi\u00e9n divergencias, aunque ambos apuestan por una mano dura contra el crimen organizado.<\/p>\n\n\n\n<p>La tasa de homicidios pas\u00f3 de seis por cada 100 mil habitantes en 2018 a 47 en 2023, y el a\u00f1o pasado baj\u00f3 a 38, pero el inicio de 2025 ha sido el m\u00e1s sangriento desde que se tienen registros.<\/p>\n\n\n\n<p>Si bien el actual gobernante apuesta por la presencia militar extranjera, con una reforma constitucional para permitir la instalaci\u00f3n de bases for\u00e1neas, su contrincante insiste en fortalecer a la Polic\u00eda Nacional y las Fuerzas Armadas, aunque no descarta la cooperaci\u00f3n internacional.<\/p>\n\n\n\n<p>M\u00e1s all\u00e1 del resultado, quien sea electo para liderar Ecuador en el periodo 2025-2029 heredar\u00e1 una naci\u00f3n en emergencia tras a\u00f1os de gobiernos de derecha y entrega de soberan\u00eda a Estados Unidos, incluso con acuerdo militares firmados que le otorgan beneficios al personal del pa\u00eds norte\u00f1o.<\/p>\n\n\n\n<p>El proceso electoral de este 13 de abril se disputar\u00e1 voto a voto y tanto la Revoluci\u00f3n Ciudadana como el movimiento pol\u00edtico oficialista Acci\u00f3n Democr\u00e1tica Nacional (ADN) desplegar\u00e1n 92 mil delegados para realizar el control del sufragio y evitar irregularidades.<\/p>\n\n\n\n<p>arc\/avr<\/p>\n\n\n\n<ul class=\"wp-block-list\">\n<li>#<a href=\"https:\/\/www.prensa-latina.cu\/etiqueta\/ecuador\/\">Ecuador<\/a><\/li>\n<\/ul>\n","protected":false},"excerpt":{"rendered":"<p>Quito, 12 abr (Prensa Latina) Ecuador se alista hoy para la cita electoral de este domingo, cuando m\u00e1s de 13,7 millones de ciudadanos elegir\u00e1n presidente entre el actual mandatario aspirante a la reelecci\u00f3n, Daniel Noboa, y Luisa Gonz\u00e1lez, de la Revoluci\u00f3n Ciudadana. Este s\u00e1bado el Consejo Nacional Electoral (CNE) completar\u00e1 la distribuci\u00f3n de las papeletas [&hellip;]<\/p>\n","protected":false},"author":28,"featured_media":609356,"comment_status":"closed","ping_status":"closed","sticky":false,"template":"","format":"standard","meta":{"footnotes":""},"categories":[26,23,22,27],"tags":[],"class_list":["post-609355","post","type-post","status-publish","format-standard","has-post-thumbnail","hentry","category-efemerides","category-internacional","category-politica","category-portada"],"_links":{"self":[{"href":"https:\/\/diariodominicano.com\/index.php?rest_route=\/wp\/v2\/posts\/609355","targetHints":{"allow":["GET"]}}],"collection":[{"href":"https:\/\/diariodominicano.com\/index.php?rest_route=\/wp\/v2\/posts"}],"about":[{"href":"https:\/\/diariodominicano.com\/index.php?rest_route=\/wp\/v2\/types\/post"}],"author":[{"embeddable":true,"href":"https:\/\/diariodominicano.com\/index.php?rest_route=\/wp\/v2\/users\/28"}],"replies":[{"embeddable":true,"href":"https:\/\/diariodominicano.com\/index.php?rest_route=%2Fwp%2Fv2%2Fcomments&post=609355"}],"version-history":[{"count":1,"href":"https:\/\/diariodominicano.com\/index.php?rest_route=\/wp\/v2\/posts\/609355\/revisions"}],"predecessor-version":[{"id":609357,"href":"https:\/\/diariodominicano.com\/index.php?rest_route=\/wp\/v2\/posts\/609355\/revisions\/609357"}],"wp:featuredmedia":[{"embeddable":true,"href":"https:\/\/diariodominicano.com\/index.php?rest_route=\/wp\/v2\/media\/609356"}],"wp:attachment":[{"href":"https:\/\/diariodominicano.com\/index.php?rest_route=%2Fwp%2Fv2%2Fmedia&parent=609355"}],"wp:term":[{"taxonomy":"category","embeddable":true,"href":"https:\/\/diariodominicano.com\/index.php?rest_route=%2Fwp%2Fv2%2Fcategories&post=609355"},{"taxonomy":"post_tag","embeddable":true,"href":"https:\/\/diariodominicano.com\/index.php?rest_route=%2Fwp%2Fv2%2Ftags&post=609355"}],"curies":[{"name":"wp","href":"https:\/\/api.w.org\/{rel}","templated":true}]}}