{"id":609072,"date":"2025-04-11T00:27:30","date_gmt":"2025-04-11T04:27:30","guid":{"rendered":"https:\/\/diariodominicano.com\/?p=609072"},"modified":"2025-04-11T02:25:38","modified_gmt":"2025-04-11T06:25:38","slug":"fenomenos-de-la-naturaleza-social-y-migratorio","status":"publish","type":"post","link":"https:\/\/diariodominicano.com\/?p=609072","title":{"rendered":"Fen\u00f3menos de la naturaleza, social y migratorio"},"content":{"rendered":"\n<p>Por: Ram\u00f3n Antonio Veras <\/p>\n\n\n\n<p>1.- Es posible anunciar cu\u00e1ndo ocurrir\u00e1 un fen\u00f3meno de la naturaleza, no as\u00ed un fen\u00f3meno social. Anticipar la llegada de un cicl\u00f3n cae dentro de las posibilidades, pero no predecir los resultados de un movimiento huelgu\u00edstico.<\/p>\n\n\n\n<p>2.- Lo que est\u00e1 sometido a la voluntad del ser humano sucede dependiendo de factores o elementos accidentales, pero lo que est\u00e1 condicionado a leyes de la naturaleza acontece de manera inexorable.<\/p>\n\n\n\n<p>3.- Por m\u00e1s que se quiera impedir, despu\u00e9s de la ma\u00f1ana viene la tarde, pero no sabemos cu\u00e1ndo el pueblo dominicano se quitar\u00e1 de encima el sistema social que lo oprime. Nuestra liberaci\u00f3n tendr\u00e1 efecto, pero es un hecho imprevisto.<\/p>\n\n\n\n<p>4.- Corrupci\u00f3n, criminalidad, violencia, odio y otros vicios sociales desaparecen con la causa que los hace posibles. Son fen\u00f3menos propios del ordenamiento econ\u00f3mico predominante en nuestro pa\u00eds.<\/p>\n\n\n\n<p>5.- Por mucho que se hable de acabar con la corrupci\u00f3n, esta siempre estar\u00e1 ah\u00ed, inherente, formando parte de las manchas sist\u00e9micas.<\/p>\n\n\n\n<p>6.- El fen\u00f3meno migratorio haitiano presente en la Rep\u00fablica Dominicana es la consecuencia del desarrollo desigual entre nuestro pa\u00eds y Hait\u00ed. Su existencia est\u00e1 por encima de la minor\u00eda haitiana y la dominicana.<\/p>\n\n\n\n<p>7.- Aunque el gobierno dominicano construya un muro en toda la extensi\u00f3n de la frontera dominico-haitiana, el inmigrante nacional del vecino pa\u00eds buscar\u00e1 la forma de llegar aqu\u00ed a insertarse en el mercado laboral.<\/p>\n\n\n\n<p>8.- Los fen\u00f3menos sociales no se eliminan con leyes, decretos o medidas represivas, odiosas y desp\u00f3ticas. Siempre hay que buscar la causa, d\u00f3nde se origina.<\/p>\n\n\n\n<p>9.- Cada pa\u00eds receptor de inmigrantes puede tomar las medidas legales que hagan posible la estad\u00eda y la ejecuci\u00f3n de las labores por el asalariado extranjero.<\/p>\n\n\n\n<p>10.- En nuestro pa\u00eds hay precedentes de la regulaci\u00f3n del trabajo de los inmigrantes haitianos en el corte y tiro de la ca\u00f1a en los centrales azucareros del Consejo Estatal del Az\u00facar.<\/p>\n\n\n\n<p>11.- Actualmente, basta con que se pongan de acuerdo los gobiernos de aqu\u00ed y el de Hait\u00ed. El \u00faltimo convenio firmado entre ambos pa\u00edses fue en el a\u00f1o 1966. Algo semejante se puede hacer ahora.<\/p>\n\n\n\n<p>12.- Mientras tanto, el asunto del fen\u00f3meno migratorio seguir\u00e1 siendo un lucrativo negocio, del cual solo resulta lesionado el inmigrante haitiano.<\/p>\n\n\n\n<p>13.- En la operaci\u00f3n comercial de tr\u00e1fico de inmigrantes haitianos siempre han estado involucrados grupos de poder econ\u00f3mico, pol\u00edtico y militar, pero haciendo creer que el malo de la pel\u00edcula es el haitiano, pobre, negro y explotado.<\/p>\n\n\n\n<p>14.- Al pueblo dominicano lo han enga\u00f1ado con el fen\u00f3meno migratorio haitiano, haci\u00e9ndole creer que con medidas artificiales se le pondr\u00e1 fin a un negocio que mueve amplios recursos econ\u00f3micos.<\/p>\n\n\n\n<p>15.- La realidad de los hechos nos permite comprobar que con la presencia de los haitianos trabajando aqu\u00ed como inmigrantes se deprime el salario real del trabajador dominicano y en Hait\u00ed resulta beneficiada la minor\u00eda haitiana.<\/p>\n\n\n\n<p>16.- La presencia masiva de inmigrantes haitianos en la Rep\u00fablica Dominicana, sin ning\u00fan control, depende de los gobiernos que hemos padecido porque as\u00ed conviene a los due\u00f1os del poder.<\/p>\n\n\n\n<p>Santiago de Caballeros,<\/p>\n","protected":false},"excerpt":{"rendered":"<p>Por: Ram\u00f3n Antonio Veras 1.- Es posible anunciar cu\u00e1ndo ocurrir\u00e1 un fen\u00f3meno de la naturaleza, no as\u00ed un fen\u00f3meno social. Anticipar la llegada de un cicl\u00f3n cae dentro de las posibilidades, pero no predecir los resultados de un movimiento huelgu\u00edstico. 2.- Lo que est\u00e1 sometido a la voluntad del ser humano sucede dependiendo de factores [&hellip;]<\/p>\n","protected":false},"author":7,"featured_media":404710,"comment_status":"closed","ping_status":"closed","sticky":false,"template":"","format":"standard","meta":{"footnotes":""},"categories":[16],"tags":[426],"class_list":["post-609072","post","type-post","status-publish","format-standard","has-post-thumbnail","hentry","category-opiniones","tag-ramon-antonio-veras"],"_links":{"self":[{"href":"https:\/\/diariodominicano.com\/index.php?rest_route=\/wp\/v2\/posts\/609072","targetHints":{"allow":["GET"]}}],"collection":[{"href":"https:\/\/diariodominicano.com\/index.php?rest_route=\/wp\/v2\/posts"}],"about":[{"href":"https:\/\/diariodominicano.com\/index.php?rest_route=\/wp\/v2\/types\/post"}],"author":[{"embeddable":true,"href":"https:\/\/diariodominicano.com\/index.php?rest_route=\/wp\/v2\/users\/7"}],"replies":[{"embeddable":true,"href":"https:\/\/diariodominicano.com\/index.php?rest_route=%2Fwp%2Fv2%2Fcomments&post=609072"}],"version-history":[{"count":1,"href":"https:\/\/diariodominicano.com\/index.php?rest_route=\/wp\/v2\/posts\/609072\/revisions"}],"predecessor-version":[{"id":609085,"href":"https:\/\/diariodominicano.com\/index.php?rest_route=\/wp\/v2\/posts\/609072\/revisions\/609085"}],"wp:featuredmedia":[{"embeddable":true,"href":"https:\/\/diariodominicano.com\/index.php?rest_route=\/wp\/v2\/media\/404710"}],"wp:attachment":[{"href":"https:\/\/diariodominicano.com\/index.php?rest_route=%2Fwp%2Fv2%2Fmedia&parent=609072"}],"wp:term":[{"taxonomy":"category","embeddable":true,"href":"https:\/\/diariodominicano.com\/index.php?rest_route=%2Fwp%2Fv2%2Fcategories&post=609072"},{"taxonomy":"post_tag","embeddable":true,"href":"https:\/\/diariodominicano.com\/index.php?rest_route=%2Fwp%2Fv2%2Ftags&post=609072"}],"curies":[{"name":"wp","href":"https:\/\/api.w.org\/{rel}","templated":true}]}}