{"id":608774,"date":"2025-04-09T14:37:41","date_gmt":"2025-04-09T18:37:41","guid":{"rendered":"https:\/\/diariodominicano.com\/?p=608774"},"modified":"2025-04-10T00:47:10","modified_gmt":"2025-04-10T04:47:10","slug":"alberto-rodriguez-se-solidariza-con-figuras-del-beisbol-afectadas-por-tragedia-del-pasado-lunes","status":"publish","type":"post","link":"https:\/\/diariodominicano.com\/?p=608774","title":{"rendered":"El director del INEFI se solidariza con figuras del b\u00e9isbol afectadas por tragedia del pasado lunes"},"content":{"rendered":"\n<p>SANTO DOMINGO, Rep\u00fablica Dominicana.- El director ejecutivo del Instituto Nacional de Educaci\u00f3n F\u00edsica (INEFI), Alberto Rodr\u00edguez, expres\u00f3 este mi\u00e9rcoles su m\u00e1s sentida solidaridad con los familiares y allegados de las v\u00edctimas de la tragedia ocurrida el pasado lunes en la discoteca Jet Set, en la capital dominicana.<\/p>\n\n\n\n<p>Rodr\u00edguez lament\u00f3 profundamente el fallecimiento de varias figuras relacionadas al deporte y la m\u00fasica, entre ellas la se\u00f1ora Nelsy Cruz, gobernadora de la provincia Montecristi y hermana del pelotero dominicano Nelson Cruz.<\/p>\n\n\n\n<p>Asimismo, extendi\u00f3 sus condolencias a los familiares de los ex jugadores de b\u00e9isbol Octavio Dotel y Tony Blanco, as\u00ed como al ex pelotero Neifi P\u00e9rez, hermano del reconocido artista Rubby P\u00e9rez, quien tambi\u00e9n figura entre los fallecidos tras el suceso.<\/p>\n\n\n\n<p>\u201cNos unimos al dolor que embarga a estas familias, a las comunidades deportivas y art\u00edsticas, y a todo el pueblo dominicano. Desde el INEFI expresamos nuestra solidaridad y oramos por el descanso eterno de las v\u00edctimas\u201d, manifest\u00f3 Rodr\u00edguez. \u201cCon Nelsy, Nelson y la familia Cruz, nos une una amistad de a\u00f1os, no tenemos palabras para expresar este dolor\u201d.<\/p>\n\n\n\n<p>La tragedia ha conmovido a toda la sociedad dominicana, dejando una profunda huella en la naci\u00f3n.<\/p>\n\n\n\n<p>PRENSA INEFI &lt;prensainefi@gmail.com>\u00a0<\/p>\n\n\n\n<p>#INEFI\u2003\u2003\u2003\u2003\u2003 #Alberto Rodr\u00edguez<\/p>\n","protected":false},"excerpt":{"rendered":"<p>SANTO DOMINGO, Rep\u00fablica Dominicana.- El director ejecutivo del Instituto Nacional de Educaci\u00f3n F\u00edsica (INEFI), Alberto Rodr\u00edguez, expres\u00f3 este mi\u00e9rcoles su m\u00e1s sentida solidaridad con los familiares y allegados de las v\u00edctimas de la tragedia ocurrida el pasado lunes en la discoteca Jet Set, en la capital dominicana. Rodr\u00edguez lament\u00f3 profundamente el fallecimiento de varias figuras [&hellip;]<\/p>\n","protected":false},"author":7,"featured_media":608805,"comment_status":"closed","ping_status":"closed","sticky":false,"template":"","format":"standard","meta":{"footnotes":""},"categories":[20],"tags":[491],"class_list":["post-608774","post","type-post","status-publish","format-standard","has-post-thumbnail","hentry","category-dominicana-hoy","tag-inefi"],"_links":{"self":[{"href":"https:\/\/diariodominicano.com\/index.php?rest_route=\/wp\/v2\/posts\/608774","targetHints":{"allow":["GET"]}}],"collection":[{"href":"https:\/\/diariodominicano.com\/index.php?rest_route=\/wp\/v2\/posts"}],"about":[{"href":"https:\/\/diariodominicano.com\/index.php?rest_route=\/wp\/v2\/types\/post"}],"author":[{"embeddable":true,"href":"https:\/\/diariodominicano.com\/index.php?rest_route=\/wp\/v2\/users\/7"}],"replies":[{"embeddable":true,"href":"https:\/\/diariodominicano.com\/index.php?rest_route=%2Fwp%2Fv2%2Fcomments&post=608774"}],"version-history":[{"count":4,"href":"https:\/\/diariodominicano.com\/index.php?rest_route=\/wp\/v2\/posts\/608774\/revisions"}],"predecessor-version":[{"id":608855,"href":"https:\/\/diariodominicano.com\/index.php?rest_route=\/wp\/v2\/posts\/608774\/revisions\/608855"}],"wp:featuredmedia":[{"embeddable":true,"href":"https:\/\/diariodominicano.com\/index.php?rest_route=\/wp\/v2\/media\/608805"}],"wp:attachment":[{"href":"https:\/\/diariodominicano.com\/index.php?rest_route=%2Fwp%2Fv2%2Fmedia&parent=608774"}],"wp:term":[{"taxonomy":"category","embeddable":true,"href":"https:\/\/diariodominicano.com\/index.php?rest_route=%2Fwp%2Fv2%2Fcategories&post=608774"},{"taxonomy":"post_tag","embeddable":true,"href":"https:\/\/diariodominicano.com\/index.php?rest_route=%2Fwp%2Fv2%2Ftags&post=608774"}],"curies":[{"name":"wp","href":"https:\/\/api.w.org\/{rel}","templated":true}]}}