{"id":608205,"date":"2025-04-07T13:35:54","date_gmt":"2025-04-07T17:35:54","guid":{"rendered":"https:\/\/diariodominicano.com\/?p=608205"},"modified":"2025-04-07T13:35:56","modified_gmt":"2025-04-07T17:35:56","slug":"el-largometraje-explora-la-experiencia-del-exilio-cubano-un-tema-mas-relevante-que-nunca-considerando-la-ola-migratoria-de-los-ultimos-anos","status":"publish","type":"post","link":"https:\/\/diariodominicano.com\/?p=608205","title":{"rendered":"El largometraje explora la experiencia del exilio cubano, un tema m\u00e1s relevante que nunca, considerando la ola migratoria de los \u00faltimos a\u00f1os"},"content":{"rendered":"\n<p>La pel\u00edcula \u201cAdi\u00f3s Cuba\u201d, del reconocido cineasta Rolando D\u00edaz, se estren\u00f3 mundialmente en la 42\u00b0 edici\u00f3n del Festival de Cine de Miami, con el apoyo de ArtesMiami y FlixLatino. La cinta tiene un elenco de grandes actores: Yuliet Cruz, Frank Moreno, Betiza Bismark y Grisell Monz\u00f3n.<\/p>\n\n\n\n<p>D\u00edaz, quien reside en Espa\u00f1a desde 1991, ha logrado con \u201cAdi\u00f3s Cuba\u201d un trabajo cinematogr\u00e1fico que transmite, con una gran carga emocional, la historia de quienes han tenido que dejar su pa\u00eds natal. A trav\u00e9s de sus personajes, Adi\u00f3s Cuba explora la experiencia del exilio cubano, un tema m\u00e1s relevante que nunca, considerando la ola migratoria de los \u00faltimos a\u00f1os, con Espa\u00f1a y Estados Unidos como receptores de esa di\u00e1spora.<\/p>\n\n\n\n<p>\u201cLa pel\u00edcula cuenta las historias de los que se fueron, de la lucha por mantener viva la identidad cubana en un contexto de desarraigo. Estoy muy satisfecho con el resultado, porque el esfuerzo y la entrega de todo el equipo fue monumental\u201d, coment\u00f3 el cineasta sobre el proceso de creaci\u00f3n de la pel\u00edcula.<\/p>\n\n\n\n<p>\u201cAdi\u00f3s Cuba\u201d narra la historia de Caridad, una teatrista cubana interpretada por Yuliet Cruz, que vive en Valencia, Espa\u00f1a. Caridad lucha por mantener viva su pasi\u00f3n por el teatro contra viento y marea y nunca desmaya, a pesar de dudas moment\u00e1neas, en su intento de montar una obra teatral en una nave industrial, un espacio que se convierte en una met\u00e1fora de la Cuba que ella lleva en el coraz\u00f3n. En este proceso, los actores y personajes recogen testimonios sobre el \u00e9xodo cubano, creando una pieza coral que, en palabras del propio director, busca \u201cvisibilizar el dolor de los cubanos en la di\u00e1spora\u201d.<\/p>\n\n\n\n<p>El proyecto, que se gest\u00f3 entre Espa\u00f1a, Estados Unidos y Cuba, fue posible gracias al esfuerzo de un equipo t\u00e9cnico excepcional. Entre los colaboradores m\u00e1s destacados se encuentran los productores Gerardo Carreras y Lesnay V\u00e1zquez, as\u00ed como los cineastas Fernando P\u00e9rez, Miguel Coyula y Jorge Soli\u00f1o, quienes aportaron sus vastas trayectorias en el cine cubano respetando siempre la mirada de D\u00edaz sobre una realidad devastadora.<\/p>\n\n\n\n<p>\u201cLa pel\u00edcula ha sido el resultado de la colaboraci\u00f3n de grandes amigos y colegas. Tener un equipo comprometido ha sido fundamental para llevar a cabo esta historia tan importante\u201d, enfatiz\u00f3 el director.<\/p>\n\n\n\n<p>El exilio es un tema central en la pel\u00edcula, y D\u00edaz destaca que el hecho de que \u00e9l mismo sea un exiliado le ha permitido conectar profundamente con los actores y los personajes.<\/p>\n\n\n\n<p>\u201cHab\u00eda una cosa muy a favor: todos somos inmigrantes de alguna manera. Eso ha establecido un nexo fuerte. No necesariamente tienes que haber venido en una balsa, o haber cruzado una frontera para sentir de cerca ese drama, porque tienes muchos amigos, familiares, mucha gente que lo ha hecho, est\u00e1s cerca de eso y est\u00e1s estremecido por lo que est\u00e1 pasando \u00faltimamente en Cuba. Eso facilit\u00f3 mucho el camino del di\u00e1logo, de la comprensi\u00f3n con los actores. Escrib\u00ed el guion con ese elemento siempre presente\u201d, se\u00f1al\u00f3.<\/p>\n\n\n\n<p>Si bien la pel\u00edcula est\u00e1 profundamente anclada en la experiencia cubana, su mensaje resuena m\u00e1s all\u00e1 de las fronteras de la isla. \u201cAdi\u00f3s Cuba\u201d es un relato sobre la identidad, el exilio, la resistencia y la necesidad de crear. Seg\u00fan el propio Rolando D\u00edaz, no s\u00f3lo busca retratar la realidad cubana, sino que tambi\u00e9n quiere conectar con cualquier persona que haya experimentado el desarraigo. \u201cEs una pel\u00edcula que habla de todos los exiliados, no solo de los cubanos. Es un tema universal, porque el dolor de dejar el hogar es algo que todos podemos entender\u201d.<\/p>\n\n\n\n<p>El estreno comercial, con alfombra roja e invitados especiales, se celebrar\u00e1 el viernes 18 de abril, a las 6:00 pm. En el Dolphin Mall de Miami. https:\/\/www.cmxcinemas.com\/movies\/adios-cuba-spanish-eng-sub<\/p>\n\n\n\n<p>Website: https:\/\/adioscubafilm.com<\/p>\n\n\n\n<p>Instagram: @adioscubaoficial<\/p>\n\n\n\n<p>Trailer: https:\/\/youtu.be\/zDE7hD7a2HI<\/p>\n\n\n\n<p>YouTube: https:\/\/www.youtube.com\/@adioscubaoficial<\/p>\n\n\n\n<p>CONTACTO DE MEDIOS:<\/p>\n\n\n\n<p>Aileen Abella<\/p>\n\n\n\n<p>A\u00b2 Media<\/p>\n\n\n\n<p>aileen@aileenabella.com<\/p>\n\n\n\n<p>+1 (305) 310-6377<\/p>\n","protected":false},"excerpt":{"rendered":"<p>La pel\u00edcula \u201cAdi\u00f3s Cuba\u201d, del reconocido cineasta Rolando D\u00edaz, se estren\u00f3 mundialmente en la 42\u00b0 edici\u00f3n del Festival de Cine de Miami, con el apoyo de ArtesMiami y FlixLatino. La cinta tiene un elenco de grandes actores: Yuliet Cruz, Frank Moreno, Betiza Bismark y Grisell Monz\u00f3n. D\u00edaz, quien reside en Espa\u00f1a desde 1991, ha logrado [&hellip;]<\/p>\n","protected":false},"author":7,"featured_media":608210,"comment_status":"closed","ping_status":"closed","sticky":false,"template":"","format":"standard","meta":{"footnotes":""},"categories":[25],"tags":[2200],"class_list":["post-608205","post","type-post","status-publish","format-standard","has-post-thumbnail","hentry","category-gente","tag-adios-cuba"],"_links":{"self":[{"href":"https:\/\/diariodominicano.com\/index.php?rest_route=\/wp\/v2\/posts\/608205","targetHints":{"allow":["GET"]}}],"collection":[{"href":"https:\/\/diariodominicano.com\/index.php?rest_route=\/wp\/v2\/posts"}],"about":[{"href":"https:\/\/diariodominicano.com\/index.php?rest_route=\/wp\/v2\/types\/post"}],"author":[{"embeddable":true,"href":"https:\/\/diariodominicano.com\/index.php?rest_route=\/wp\/v2\/users\/7"}],"replies":[{"embeddable":true,"href":"https:\/\/diariodominicano.com\/index.php?rest_route=%2Fwp%2Fv2%2Fcomments&post=608205"}],"version-history":[{"count":1,"href":"https:\/\/diariodominicano.com\/index.php?rest_route=\/wp\/v2\/posts\/608205\/revisions"}],"predecessor-version":[{"id":608211,"href":"https:\/\/diariodominicano.com\/index.php?rest_route=\/wp\/v2\/posts\/608205\/revisions\/608211"}],"wp:featuredmedia":[{"embeddable":true,"href":"https:\/\/diariodominicano.com\/index.php?rest_route=\/wp\/v2\/media\/608210"}],"wp:attachment":[{"href":"https:\/\/diariodominicano.com\/index.php?rest_route=%2Fwp%2Fv2%2Fmedia&parent=608205"}],"wp:term":[{"taxonomy":"category","embeddable":true,"href":"https:\/\/diariodominicano.com\/index.php?rest_route=%2Fwp%2Fv2%2Fcategories&post=608205"},{"taxonomy":"post_tag","embeddable":true,"href":"https:\/\/diariodominicano.com\/index.php?rest_route=%2Fwp%2Fv2%2Ftags&post=608205"}],"curies":[{"name":"wp","href":"https:\/\/api.w.org\/{rel}","templated":true}]}}